{"id":206527,"date":"2023-06-12T14:02:11","date_gmt":"2023-06-12T19:02:11","guid":{"rendered":"https:\/\/www.medellin.gov.co\/es\/?p=206527"},"modified":"2023-06-12T14:02:11","modified_gmt":"2023-06-12T19:02:11","slug":"la-alcaldia-de-medellin-abre-convocatoria-para-empresas-que-quieran-aumentar-sus-ventas-y-tener-soluciones-sostenibles","status":"publish","type":"post","link":"https:\/\/www.medellin.gov.co\/es\/sala-de-prensa\/noticias\/la-alcaldia-de-medellin-abre-convocatoria-para-empresas-que-quieran-aumentar-sus-ventas-y-tener-soluciones-sostenibles\/","title":{"rendered":"La Alcald\u00eda de Medell\u00edn abre convocatoria para empresas que quieran aumentar sus ventas y tener soluciones sostenibles"},"content":{"rendered":"<ul>\n<li>Los interesados se pueden inscribir en la p\u00e1gina web <a href=\"http:\/\/www.medellindigital.gov.co\" target=\"_blank\" rel=\"noopener\">www.medellindigital.gov.co<\/a>.<\/li>\n<li>Las empresas que han participado antes han logrado ahorros de hasta $120 millones, cada una.<\/li>\n<li>Los participantes podr\u00e1n generar soluciones sostenibles en \u00e1reas como el consumo de agua, la eficiencia energ\u00e9tica y la reducci\u00f3n de emisiones, entre otros.<\/li>\n<\/ul>\n<!--[if lt IE 9]><script>document.createElement('audio');<\/script><![endif]-->\n\t<div class=\"wp-playlist wp-audio-playlist wp-playlist-light\">\n\t\t\t<div class=\"wp-playlist-current-item\"><\/div>\n\t\t<audio controls=\"controls\" preload=\"none\" width=\"640\"\n\t\t\t><\/audio>\n\t<div class=\"wp-playlist-next\"><\/div>\n\t<div class=\"wp-playlist-prev\"><\/div>\n\t<noscript>\n\t<ol>\n\t\t<li><a href='https:\/\/www.medellin.gov.co\/es\/wp-content\/uploads\/2023\/06\/gestores-sostenibilidad.mp3'>Palabras de Mauricio Valencia, secretario de Desarrollo Econo\u0301mico.<\/a><\/li>\t<\/ol>\n\t<\/noscript>\n\t<script type=\"application\/json\" class=\"wp-playlist-script\">{\"type\":\"audio\",\"tracklist\":true,\"tracknumbers\":true,\"images\":true,\"artists\":true,\"tracks\":[{\"src\":\"https:\\\/\\\/www.medellin.gov.co\\\/es\\\/wp-content\\\/uploads\\\/2023\\\/06\\\/gestores-sostenibilidad.mp3\",\"type\":\"audio\\\/mpeg\",\"title\":\"Palabras de Mauricio Valencia, secretario de Desarrollo Econo\\u0301mico.\",\"caption\":\"\",\"description\":\"Palabras de Mauricio Valencia, secretario de Desarrollo Econo\\u0301mico.\",\"meta\":{\"length_formatted\":\"0:48\"},\"image\":{\"src\":\"https:\\\/\\\/www.medellin.gov.co\\\/es\\\/wp-includes\\\/images\\\/media\\\/audio.png\",\"width\":48,\"height\":64},\"thumb\":{\"src\":\"https:\\\/\\\/www.medellin.gov.co\\\/es\\\/wp-includes\\\/images\\\/media\\\/audio.png\",\"width\":48,\"height\":64}}]}<\/script>\n<\/div>\n\t\n<p><span style=\"font-weight: 400;\">Hasta el 16 de julio estar\u00e1 abierta la convocatoria de los programas Gestores de Sostenibilidad y Enplanta, liderados por la Alcald\u00eda de Medell\u00edn, a trav\u00e9s de los cuales se busca fortalecer y mejorar las capacidades empresariales de 169 participantes para que puedan enfrentar, de manera efectiva, los retos actuales del mercado.\u00a0<\/span><\/p>\n<p><i><span style=\"font-weight: 400;\">\u201cDesde la Alcald\u00eda de Medell\u00edn queremos invitar a todos los empresarios que quieran mejorar su productividad a participar en el programa Enplanta, en el cual van a incorporar diferentes metodolog\u00edas para hacer las cosas de la mejor manera, en menos tiempo y con menos recursos. Los empresarios que han participado en las ediciones anteriores han logrado ahorros cercanos a $120 millones, cada uno\u201d, <\/span><\/i><span style=\"font-weight: 400;\">expres\u00f3 el secretario de Desarrollo Econ\u00f3mico, Mauricio Valencia.<\/span><\/p>\n<p><span style=\"font-weight: 400;\">En la edici\u00f3n de 2023, se espera beneficiar a 50 empresas que podr\u00e1n ampliar sus capacidades y conocimientos en tres aspectos principales: incrementar la eficiencia operacional, aumentar las ventas y fortalecer su productividad mediante la implementaci\u00f3n de estrategias de transformaci\u00f3n digital.<\/span><\/p>\n<p><span style=\"font-weight: 400;\">Por su parte, el programa Gestores de Sostenibilidad tiene como objetivo promover una cultura de sostenibilidad al interior de las organizaciones. Este a\u00f1o, se espera que participen 119 empresas que generar\u00e1n soluciones sostenibles en \u00e1reas como el consumo de agua, la eficiencia energ\u00e9tica, la reducci\u00f3n de emisiones y la gesti\u00f3n de residuos s\u00f3lidos, lo que tendr\u00e1 un impacto sostenible en el medio ambiente, la econom\u00eda y la sociedad, incluyendo la gesti\u00f3n de colaboradores.<\/span><\/p>\n<div id=\"attachment_206536\" style=\"width: 1034px\" class=\"wp-caption alignnone\"><a href=\"https:\/\/www.medellin.gov.co\/es\/wp-content\/uploads\/2023\/06\/gestores-sostenibilidad-2.jpeg\" target=\"_blank\" rel=\"noopener\"><img aria-describedby=\"caption-attachment-206536\" loading=\"lazy\" class=\"wp-image-206536 size-full\" title=\"Gestores de Sostenibilidad\" src=\"https:\/\/www.medellin.gov.co\/es\/wp-content\/uploads\/2023\/06\/gestores-sostenibilidad-2.jpeg\" alt=\"Gestores de Sostenibilidad\" width=\"1024\" height=\"683\" srcset=\"https:\/\/www.medellin.gov.co\/es\/wp-content\/uploads\/2023\/06\/gestores-sostenibilidad-2.jpeg 1024w, https:\/\/www.medellin.gov.co\/es\/wp-content\/uploads\/2023\/06\/gestores-sostenibilidad-2-300x200.jpeg 300w, https:\/\/www.medellin.gov.co\/es\/wp-content\/uploads\/2023\/06\/gestores-sostenibilidad-2-150x100.jpeg 150w, https:\/\/www.medellin.gov.co\/es\/wp-content\/uploads\/2023\/06\/gestores-sostenibilidad-2-768x512.jpeg 768w\" sizes=\"(max-width: 1024px) 100vw, 1024px\" \/><\/a><p id=\"caption-attachment-206536\" class=\"wp-caption-text\">Gestores de Sostenibilidad &#8211; Foto: Alcald\u00eda de Medell\u00edn<\/p><\/div>\n<p><span style=\"font-weight: 400;\">Ambos programas contar\u00e1n con un equipo de especialistas altamente capacitados que brindar\u00e1n asesor\u00eda y acompa\u00f1amiento personalizado a cada empresa participante, abordando sus necesidades espec\u00edficas. Este acompa\u00f1amiento se dar\u00e1 por parte de la Corporaci\u00f3n Centro de Ciencia y Tecnolog\u00eda de Antioquia (CTA), una entidad con amplia experiencia y conocimientos, que ser\u00e1 la responsable de la implementaci\u00f3n de ambos componentes y evaluar\u00e1 la elecci\u00f3n de las empresas para participar en funci\u00f3n de los requisitos establecidos.<\/span><\/p>\n<p><span style=\"font-weight: 400;\">Las empresas interesadas deben contar con al menos seis meses de constituci\u00f3n ante la C\u00e1mara de Comercio de Medell\u00edn para Antioquia, tener domicilio en Medell\u00edn, contar con entre tres y 300 colaboradores, capacidad para destinar tres personas de su organizaci\u00f3n para realizar el proceso y, por \u00faltimo, no estar participando en otro programa de la Secretar\u00eda de Desarrollo Econ\u00f3mico de Medell\u00edn.<\/span><\/p>\n<p><span style=\"font-weight: 400;\">Los interesados deben ingresar a la p\u00e1gina web <\/span><a href=\"http:\/\/www.medellindigital.gov.co\" target=\"_blank\" rel=\"noopener\"><span style=\"font-weight: 400;\">www.medellindigital.gov.co<\/span><\/a><span style=\"font-weight: 400;\">. Quienes requieran m\u00e1s informaci\u00f3n la pueden encontrar en la p\u00e1gina mencionada o escribiendo a la l\u00ednea de WhatsApp 3145671214.<\/span><\/p>\n","protected":false},"excerpt":{"rendered":"<p>Los interesados se pueden inscribir en la p\u00e1gina web www.medellindigital.gov.co. Las empresas que han participado antes han logrado ahorros de hasta $120 millones, cada una. Los participantes podr\u00e1n generar soluciones sostenibles en \u00e1reas como el &#8230;<\/p>\n","protected":false},"author":4,"featured_media":206533,"comment_status":"open","ping_status":"open","sticky":false,"template":"","format":"standard","meta":[],"categories":[3],"tags":[433,428],"formato_nota":[],"programas_tax":[],"acf":[],"_links":{"self":[{"href":"https:\/\/www.medellin.gov.co\/es\/wp-json\/wp\/v2\/posts\/206527"}],"collection":[{"href":"https:\/\/www.medellin.gov.co\/es\/wp-json\/wp\/v2\/posts"}],"about":[{"href":"https:\/\/www.medellin.gov.co\/es\/wp-json\/wp\/v2\/types\/post"}],"author":[{"embeddable":true,"href":"https:\/\/www.medellin.gov.co\/es\/wp-json\/wp\/v2\/users\/4"}],"replies":[{"embeddable":true,"href":"https:\/\/www.medellin.gov.co\/es\/wp-json\/wp\/v2\/comments?post=206527"}],"version-history":[{"count":1,"href":"https:\/\/www.medellin.gov.co\/es\/wp-json\/wp\/v2\/posts\/206527\/revisions"}],"predecessor-version":[{"id":206539,"href":"https:\/\/www.medellin.gov.co\/es\/wp-json\/wp\/v2\/posts\/206527\/revisions\/206539"}],"wp:featuredmedia":[{"embeddable":true,"href":"https:\/\/www.medellin.gov.co\/es\/wp-json\/wp\/v2\/media\/206533"}],"wp:attachment":[{"href":"https:\/\/www.medellin.gov.co\/es\/wp-json\/wp\/v2\/media?parent=206527"}],"wp:term":[{"taxonomy":"category","embeddable":true,"href":"https:\/\/www.medellin.gov.co\/es\/wp-json\/wp\/v2\/categories?post=206527"},{"taxonomy":"post_tag","embeddable":true,"href":"https:\/\/www.medellin.gov.co\/es\/wp-json\/wp\/v2\/tags?post=206527"},{"taxonomy":"formato_nota","embeddable":true,"href":"https:\/\/www.medellin.gov.co\/es\/wp-json\/wp\/v2\/formato_nota?post=206527"},{"taxonomy":"programas_tax","embeddable":true,"href":"https:\/\/www.medellin.gov.co\/es\/wp-json\/wp\/v2\/programas_tax?post=206527"}],"curies":[{"name":"wp","href":"https:\/\/api.w.org\/{rel}","templated":true}]}}