{"id":206542,"date":"2023-06-12T14:13:11","date_gmt":"2023-06-12T19:13:11","guid":{"rendered":"https:\/\/www.medellin.gov.co\/es\/?p=206542"},"modified":"2023-06-12T14:13:11","modified_gmt":"2023-06-12T19:13:11","slug":"durante-el-cuatrienio-se-han-generado-mas-de-9-000-acciones-de-prevencion-con-miras-a-erradicar-el-trabajo-infantil-en-medellin","status":"publish","type":"post","link":"https:\/\/www.medellin.gov.co\/es\/sala-de-prensa\/noticias\/durante-el-cuatrienio-se-han-generado-mas-de-9-000-acciones-de-prevencion-con-miras-a-erradicar-el-trabajo-infantil-en-medellin\/","title":{"rendered":"Durante el cuatrienio se han generado m\u00e1s de 9.000 acciones de prevenci\u00f3n con miras a erradicar el trabajo infantil en Medell\u00edn"},"content":{"rendered":"<ul>\n<li>En lo que va de esta administraci\u00f3n, 706 ni\u00f1as, ni\u00f1os y adolescentes han sido protegidos desde la administraci\u00f3n Distrital por trabajo infantil.<\/li>\n<li>En el marco del mes contra el trabajo infantil, el Distrito realiza varias acciones l\u00fadico pedag\u00f3gicas\u00a0 de movilizaci\u00f3n y sensibilizaci\u00f3n a la comunidad para evitar esta vulneraci\u00f3n.<\/li>\n<li>Desde la Secretar\u00eda de Inclusi\u00f3n Social, Familia y Derechos Humanos se realizan diariamente acciones de acompa\u00f1amiento psicosocial, familiar y cultural en territorio, a quienes son v\u00edctimas o est\u00e1n en riesgo de caer en esta actividad.<\/li>\n<\/ul>\n<!--[if lt IE 9]><script>document.createElement('audio');<\/script><![endif]-->\n\t<div class=\"wp-playlist wp-audio-playlist wp-playlist-light\">\n\t\t\t<div class=\"wp-playlist-current-item\"><\/div>\n\t\t<audio controls=\"controls\" preload=\"none\" width=\"640\"\n\t\t\t><\/audio>\n\t<div class=\"wp-playlist-next\"><\/div>\n\t<div class=\"wp-playlist-prev\"><\/div>\n\t<noscript>\n\t<ol>\n\t\t<li><a href='https:\/\/www.medellin.gov.co\/es\/wp-content\/uploads\/2023\/06\/trabajo-infanti-en-medellin.mp3'>Palabras de Isabel Cristina Cadavid \u00c1lvarez, secretaria de Inclusi\u00f3n Social, Familia y Derechos Humanos.<\/a><\/li>\t<\/ol>\n\t<\/noscript>\n\t<script type=\"application\/json\" class=\"wp-playlist-script\">{\"type\":\"audio\",\"tracklist\":true,\"tracknumbers\":true,\"images\":true,\"artists\":true,\"tracks\":[{\"src\":\"https:\\\/\\\/www.medellin.gov.co\\\/es\\\/wp-content\\\/uploads\\\/2023\\\/06\\\/trabajo-infanti-en-medellin.mp3\",\"type\":\"audio\\\/mpeg\",\"title\":\"Palabras de Isabel Cristina Cadavid \\u00c1lvarez, secretaria de Inclusi\\u00f3n Social, Familia y Derechos Humanos.\",\"caption\":\"\",\"description\":\"\\u00abtrabajo-infanti-en-medellin\\u00bb. Lanzamiento: 2023.\",\"meta\":{\"year\":\"2023\",\"length_formatted\":\"0:44\"},\"image\":{\"src\":\"https:\\\/\\\/www.medellin.gov.co\\\/es\\\/wp-includes\\\/images\\\/media\\\/audio.png\",\"width\":48,\"height\":64},\"thumb\":{\"src\":\"https:\\\/\\\/www.medellin.gov.co\\\/es\\\/wp-includes\\\/images\\\/media\\\/audio.png\",\"width\":48,\"height\":64}}]}<\/script>\n<\/div>\n\t\n<p><span style=\"font-weight: 400;\">En el d\u00eda mundial contra el trabajo infantil, que se conmemora este 12 de junio, el Distrito\u00a0 ha generado, en el cuatrienio, m\u00e1s de 9.000<\/span> <span style=\"font-weight: 400;\">acciones para prevenir el trabajo infantil en las 16 comunas y los cinco corregimientos. Estas actividades se desarrollan por fuera de la jornada escolar de las ni\u00f1as, ni\u00f1os y adolescentes y cuentan con acompa\u00f1amiento psicosocial, familiar y cultural, en jornadas l\u00fadicas con m\u00fasica, teatro, literatura y arte. \u00a0<\/span><\/p>\n<p><span style=\"font-weight: 400;\">La Alcald\u00eda de Medell\u00edn ha atendido, durante la actual administraci\u00f3n 21.138<\/span> <span style=\"font-weight: 400;\">ni\u00f1as, ni\u00f1os y adolescentes con acciones de promoci\u00f3n de derechos y prevenci\u00f3n de diferentes vulneraciones y se han acompa\u00f1ado 5.092 familias para fomentar los entornos protectores y el emprendimiento, con miras a evitar el trabajo infantil.<\/span><\/p>\n<p><span style=\"font-weight: 400;\">De igual manera,\u00a0 durante esta administraci\u00f3n, la secretar\u00eda de Inclusi\u00f3n Social, Familia y Derechos Humanos ha restablecido los derechos de 706 ni\u00f1as, ni\u00f1os y adolescentes que estaban en riesgo de trabajo infantil.<\/span><\/p>\n<p><span style=\"font-weight: 400;\">El trabajo infantil es una vulneraci\u00f3n a los derechos de las ni\u00f1as, ni\u00f1os y adolescentes, definido por la Organizaci\u00f3n Internacional del Trabajo (OIT)\u00a0 como la actividad de lucro econ\u00f3mico, f\u00edsica o intelectual, que priva a las infancias de su ni\u00f1ez, su potencial, su dignidad y que es perjudicial para su desarrollo f\u00edsico y psicol\u00f3gico de forma integral.\u00a0<\/span><\/p>\n<p><i><span style=\"font-weight: 400;\">\u201cEstamos comprometidos con el presente y el futuro de nuestras ni\u00f1as, ni\u00f1os y adolescentes es por esto que continuamos generando estrategias que nos permitan combatir el flagelo de la explotaci\u00f3n infantil. Es as\u00ed como desde el Distrito venimos generando distintas estrategias que nos permitan un acompa\u00f1amiento familiar para estos entornos protectores\u201d, <\/span><\/i><span style=\"font-weight: 400;\">\u00a0indic\u00f3 la secretaria de Inclusi\u00f3n Social, Familia y Derechos Humanos, Isabel Cristina Cadavid \u00c1lvarez.\u00a0\u00a0<\/span><\/p>\n<p><span style=\"font-weight: 400;\">Durante este mes, se realizar\u00e1n diversas actividades l\u00fadicas de toma de conciencia en contra del trabajo infantil como son: movilizaci\u00f3n que estudien y que jueguen, sus derechos se protegen el d\u00eda 13 de junio de 10:00 de la ma\u00f1ana a 12:00 m, saliendo de la entrada principal de la Plaza De Mercado La Minorista, Jos\u00e9 Mar\u00eda Villa; el 23 de junio la Movilizaci\u00f3n contra el trabajo infantil a las 3:00 p.m, en la Corporaci\u00f3n Viviendo juntos y\u00a0 el conversatorio: Pr\u00e1cticas Para La Prevenci\u00f3n Del Trabajo Infantil: \u00abCuidemos la ni\u00f1ez, est\u00e1 llena de sue\u00f1os\u00bb en el segundo piso de del Centro Administrativo\u00a0 La Alpujarra.<\/span><\/p>\n<div id=\"attachment_206545\" style=\"width: 1210px\" class=\"wp-caption alignnone\"><a href=\"https:\/\/www.medellin.gov.co\/es\/wp-content\/uploads\/2023\/06\/contra-trabaj-infantil-2.jpg\" target=\"_blank\" rel=\"noopener\"><img aria-describedby=\"caption-attachment-206545\" loading=\"lazy\" class=\"wp-image-206545 size-full\" title=\"Erradicar el trabajo infantil en Medell\u00edn\" src=\"https:\/\/www.medellin.gov.co\/es\/wp-content\/uploads\/2023\/06\/contra-trabaj-infantil-2.jpg\" alt=\"Erradicar el trabajo infantil en Medell\u00edn\" width=\"1200\" height=\"800\" srcset=\"https:\/\/www.medellin.gov.co\/es\/wp-content\/uploads\/2023\/06\/contra-trabaj-infantil-2.jpg 1200w, https:\/\/www.medellin.gov.co\/es\/wp-content\/uploads\/2023\/06\/contra-trabaj-infantil-2-300x200.jpg 300w, https:\/\/www.medellin.gov.co\/es\/wp-content\/uploads\/2023\/06\/contra-trabaj-infantil-2-1024x683.jpg 1024w, https:\/\/www.medellin.gov.co\/es\/wp-content\/uploads\/2023\/06\/contra-trabaj-infantil-2-150x100.jpg 150w, https:\/\/www.medellin.gov.co\/es\/wp-content\/uploads\/2023\/06\/contra-trabaj-infantil-2-768x512.jpg 768w\" sizes=\"(max-width: 1200px) 100vw, 1200px\" \/><\/a><p id=\"caption-attachment-206545\" class=\"wp-caption-text\">Erradicar el trabajo infantil en Medell\u00edn &#8211; Foto: Alcald\u00eda de Medell\u00edn<\/p><\/div>\n<p><span style=\"font-weight: 400;\">Estas actividades se desarrollan en articulaci\u00f3n con el Instituto Colombiano de Bienestar Familiar, la Polic\u00eda de Infancia y Adolescencia, el Ministerio del Trabajo, la Corporaci\u00f3n Educativa Combos, Corporaci\u00f3n viviendo Juntos, la Subcomisi\u00f3n de infancia, el Metro de Medell\u00edn y el Instituto Tecnol\u00f3gico Metropolitano (ITM).<\/span><\/p>\n<p><i><span style=\"font-weight: 400;\">\u201cEl proyecto Medell\u00edn Cuida a sus ni\u00f1as, ni\u00f1os y adolescentes realiza permanentemente acciones para la promoci\u00f3n de derechos y prevenci\u00f3n de vulneraciones. Para esto, nuestros equipos en territorio realizan acciones pedag\u00f3gicas y de sensibilizaci\u00f3n que permiten prevenir el trabajo infantil. Estas acciones est\u00e1n orientadas a que las familias accedan a la oferta institucional que va a permitir la garant\u00eda de derechos y adem\u00e1s se orientan en las rutas de atenci\u00f3n\u201d, <\/span><\/i><span style=\"font-weight: 400;\">indic\u00f3 <\/span><span style=\"font-weight: 400;\">Katherine Mosquera Lozano, <\/span><span style=\"font-weight: 400;\">Coordinadora del Componente de Restablecimiento de Derechos de Ni\u00f1as, Ni\u00f1os y Adolescentes de la <\/span><span style=\"font-weight: 400;\">Secretar\u00eda de Inclusi\u00f3n Social, Familia y Derechos Humanos.<\/span><\/p>\n<p><span style=\"font-weight: 400;\">Desde la Administraci\u00f3n Distrital se han fortalecido las estrategias de atenci\u00f3n en el territorio. Por medio de recorridos nocturnos y diurnos que buscan identificar posibles amenazas o vulneraciones de derechos y se inician los protocolos de intervenci\u00f3n con acompa\u00f1amiento desde la palabra, la asesor\u00eda individual y la educaci\u00f3n experiencial para aportar a la transformaci\u00f3n de sus din\u00e1micas sociales y familiares.<\/span><\/p>\n<p><span style=\"font-weight: 400;\">La Administraci\u00f3n Distrital seguir\u00e1 trabajando por los derechos de las ni\u00f1as, ni\u00f1os y adolescentes e invit\u00e1ndolos a ellos y sus familias, a construir la Medell\u00edn Futuro que se merecen, fortaleciendo los espacios de juego, l\u00fadica y aprendizaje y generando entornos protectores de posibles vulneraciones.\u00a0<\/span><\/p>\n<p><span style=\"font-weight: 400;\">Igualmente se invita\u00a0 a la ciudadan\u00eda a seguir denunciando cualquier agresi\u00f3n en contra de la ni\u00f1ez y adolescencia, a trav\u00e9s de los canales habilitados: l\u00edneas 123 Social y 141 del ICBF o en el correo electr\u00f3nico <\/span><a href=\"mailto:atencion.ciudadano@medellin.gov.co\" target=\"_blank\" rel=\"noopener\"><span style=\"font-weight: 400;\">atencion.ciudadano@medellin.gov.co<\/span><\/a><\/p>\n","protected":false},"excerpt":{"rendered":"<p>En lo que va de esta administraci\u00f3n, 706 ni\u00f1as, ni\u00f1os y adolescentes han sido protegidos desde la administraci\u00f3n Distrital por trabajo infantil. En el marco del mes contra el trabajo infantil, el Distrito realiza varias &#8230;<\/p>\n","protected":false},"author":4,"featured_media":206543,"comment_status":"open","ping_status":"open","sticky":false,"template":"","format":"standard","meta":[],"categories":[1],"tags":[451,455],"formato_nota":[],"programas_tax":[],"acf":[],"_links":{"self":[{"href":"https:\/\/www.medellin.gov.co\/es\/wp-json\/wp\/v2\/posts\/206542"}],"collection":[{"href":"https:\/\/www.medellin.gov.co\/es\/wp-json\/wp\/v2\/posts"}],"about":[{"href":"https:\/\/www.medellin.gov.co\/es\/wp-json\/wp\/v2\/types\/post"}],"author":[{"embeddable":true,"href":"https:\/\/www.medellin.gov.co\/es\/wp-json\/wp\/v2\/users\/4"}],"replies":[{"embeddable":true,"href":"https:\/\/www.medellin.gov.co\/es\/wp-json\/wp\/v2\/comments?post=206542"}],"version-history":[{"count":1,"href":"https:\/\/www.medellin.gov.co\/es\/wp-json\/wp\/v2\/posts\/206542\/revisions"}],"predecessor-version":[{"id":206548,"href":"https:\/\/www.medellin.gov.co\/es\/wp-json\/wp\/v2\/posts\/206542\/revisions\/206548"}],"wp:featuredmedia":[{"embeddable":true,"href":"https:\/\/www.medellin.gov.co\/es\/wp-json\/wp\/v2\/media\/206543"}],"wp:attachment":[{"href":"https:\/\/www.medellin.gov.co\/es\/wp-json\/wp\/v2\/media?parent=206542"}],"wp:term":[{"taxonomy":"category","embeddable":true,"href":"https:\/\/www.medellin.gov.co\/es\/wp-json\/wp\/v2\/categories?post=206542"},{"taxonomy":"post_tag","embeddable":true,"href":"https:\/\/www.medellin.gov.co\/es\/wp-json\/wp\/v2\/tags?post=206542"},{"taxonomy":"formato_nota","embeddable":true,"href":"https:\/\/www.medellin.gov.co\/es\/wp-json\/wp\/v2\/formato_nota?post=206542"},{"taxonomy":"programas_tax","embeddable":true,"href":"https:\/\/www.medellin.gov.co\/es\/wp-json\/wp\/v2\/programas_tax?post=206542"}],"curies":[{"name":"wp","href":"https:\/\/api.w.org\/{rel}","templated":true}]}}