{"id":206673,"date":"2023-06-13T11:39:02","date_gmt":"2023-06-13T16:39:02","guid":{"rendered":"https:\/\/www.medellin.gov.co\/es\/?p=206673"},"modified":"2023-06-14T11:37:48","modified_gmt":"2023-06-14T16:37:48","slug":"lo-que-debes-tener-en-cuenta-sobre-el-pico-y-placa","status":"publish","type":"post","link":"https:\/\/www.medellin.gov.co\/es\/sala-de-prensa\/noticias\/lo-que-debes-tener-en-cuenta-sobre-el-pico-y-placa\/","title":{"rendered":"Lo que debes tener en cuenta sobre el Pico y Placa"},"content":{"rendered":"<p>El pico y placa es una restricci\u00f3n vehicular como alternativa de gesti\u00f3n de la movilidad para racionalizar el uso de la v\u00eda ante la alta demanda. Este impone una restricci\u00f3n de circulaci\u00f3n obligatoria en el \u00e1rea urbana para veh\u00edculos privados y de servicio p\u00fablico.<\/p>\n<p>En Medell\u00edn el pico y placa rige a partir de las 5:00 a.m. hasta las 8:00 p.m. y aplica en todo el territorio urbano, exceptuando los cinco corregimientos. Es importante conocer que el incumplimiento de esta medida genera una multa de 580.000 pesos y la inmovilizaci\u00f3n del veh\u00edculo.<\/p>\n<p><a href=\"https:\/\/www.medellin.gov.co\/es\/wp-content\/uploads\/2023\/06\/Sanciones-pico-y-placa-segundo-semestre-2023.jpg\" target=\"_blank\" rel=\"noopener\"><img loading=\"lazy\" class=\"alignnone wp-image-205724 size-full\" title=\"Pico y Placa segundo semestre 2023\" src=\"https:\/\/www.medellin.gov.co\/es\/wp-content\/uploads\/2023\/06\/Sanciones-pico-y-placa-segundo-semestre-2023.jpg\" alt=\"Pico y Placa segundo semestre 2023\" width=\"923\" height=\"928\" srcset=\"https:\/\/www.medellin.gov.co\/es\/wp-content\/uploads\/2023\/06\/Sanciones-pico-y-placa-segundo-semestre-2023.jpg 923w, https:\/\/www.medellin.gov.co\/es\/wp-content\/uploads\/2023\/06\/Sanciones-pico-y-placa-segundo-semestre-2023-298x300.jpg 298w, https:\/\/www.medellin.gov.co\/es\/wp-content\/uploads\/2023\/06\/Sanciones-pico-y-placa-segundo-semestre-2023-150x150.jpg 150w, https:\/\/www.medellin.gov.co\/es\/wp-content\/uploads\/2023\/06\/Sanciones-pico-y-placa-segundo-semestre-2023-768x772.jpg 768w\" sizes=\"(max-width: 923px) 100vw, 923px\" \/><\/a><\/p>\n<p>El Pico y Placa se aplica de acuerdo con el \u00faltimo n\u00famero de placa para autos y con el primer n\u00famero de placa para las motocicletas de dos y cuatro tiempos. Se rota diariamente de acuerdo con los n\u00fameros establecidos por sorteo semestralmente.<\/p>\n<p>El inicio del pico y placa del segundo semestre del a\u00f1o 2023 aplicar\u00e1 a partir del 17 de julio y contar\u00e1 con una semana pedag\u00f3gica para infractores.<\/p>\n<p>El Pico y Placa tiene los siguientes beneficios para la ciudad:<\/p>\n<ul>\n<li>Libera la tensi\u00f3n por carga vehicular sobre la v\u00eda p\u00fablica durante las horas de mayor tr\u00e1fico.<\/li>\n<li>Reduce el nivel de emisiones contaminantes.<\/li>\n<li>Disminuye los riesgos de accidentalidad.<\/li>\n<li>Incentiva el uso del transporte p\u00fablico.<\/li>\n<li>Promueve el uso de la movilidad alternativa.<\/li>\n<li>Fomenta la conciencia ciudadana sobre el uso de veh\u00edculos particulares.<\/li>\n<li>Estimula el uso compartido del carro<\/li>\n<\/ul>\n<p><a href=\"Pico y Placa segundo semestre 2023\" target=\"_blank\" rel=\"noopener\"><img loading=\"lazy\" class=\"alignnone wp-image-205729 size-full\" title=\"Rotaci\u00f3n pico y placa segundo semestre 2023\" src=\"https:\/\/www.medellin.gov.co\/es\/wp-content\/uploads\/2023\/06\/Rotacion-pico-y-placa-segundo-semestre-2023.jpg\" alt=\"Rotaci\u00f3n pico y placa segundo semestre 2023\" width=\"931\" height=\"931\" srcset=\"https:\/\/www.medellin.gov.co\/es\/wp-content\/uploads\/2023\/06\/Rotacion-pico-y-placa-segundo-semestre-2023.jpg 931w, https:\/\/www.medellin.gov.co\/es\/wp-content\/uploads\/2023\/06\/Rotacion-pico-y-placa-segundo-semestre-2023-300x300.jpg 300w, https:\/\/www.medellin.gov.co\/es\/wp-content\/uploads\/2023\/06\/Rotacion-pico-y-placa-segundo-semestre-2023-150x150.jpg 150w, https:\/\/www.medellin.gov.co\/es\/wp-content\/uploads\/2023\/06\/Rotacion-pico-y-placa-segundo-semestre-2023-768x768.jpg 768w\" sizes=\"(max-width: 931px) 100vw, 931px\" \/><\/a><\/p>\n<p><strong>Exenciones al Pico y Placa<\/strong><br \/>\nEn Medell\u00edn est\u00e1n exentos de la medida de Pico y Placa los siguientes veh\u00edculos:<\/p>\n<ul>\n<li>Ambulancias<\/li>\n<li>Carros de bomberos<\/li>\n<li>Gr\u00faas y veh\u00edculos que transporten equipos para la atenci\u00f3n de emergencias.<\/li>\n<li>Veh\u00edculos de servicio de transporte terrestre.<\/li>\n<li>Veh\u00edculos destinados a la prestaci\u00f3n de servicios p\u00fablicos (acueductos, alcantarillados, energ\u00eda, telefon\u00eda, gas, se\u00f1alizaci\u00f3n, semaforizaci\u00f3n, sistema de transporte p\u00fablico, entre otros).<\/li>\n<li>Veh\u00edculos de Seguridad Nacional. (Deben exhibir la imagen institucional).<\/li>\n<li>Veh\u00edculos acreditados para el transporte de valores.<\/li>\n<li>Coches funerarios.<\/li>\n<li>Veh\u00edculos de vigilancia y\/o seguridad.<\/li>\n<li>Veh\u00edculos de carga.<\/li>\n<li>Veh\u00edculos el\u00e9ctricos e h\u00edbridos.<\/li>\n<li>Veh\u00edculos para personas con discapacidad.<\/li>\n<li>Veh\u00edculos que presten atenci\u00f3n m\u00e9dica personalizada domiciliaria.<\/li>\n<li>Veh\u00edculos que realicen labores relacionadas con el rescate de \u00f3rganos, tejidos y trasplantes.<\/li>\n<li>Veh\u00edculos destinados al transporte de alimentos y\/o elementos perecederos, debidamente acreditados y vinculados a la actividad comercial.<\/li>\n<li>Veh\u00edculos de propiedad de medios de comunicaci\u00f3n.<\/li>\n<li>Veh\u00edculos destinados al control de tr\u00e1nsito.<\/li>\n<li>Veh\u00edculos acondicionados con blindaje igual o superior a nivel 3, siempre que est\u00e9n registrados en la licencia de tr\u00e1nsito.<\/li>\n<li>Veh\u00edculos consulares.<\/li>\n<\/ul>\n<p><a href=\"Rotaci\u00f3n pico y placa segundo semestre 2023\" target=\"_blank\" rel=\"noopener\"><img loading=\"lazy\" class=\"alignnone wp-image-205727 size-full\" title=\"Informaci\u00f3n pico y placa segundo semestre 2023\" src=\"https:\/\/www.medellin.gov.co\/es\/wp-content\/uploads\/2023\/06\/Informacion-pico-y-placa-segundo-semestre-2023.jpg\" alt=\"Informaci\u00f3n pico y placa segundo semestre 2023\" width=\"926\" height=\"927\" srcset=\"https:\/\/www.medellin.gov.co\/es\/wp-content\/uploads\/2023\/06\/Informacion-pico-y-placa-segundo-semestre-2023.jpg 926w, https:\/\/www.medellin.gov.co\/es\/wp-content\/uploads\/2023\/06\/Informacion-pico-y-placa-segundo-semestre-2023-300x300.jpg 300w, https:\/\/www.medellin.gov.co\/es\/wp-content\/uploads\/2023\/06\/Informacion-pico-y-placa-segundo-semestre-2023-150x150.jpg 150w, https:\/\/www.medellin.gov.co\/es\/wp-content\/uploads\/2023\/06\/Informacion-pico-y-placa-segundo-semestre-2023-768x769.jpg 768w\" sizes=\"(max-width: 926px) 100vw, 926px\" \/><\/a><\/p>\n<p>Desde la Secretar\u00eda de Movilidad del Distrito invitamos a toda la ciudadan\u00eda a ser corresponsable con el cumplimiento de las normas y acatar las recomendaciones de los agentes de tr\u00e1nsito.<\/p>\n<p>Si quieres consultar sobre el pico y placa en Medell\u00edn, adem\u00e1s de realizar tr\u00e1mites relacionados con el tr\u00e1nsito vehicular, accede a <a href=\"http:\/\/www.medell\u00edn.gov.co\/movilidadenlinea\">www.medell\u00edn.gov.co\/movilidadenlinea<\/a><\/p>\n","protected":false},"excerpt":{"rendered":"<p>El pico y placa es una restricci\u00f3n vehicular como alternativa de gesti\u00f3n de la movilidad para racionalizar el uso de la v\u00eda ante la alta demanda. Este impone una restricci\u00f3n de circulaci\u00f3n obligatoria en el &#8230;<\/p>\n","protected":false},"author":21,"featured_media":206689,"comment_status":"open","ping_status":"open","sticky":false,"template":"","format":"standard","meta":[],"categories":[14],"tags":[447,448],"formato_nota":[],"programas_tax":[],"acf":[],"_links":{"self":[{"href":"https:\/\/www.medellin.gov.co\/es\/wp-json\/wp\/v2\/posts\/206673"}],"collection":[{"href":"https:\/\/www.medellin.gov.co\/es\/wp-json\/wp\/v2\/posts"}],"about":[{"href":"https:\/\/www.medellin.gov.co\/es\/wp-json\/wp\/v2\/types\/post"}],"author":[{"embeddable":true,"href":"https:\/\/www.medellin.gov.co\/es\/wp-json\/wp\/v2\/users\/21"}],"replies":[{"embeddable":true,"href":"https:\/\/www.medellin.gov.co\/es\/wp-json\/wp\/v2\/comments?post=206673"}],"version-history":[{"count":2,"href":"https:\/\/www.medellin.gov.co\/es\/wp-json\/wp\/v2\/posts\/206673\/revisions"}],"predecessor-version":[{"id":223493,"href":"https:\/\/www.medellin.gov.co\/es\/wp-json\/wp\/v2\/posts\/206673\/revisions\/223493"}],"wp:featuredmedia":[{"embeddable":true,"href":"https:\/\/www.medellin.gov.co\/es\/wp-json\/wp\/v2\/media\/206689"}],"wp:attachment":[{"href":"https:\/\/www.medellin.gov.co\/es\/wp-json\/wp\/v2\/media?parent=206673"}],"wp:term":[{"taxonomy":"category","embeddable":true,"href":"https:\/\/www.medellin.gov.co\/es\/wp-json\/wp\/v2\/categories?post=206673"},{"taxonomy":"post_tag","embeddable":true,"href":"https:\/\/www.medellin.gov.co\/es\/wp-json\/wp\/v2\/tags?post=206673"},{"taxonomy":"formato_nota","embeddable":true,"href":"https:\/\/www.medellin.gov.co\/es\/wp-json\/wp\/v2\/formato_nota?post=206673"},{"taxonomy":"programas_tax","embeddable":true,"href":"https:\/\/www.medellin.gov.co\/es\/wp-json\/wp\/v2\/programas_tax?post=206673"}],"curies":[{"name":"wp","href":"https:\/\/api.w.org\/{rel}","templated":true}]}}