{"id":206731,"date":"2023-06-13T12:22:27","date_gmt":"2023-06-13T17:22:27","guid":{"rendered":"https:\/\/www.medellin.gov.co\/es\/?p=206731"},"modified":"2023-06-20T14:47:18","modified_gmt":"2023-06-20T19:47:18","slug":"medellin-despierta-reactivacion-economica-y-sana-convivencia-en-la-ciudad","status":"publish","type":"post","link":"https:\/\/www.medellin.gov.co\/es\/sala-de-prensa\/noticias\/medellin-despierta-reactivacion-economica-y-sana-convivencia-en-la-ciudad\/","title":{"rendered":"Medell\u00edn Despierta: reactivaci\u00f3n econ\u00f3mica y sana convivencia en la ciudad"},"content":{"rendered":"<p>En su constante b\u00fasqueda por revitalizar el comercio local y promover la convivencia ciudadana, la ciudad de Medell\u00edn se prepara para una jornada completa de reactivaci\u00f3n econ\u00f3mica.<\/p>\n<p>Los principales corredores comerciales de la ciudad extender\u00e1n su horario el s\u00e1bado 17 de junio en la primera versi\u00f3n del a\u00f1o 2023, seg\u00fan el Acuerdo 020 de 2005.<\/p>\n<p>Esta iniciativa abarcar\u00e1 diversas comunas y ofrecer\u00e1 una amplia gama de actividades l\u00fadicas, pedag\u00f3gicas y culturales para el disfrute de residentes y visitantes.<\/p>\n<p><strong>Reactivaci\u00f3n econ\u00f3mica y sana convivencia:<\/strong><\/p>\n<p>Conscientes de la importancia de impulsar la econom\u00eda local, esta iniciativa busca dinamizar los principales centros comerciales, el transporte p\u00fablico, los escenarios deportivos y otros sectores relevantes de la ciudad.<\/p>\n<p>El objetivo es fomentar un crecimiento econ\u00f3mico responsable que contribuya al bienestar de la comunidad.<\/p>\n<p>Adem\u00e1s, durante esta jornada se llevar\u00e1n a cabo actividades l\u00fadicas y pedag\u00f3gicas para promover una convivencia saludable y disminuir los actos contrarios establecidos en el C\u00f3digo Nacional de Seguridad y Convivencia Ciudadana.<\/p>\n<div id=\"attachment_206738\" style=\"width: 1610px\" class=\"wp-caption alignnone\"><a href=\"https:\/\/www.medellin.gov.co\/es\/wp-content\/uploads\/2023\/06\/Reactivacion-Economica-2.jpeg\" target=\"_blank\" rel=\"noopener\"><img aria-describedby=\"caption-attachment-206738\" loading=\"lazy\" class=\"wp-image-206738 size-full\" title=\"Medell\u00edn Despierta: reactivaci\u00f3n econ\u00f3mica y sana convivencia en la ciudad\" src=\"https:\/\/www.medellin.gov.co\/es\/wp-content\/uploads\/2023\/06\/Reactivacion-Economica-2.jpeg\" alt=\"Medell\u00edn Despierta: reactivaci\u00f3n econ\u00f3mica y sana convivencia en la ciudad\" width=\"1600\" height=\"1051\" srcset=\"https:\/\/www.medellin.gov.co\/es\/wp-content\/uploads\/2023\/06\/Reactivacion-Economica-2.jpeg 1600w, https:\/\/www.medellin.gov.co\/es\/wp-content\/uploads\/2023\/06\/Reactivacion-Economica-2-300x197.jpeg 300w, https:\/\/www.medellin.gov.co\/es\/wp-content\/uploads\/2023\/06\/Reactivacion-Economica-2-1024x673.jpeg 1024w, https:\/\/www.medellin.gov.co\/es\/wp-content\/uploads\/2023\/06\/Reactivacion-Economica-2-150x99.jpeg 150w, https:\/\/www.medellin.gov.co\/es\/wp-content\/uploads\/2023\/06\/Reactivacion-Economica-2-768x504.jpeg 768w, https:\/\/www.medellin.gov.co\/es\/wp-content\/uploads\/2023\/06\/Reactivacion-Economica-2-1536x1009.jpeg 1536w\" sizes=\"(max-width: 1600px) 100vw, 1600px\" \/><\/a><p id=\"caption-attachment-206738\" class=\"wp-caption-text\">Medell\u00edn Despierta: reactivaci\u00f3n econ\u00f3mica y sana convivencia en la ciudad &#8211; Foto Alcald\u00eda de Medell\u00edn<\/p><\/div>\n<p><strong>Participaci\u00f3n en diferentes territorios:<\/strong><\/p>\n<p>En esta primera versi\u00f3n del evento, se han seleccionado 6 comunas de la ciudad (1, 5, 8, 9, 10 y 11) para abarcar una amplia zona geogr\u00e1fica. Cada comuna contar\u00e1 con actividades espec\u00edficas que promover\u00e1n el entretenimiento y la participaci\u00f3n activa de la comunidad.<\/p>\n<p>Un ejemplo de ello es el cierre del corredor de la carrera 68 en la comuna 5 (Castilla), que permitir\u00e1 a los residentes y visitantes disfrutar de un espacio propicio para la sana convivencia.<\/p>\n<p><strong>Salsa Fest en la Comuna 10:<\/strong><\/p>\n<p>La comuna 10 se llenar\u00e1 de salsa y sabor con el esperado \u00abSalsa Fest\u00bb, un evento que pondr\u00e1 a bailar a todos los transe\u00fantes en la Plaza de las Luces. Esta celebraci\u00f3n ser\u00e1 un homenaje a la cultura salsera de la ciudad y ofrecer\u00e1 una experiencia inigualable llena de ritmo y alegr\u00eda.<\/p>\n<p><strong>Parques del R\u00edo: Arte, Gastronom\u00eda y Cultura:<\/strong><\/p>\n<p>Uno de los puntos destacados de la jornada ser\u00e1 la feria artesanal, gastron\u00f3mica y cultural que se llevar\u00e1 a cabo en Parques del R\u00edo.<\/p>\n<p>M\u00e1s de 50 emprendedores locales exhibir\u00e1n sus mejores productos, brindando a los visitantes una experiencia \u00fanica para explorar la riqueza cultural y gastron\u00f3mica de Medell\u00edn.<\/p>\n<p>Adem\u00e1s, los tradicionales Mercados Campesinos estar\u00e1n presentes desde las 8 de la ma\u00f1ana, ofreciendo productos frescos y de alta calidad.<\/p>\n<div id=\"attachment_206733\" style=\"width: 1610px\" class=\"wp-caption alignnone\"><a href=\"https:\/\/www.medellin.gov.co\/es\/wp-content\/uploads\/2023\/06\/Reactivacion-Economica-3.jpeg\" target=\"_blank\" rel=\"noopener\"><img aria-describedby=\"caption-attachment-206733\" loading=\"lazy\" class=\"wp-image-206733 size-full\" title=\"Medell\u00edn Despierta: reactivaci\u00f3n econ\u00f3mica y sana convivencia en la ciudad\" src=\"https:\/\/www.medellin.gov.co\/es\/wp-content\/uploads\/2023\/06\/Reactivacion-Economica-3.jpeg\" alt=\"Medell\u00edn Despierta: reactivaci\u00f3n econ\u00f3mica y sana convivencia en la ciudad\" width=\"1600\" height=\"1082\" srcset=\"https:\/\/www.medellin.gov.co\/es\/wp-content\/uploads\/2023\/06\/Reactivacion-Economica-3.jpeg 1600w, https:\/\/www.medellin.gov.co\/es\/wp-content\/uploads\/2023\/06\/Reactivacion-Economica-3-300x203.jpeg 300w, https:\/\/www.medellin.gov.co\/es\/wp-content\/uploads\/2023\/06\/Reactivacion-Economica-3-1024x692.jpeg 1024w, https:\/\/www.medellin.gov.co\/es\/wp-content\/uploads\/2023\/06\/Reactivacion-Economica-3-150x101.jpeg 150w, https:\/\/www.medellin.gov.co\/es\/wp-content\/uploads\/2023\/06\/Reactivacion-Economica-3-768x519.jpeg 768w, https:\/\/www.medellin.gov.co\/es\/wp-content\/uploads\/2023\/06\/Reactivacion-Economica-3-1536x1039.jpeg 1536w\" sizes=\"(max-width: 1600px) 100vw, 1600px\" \/><\/a><p id=\"caption-attachment-206733\" class=\"wp-caption-text\">Medell\u00edn Despierta: reactivaci\u00f3n econ\u00f3mica y sana convivencia en la ciudad &#8211; Foto Alcald\u00eda de Medell\u00edn<\/p><\/div>\n<p><strong>Impacto y compromiso:<\/strong><\/p>\n<p>Este evento es un claro ejemplo del compromiso continuo por parte de la Administraci\u00f3n Distrital para reactivar la econom\u00eda y apoyar a los comerciantes locales en diferentes comunas de la ciudad.<\/p>\n<p>A trav\u00e9s de una estrategia integral, se busca generar un entorno propicio para la sana convivencia y el crecimiento de los sectores comerciales.<\/p>\n<p><strong>Seguridad y tranquilidad ciudadana:<\/strong><\/p>\n<p>La Secretar\u00eda de Seguridad y Convivencia, en colaboraci\u00f3n con la Polic\u00eda Metropolitana del Valle de Aburr\u00e1, garantizar\u00e1 la presencia de uniformados para velar por la tranquilidad y seguridad de los ciudadanos durante toda la jornada.<\/p>\n<p>De esta manera, se busca brindar una experiencia positiva y segura para todos los asistentes.<\/p>\n<div id=\"attachment_206734\" style=\"width: 1610px\" class=\"wp-caption alignnone\"><a href=\"https:\/\/www.medellin.gov.co\/es\/wp-content\/uploads\/2023\/06\/Reactivacion-Economica-4.jpeg\" target=\"_blank\" rel=\"noopener\"><img aria-describedby=\"caption-attachment-206734\" loading=\"lazy\" class=\"wp-image-206734 size-full\" title=\"Medell\u00edn Despierta: reactivaci\u00f3n econ\u00f3mica y sana convivencia en la ciudad\" src=\"https:\/\/www.medellin.gov.co\/es\/wp-content\/uploads\/2023\/06\/Reactivacion-Economica-4.jpeg\" alt=\"Medell\u00edn Despierta: reactivaci\u00f3n econ\u00f3mica y sana convivencia en la ciudad\" width=\"1600\" height=\"1142\" srcset=\"https:\/\/www.medellin.gov.co\/es\/wp-content\/uploads\/2023\/06\/Reactivacion-Economica-4.jpeg 1600w, https:\/\/www.medellin.gov.co\/es\/wp-content\/uploads\/2023\/06\/Reactivacion-Economica-4-300x214.jpeg 300w, https:\/\/www.medellin.gov.co\/es\/wp-content\/uploads\/2023\/06\/Reactivacion-Economica-4-1024x731.jpeg 1024w, https:\/\/www.medellin.gov.co\/es\/wp-content\/uploads\/2023\/06\/Reactivacion-Economica-4-150x107.jpeg 150w, https:\/\/www.medellin.gov.co\/es\/wp-content\/uploads\/2023\/06\/Reactivacion-Economica-4-768x548.jpeg 768w, https:\/\/www.medellin.gov.co\/es\/wp-content\/uploads\/2023\/06\/Reactivacion-Economica-4-1536x1096.jpeg 1536w\" sizes=\"(max-width: 1600px) 100vw, 1600px\" \/><\/a><p id=\"caption-attachment-206734\" class=\"wp-caption-text\">Medell\u00edn Despierta: reactivaci\u00f3n econ\u00f3mica y sana convivencia en la ciudad &#8211; Foto Alcald\u00eda de Medell\u00edn<\/p><\/div>\n<p><strong>Resultados prometedores:<\/strong><\/p>\n<p>Las jornadas \u00abMedell\u00edn Despierta\u00bb lideradas por la Administraci\u00f3n Distrital han demostrado su efectividad en la recuperaci\u00f3n y reactivaci\u00f3n de m\u00e1s de 3.000 establecimientos comerciales, generando aproximadamente 15.000 empleos nuevos hasta la fecha.<\/p>\n<p>Estos logros son un testimonio del \u00e9xito de la estrategia implementada y el impacto positivo en la econom\u00eda local.<\/p>\n<p>Medell\u00edn Despierta es un evento que combina la reactivaci\u00f3n econ\u00f3mica con la promoci\u00f3n de la sana convivencia en la ciudad.<\/p>\n<p>A trav\u00e9s de diversas actividades en diferentes territorios y comunas, se busca fortalecer los lazos comunitarios, impulsar el comercio local y generar espacios de entretenimiento para todos.<\/p>\n<p>Esta iniciativa demuestra el compromiso de la ciudad de Medell\u00edn por construir un futuro pr\u00f3spero y armonioso para sus habitantes.<\/p>\n","protected":false},"excerpt":{"rendered":"<p>En su constante b\u00fasqueda por revitalizar el comercio local y promover la convivencia ciudadana, la ciudad de Medell\u00edn se prepara para una jornada completa de reactivaci\u00f3n econ\u00f3mica. Los principales corredores comerciales de la ciudad extender\u00e1n &#8230;<\/p>\n","protected":false},"author":21,"featured_media":206736,"comment_status":"open","ping_status":"open","sticky":false,"template":"","format":"standard","meta":[],"categories":[21],"tags":[433],"formato_nota":[],"programas_tax":[],"acf":[],"_links":{"self":[{"href":"https:\/\/www.medellin.gov.co\/es\/wp-json\/wp\/v2\/posts\/206731"}],"collection":[{"href":"https:\/\/www.medellin.gov.co\/es\/wp-json\/wp\/v2\/posts"}],"about":[{"href":"https:\/\/www.medellin.gov.co\/es\/wp-json\/wp\/v2\/types\/post"}],"author":[{"embeddable":true,"href":"https:\/\/www.medellin.gov.co\/es\/wp-json\/wp\/v2\/users\/21"}],"replies":[{"embeddable":true,"href":"https:\/\/www.medellin.gov.co\/es\/wp-json\/wp\/v2\/comments?post=206731"}],"version-history":[{"count":6,"href":"https:\/\/www.medellin.gov.co\/es\/wp-json\/wp\/v2\/posts\/206731\/revisions"}],"predecessor-version":[{"id":208302,"href":"https:\/\/www.medellin.gov.co\/es\/wp-json\/wp\/v2\/posts\/206731\/revisions\/208302"}],"wp:featuredmedia":[{"embeddable":true,"href":"https:\/\/www.medellin.gov.co\/es\/wp-json\/wp\/v2\/media\/206736"}],"wp:attachment":[{"href":"https:\/\/www.medellin.gov.co\/es\/wp-json\/wp\/v2\/media?parent=206731"}],"wp:term":[{"taxonomy":"category","embeddable":true,"href":"https:\/\/www.medellin.gov.co\/es\/wp-json\/wp\/v2\/categories?post=206731"},{"taxonomy":"post_tag","embeddable":true,"href":"https:\/\/www.medellin.gov.co\/es\/wp-json\/wp\/v2\/tags?post=206731"},{"taxonomy":"formato_nota","embeddable":true,"href":"https:\/\/www.medellin.gov.co\/es\/wp-json\/wp\/v2\/formato_nota?post=206731"},{"taxonomy":"programas_tax","embeddable":true,"href":"https:\/\/www.medellin.gov.co\/es\/wp-json\/wp\/v2\/programas_tax?post=206731"}],"curies":[{"name":"wp","href":"https:\/\/api.w.org\/{rel}","templated":true}]}}