{"id":207407,"date":"2023-06-15T10:03:46","date_gmt":"2023-06-15T15:03:46","guid":{"rendered":"https:\/\/www.medellin.gov.co\/es\/?p=207407"},"modified":"2023-06-15T10:03:46","modified_gmt":"2023-06-15T15:03:46","slug":"la-administracion-distrital-reitera-el-mensaje-de-seguridad-vial-en-epoca-de-vacaciones","status":"publish","type":"post","link":"https:\/\/www.medellin.gov.co\/es\/sala-de-prensa\/noticias\/la-administracion-distrital-reitera-el-mensaje-de-seguridad-vial-en-epoca-de-vacaciones\/","title":{"rendered":"La Administraci\u00f3n Distrital reitera el mensaje de seguridad vial en \u00e9poca de vacaciones"},"content":{"rendered":"<ul>\n<li>Las mayores causas de incidentes en las v\u00edas son el exceso de velocidad y las maniobras peligrosas.<\/li>\n<li>Es fundamental que los conductores revisen que la documentaci\u00f3n del veh\u00edculo y el kit de carretera est\u00e9n completos.<\/li>\n<li>El promedio de ingreso de veh\u00edculos a la ciudad, en un puente festivo de mitad de a\u00f1o, es de 725.000 y el de salida es de 680.000.<\/li>\n<\/ul>\n<!--[if lt IE 9]><script>document.createElement('audio');<\/script><![endif]-->\n\t<div class=\"wp-playlist wp-audio-playlist wp-playlist-light\">\n\t\t\t<div class=\"wp-playlist-current-item\"><\/div>\n\t\t<audio controls=\"controls\" preload=\"none\" width=\"640\"\n\t\t\t><\/audio>\n\t<div class=\"wp-playlist-next\"><\/div>\n\t<div class=\"wp-playlist-prev\"><\/div>\n\t<noscript>\n\t<ol>\n\t\t<li><a href='https:\/\/www.medellin.gov.co\/es\/wp-content\/uploads\/2023\/06\/Seguridad-Vial-01.mp3'>Palabras de Luis Fernando Vanegas Berm\u00fadez, comandante de tr\u00e1nsito<\/a><\/li><li><a href='https:\/\/www.medellin.gov.co\/es\/wp-content\/uploads\/2023\/06\/Seguridad-Vial-02.mp3'>Palabras de Edilberto Echavarr\u00eda Su\u00e1rez, habitante de Medell\u00edn<\/a><\/li>\t<\/ol>\n\t<\/noscript>\n\t<script type=\"application\/json\" class=\"wp-playlist-script\">{\"type\":\"audio\",\"tracklist\":true,\"tracknumbers\":true,\"images\":true,\"artists\":true,\"tracks\":[{\"src\":\"https:\\\/\\\/www.medellin.gov.co\\\/es\\\/wp-content\\\/uploads\\\/2023\\\/06\\\/Seguridad-Vial-01.mp3\",\"type\":\"audio\\\/mpeg\",\"title\":\"Palabras de Luis Fernando Vanegas Berm\\u00fadez, comandante de tr\\u00e1nsito\",\"caption\":\"\",\"description\":\"\\u00abPalabras de Luis Fernando Vanegas Berm\\u00fadez, comandante de tr\\u00e1nsito\\u00bb.\",\"meta\":{\"length_formatted\":\"1:01\"},\"image\":{\"src\":\"https:\\\/\\\/www.medellin.gov.co\\\/es\\\/wp-includes\\\/images\\\/media\\\/audio.png\",\"width\":48,\"height\":64},\"thumb\":{\"src\":\"https:\\\/\\\/www.medellin.gov.co\\\/es\\\/wp-includes\\\/images\\\/media\\\/audio.png\",\"width\":48,\"height\":64}},{\"src\":\"https:\\\/\\\/www.medellin.gov.co\\\/es\\\/wp-content\\\/uploads\\\/2023\\\/06\\\/Seguridad-Vial-02.mp3\",\"type\":\"audio\\\/mpeg\",\"title\":\"Palabras de Edilberto Echavarr\\u00eda Su\\u00e1rez, habitante de Medell\\u00edn\",\"caption\":\"\",\"description\":\"\\u00abPalabras de Edilberto Echavarr\\u00eda Su\\u00e1rez, habitante de Medell\\u00edn\\u00bb.\",\"meta\":{\"length_formatted\":\"0:50\"},\"image\":{\"src\":\"https:\\\/\\\/www.medellin.gov.co\\\/es\\\/wp-includes\\\/images\\\/media\\\/audio.png\",\"width\":48,\"height\":64},\"thumb\":{\"src\":\"https:\\\/\\\/www.medellin.gov.co\\\/es\\\/wp-includes\\\/images\\\/media\\\/audio.png\",\"width\":48,\"height\":64}}]}<\/script>\n<\/div>\n\t\n<p>Para que los desplazamientos en las v\u00edas durante la temporada de vacaciones de mitad de a\u00f1o sean m\u00e1s seguros y tranquilos, la Administraci\u00f3n Distrital invita a todos los conductores a tener en cuenta varias recomendaciones a la hora de viajar a sus lugares de destino.<\/p>\n<p>Lo primero a tener en cuenta, antes de viajar, es revisar el estado t\u00e9cnico-mec\u00e1nico; que las llantas est\u00e9n calibradas con la presi\u00f3n adecuada y balanceadas; y las luces en buen estado y alineadas. Verificar que el aceite del motor est\u00e9 en \u00f3ptimas condiciones de lubricaci\u00f3n. Igualmente, asegurarse que todos los cables est\u00e9n ajustados para evitar fugas o desperfectos. Tambi\u00e9n, hay que confirmar que el pito funcione bien, que los parabrisas est\u00e9n limpios y que permitan una buena visibilidad, y que todos los l\u00edquidos del veh\u00edculo est\u00e9n en los niveles correctos.<\/p>\n<p>Documentos como el Certificado de Emisi\u00f3n de Gases, conocido como Certificado Ambiental, debe estar vigente y garantizar que efectivamente se cumplen los par\u00e1metros establecidos por la norma ambiental; as\u00ed mismo, el Seguro Obligatorio de Accidentes de Tr\u00e1nsito (SOAT). Es indispensable portar la matr\u00edcula en la que se acredita la propiedad del veh\u00edculo.<\/p>\n<div id=\"attachment_207425\" style=\"width: 1290px\" class=\"wp-caption alignnone\"><a href=\"https:\/\/www.medellin.gov.co\/es\/wp-content\/uploads\/2023\/06\/Seguridad-Vial-3-.jpg\" target=\"_blank\" rel=\"noopener\"><img aria-describedby=\"caption-attachment-207425\" loading=\"lazy\" class=\"wp-image-207425 size-full\" title=\"La Administraci\u00f3n Distrital reitera el mensaje de seguridad vial en \u00e9poca de vacaciones\" src=\"https:\/\/www.medellin.gov.co\/es\/wp-content\/uploads\/2023\/06\/Seguridad-Vial-3-.jpg\" alt=\"La Administraci\u00f3n Distrital reitera el mensaje de seguridad vial en \u00e9poca de vacaciones\" width=\"1280\" height=\"720\" srcset=\"https:\/\/www.medellin.gov.co\/es\/wp-content\/uploads\/2023\/06\/Seguridad-Vial-3-.jpg 1280w, https:\/\/www.medellin.gov.co\/es\/wp-content\/uploads\/2023\/06\/Seguridad-Vial-3--300x169.jpg 300w, https:\/\/www.medellin.gov.co\/es\/wp-content\/uploads\/2023\/06\/Seguridad-Vial-3--1024x576.jpg 1024w, https:\/\/www.medellin.gov.co\/es\/wp-content\/uploads\/2023\/06\/Seguridad-Vial-3--150x84.jpg 150w, https:\/\/www.medellin.gov.co\/es\/wp-content\/uploads\/2023\/06\/Seguridad-Vial-3--768x432.jpg 768w\" sizes=\"(max-width: 1280px) 100vw, 1280px\" \/><\/a><p id=\"caption-attachment-207425\" class=\"wp-caption-text\">La Administraci\u00f3n Distrital reitera el mensaje de seguridad vial en \u00e9poca de vacaciones &#8211; Foto Alcald\u00eda de Medell\u00edn<\/p><\/div>\n<p>\u201c<em>Invitamos a todos los conductores a que planeen sus viajes con antelaci\u00f3n; as\u00ed mismo, a que consulten el estado de las v\u00edas. Recordemos que conducir bajo los efectos del alcohol trae resultados fatales; igualmente, que estar \u2018enguayabados\u2019 es seguir bajo los efectos del alcohol. Por ello, recomendamos que en la noche anterior al viaje no se ingiera licor. Finalmente, insistimos en que la mayor parte de los incidentes se deben al exceso de velocidad y a maniobras peligrosas, por eso, recomendamos respetar los l\u00edmites de velocidad y todas las normas de tr\u00e1nsito, para disfrutar de las vacaciones<\/em>\u201d, indic\u00f3 el comandante de tr\u00e1nsito, Luis Fernando Vanegas Berm\u00fadez.<\/p>\n<p>Los conductores deben tener su licencia renovada, as\u00ed como su documento de identidad (c\u00e9dula de ciudadan\u00eda o de extranjer\u00eda, o su respectivo pasaporte). Para viajes a destinos lejanos, se recomienda estar descansado, tener un buen estado f\u00edsico y an\u00edmico, y hacer las paradas necesarias para evitar microsue\u00f1os o alteraciones de conciencia por agotamiento que puedan ocasionar incidentes.<\/p>\n<p>\u201c<em>Soy conductor y mi recomendaci\u00f3n cada vez que se vaya a viajar es, ante todo, tener los documentos al d\u00eda, manejar con prudencia, revisar el veh\u00edculo antes, respetar las se\u00f1ales de tr\u00e1nsito, no mezclar bebidas alcoh\u00f3licas con gasolina y ser muy prudente ante todo; y no exceder los l\u00edmites de velocidad; respetar la distancia, porque a veces vamos r\u00e1pido y generamos accidentes o colisionamos con otros veh\u00edculos<\/em>\u00ab, manifest\u00f3 Edilberto Echavarr\u00eda Su\u00e1rez, habitante de Medell\u00edn.<\/p>\n<div id=\"attachment_207411\" style=\"width: 1290px\" class=\"wp-caption alignnone\"><a href=\"https:\/\/www.medellin.gov.co\/es\/wp-content\/uploads\/2023\/06\/Seguridad-Vial-2.jpg\" target=\"_blank\" rel=\"noopener\"><img aria-describedby=\"caption-attachment-207411\" loading=\"lazy\" class=\"wp-image-207411 size-full\" title=\"La Administraci\u00f3n Distrital reitera el mensaje de seguridad vial en \u00e9poca de vacaciones\" src=\"https:\/\/www.medellin.gov.co\/es\/wp-content\/uploads\/2023\/06\/Seguridad-Vial-2.jpg\" alt=\"La Administraci\u00f3n Distrital reitera el mensaje de seguridad vial en \u00e9poca de vacaciones\" width=\"1280\" height=\"853\" srcset=\"https:\/\/www.medellin.gov.co\/es\/wp-content\/uploads\/2023\/06\/Seguridad-Vial-2.jpg 1280w, https:\/\/www.medellin.gov.co\/es\/wp-content\/uploads\/2023\/06\/Seguridad-Vial-2-300x200.jpg 300w, https:\/\/www.medellin.gov.co\/es\/wp-content\/uploads\/2023\/06\/Seguridad-Vial-2-1024x682.jpg 1024w, https:\/\/www.medellin.gov.co\/es\/wp-content\/uploads\/2023\/06\/Seguridad-Vial-2-150x100.jpg 150w, https:\/\/www.medellin.gov.co\/es\/wp-content\/uploads\/2023\/06\/Seguridad-Vial-2-768x512.jpg 768w\" sizes=\"(max-width: 1280px) 100vw, 1280px\" \/><\/a><p id=\"caption-attachment-207411\" class=\"wp-caption-text\">La Administraci\u00f3n Distrital reitera el mensaje de seguridad vial en \u00e9poca de vacaciones &#8211; Foto Alcald\u00eda de Medell\u00edn<\/p><\/div>\n<p>Dentro del veh\u00edculo, tambi\u00e9n debe ubicarse un kit de carretera, el cual debe estar completo y contener, como m\u00ednimo:<\/p>\n<ul>\n<li>Un gato hidr\u00e1ulico con capacidad para elevar el veh\u00edculo.<\/li>\n<li>Una cruceta.<\/li>\n<li>Un extintor (debe tener la fecha de vencimiento visible).<\/li>\n<li>Dos se\u00f1ales de carretera en forma de tri\u00e1ngulo, de material reflectivo y con soporte.<\/li>\n<li>Dos tacos para bloquear el carro.<\/li>\n<li>Caja de herramientas b\u00e1sica (destornilladores, alicates, llave de expansi\u00f3n, cables para cargar la bater\u00eda y llaves fijas).<\/li>\n<li>Llanta de repuesto.<\/li>\n<li>Chaleco reflectivo.<\/li>\n<li>Agua.<\/li>\n<li>Una linterna.<\/li>\n<li>Un botiqu\u00edn de primeros auxilios con todos los elementos al d\u00eda. Dentro de este deben ir: un elemento para cortar, antis\u00e9pticos, jab\u00f3n, algod\u00f3n, analg\u00e9sicos, venda el\u00e1stica, esparadrapo, gasa est\u00e9ril y curas.<\/li>\n<\/ul>\n<p>El promedio de ingreso de veh\u00edculos en un puente festivo de mitad de a\u00f1o al Distrito es de 725.000 y el de salida es de 680.000, por lo que se recomienda tener un buen comportamiento en las v\u00edas ante un significativo tr\u00e1fico vehicular, tanto de transporte p\u00fablico como particular.<\/p>\n<p>La Secretar\u00eda de Movilidad hace un llamado a los conductores de veh\u00edculos particulares o de servicio p\u00fablico, ciclistas, peatones, usuarios de patinetas o motociclistas a respetar las normas de tr\u00e1nsito, tener un buen comportamiento en las v\u00edas, respetar a los dem\u00e1s actores viales, acatar y visualizar la se\u00f1alizaci\u00f3n, verificar los l\u00edmites de velocidad y visitar @sttmed en Twitter, cuenta en la que se puede conocer el estado de la movilidad en tiempo real, para preservar la vida en las v\u00edas.<\/p>\n","protected":false},"excerpt":{"rendered":"<p>Las mayores causas de incidentes en las v\u00edas son el exceso de velocidad y las maniobras peligrosas. Es fundamental que los conductores revisen que la documentaci\u00f3n del veh\u00edculo y el kit de carretera est\u00e9n completos. &#8230;<\/p>\n","protected":false},"author":21,"featured_media":207415,"comment_status":"open","ping_status":"open","sticky":false,"template":"","format":"standard","meta":[],"categories":[14],"tags":[447],"formato_nota":[],"programas_tax":[],"acf":[],"_links":{"self":[{"href":"https:\/\/www.medellin.gov.co\/es\/wp-json\/wp\/v2\/posts\/207407"}],"collection":[{"href":"https:\/\/www.medellin.gov.co\/es\/wp-json\/wp\/v2\/posts"}],"about":[{"href":"https:\/\/www.medellin.gov.co\/es\/wp-json\/wp\/v2\/types\/post"}],"author":[{"embeddable":true,"href":"https:\/\/www.medellin.gov.co\/es\/wp-json\/wp\/v2\/users\/21"}],"replies":[{"embeddable":true,"href":"https:\/\/www.medellin.gov.co\/es\/wp-json\/wp\/v2\/comments?post=207407"}],"version-history":[{"count":1,"href":"https:\/\/www.medellin.gov.co\/es\/wp-json\/wp\/v2\/posts\/207407\/revisions"}],"predecessor-version":[{"id":207426,"href":"https:\/\/www.medellin.gov.co\/es\/wp-json\/wp\/v2\/posts\/207407\/revisions\/207426"}],"wp:featuredmedia":[{"embeddable":true,"href":"https:\/\/www.medellin.gov.co\/es\/wp-json\/wp\/v2\/media\/207415"}],"wp:attachment":[{"href":"https:\/\/www.medellin.gov.co\/es\/wp-json\/wp\/v2\/media?parent=207407"}],"wp:term":[{"taxonomy":"category","embeddable":true,"href":"https:\/\/www.medellin.gov.co\/es\/wp-json\/wp\/v2\/categories?post=207407"},{"taxonomy":"post_tag","embeddable":true,"href":"https:\/\/www.medellin.gov.co\/es\/wp-json\/wp\/v2\/tags?post=207407"},{"taxonomy":"formato_nota","embeddable":true,"href":"https:\/\/www.medellin.gov.co\/es\/wp-json\/wp\/v2\/formato_nota?post=207407"},{"taxonomy":"programas_tax","embeddable":true,"href":"https:\/\/www.medellin.gov.co\/es\/wp-json\/wp\/v2\/programas_tax?post=207407"}],"curies":[{"name":"wp","href":"https:\/\/api.w.org\/{rel}","templated":true}]}}