{"id":207434,"date":"2023-06-15T10:07:45","date_gmt":"2023-06-15T15:07:45","guid":{"rendered":"https:\/\/www.medellin.gov.co\/es\/?p=207434"},"modified":"2023-06-15T10:07:45","modified_gmt":"2023-06-15T15:07:45","slug":"deportistas-de-medellin-dejaron-un-mensaje-de-futbol-en-paz-durante-torneo-internacional-en-corea-del-sur","status":"publish","type":"post","link":"https:\/\/www.medellin.gov.co\/es\/sala-de-prensa\/noticias\/deportistas-de-medellin-dejaron-un-mensaje-de-futbol-en-paz-durante-torneo-internacional-en-corea-del-sur\/","title":{"rendered":"Deportistas de Medell\u00edn dejaron un mensaje de f\u00fatbol en paz durante torneo internacional en Corea del Sur"},"content":{"rendered":"<ul>\n<li>Los representantes locales recibieron una condecoraci\u00f3n por su participaci\u00f3n en la fase de grupos.<\/li>\n<li>El mensaje de f\u00fatbol en paz brill\u00f3 en los d\u00edas de competencia.<\/li>\n<li>Conocieron la cultura asi\u00e1tica por medio de su gastronom\u00eda y algunos sitios tur\u00edsticos.<\/li>\n<\/ul>\n<!--[if lt IE 9]><script>document.createElement('audio');<\/script><![endif]-->\n\t<div class=\"wp-playlist wp-audio-playlist wp-playlist-light\">\n\t\t\t<div class=\"wp-playlist-current-item\"><\/div>\n\t\t<audio controls=\"controls\" preload=\"none\" width=\"640\"\n\t\t\t><\/audio>\n\t<div class=\"wp-playlist-next\"><\/div>\n\t<div class=\"wp-playlist-prev\"><\/div>\n\t<noscript>\n\t<ol>\n\t\t<li><a href='https:\/\/www.medellin.gov.co\/es\/wp-content\/uploads\/2023\/06\/Torneo-Corea-01.mp3'>Palabras de Cristian S\u00e1nchez, director del INDER Medell\u00edn<\/a><\/li><li><a href='https:\/\/www.medellin.gov.co\/es\/wp-content\/uploads\/2023\/06\/Torneo-Corea-02.mp3'>Palabras de Keiner Tuberquia, participante del torneo internacional<\/a><\/li><li><a href='https:\/\/www.medellin.gov.co\/es\/wp-content\/uploads\/2023\/06\/Torneo-Corea-03.mp3'>Palabras de Son Heung-Yun, coach l\u00edder de la academia Son Heung Ming<\/a><\/li>\t<\/ol>\n\t<\/noscript>\n\t<script type=\"application\/json\" class=\"wp-playlist-script\">{\"type\":\"audio\",\"tracklist\":true,\"tracknumbers\":true,\"images\":true,\"artists\":true,\"tracks\":[{\"src\":\"https:\\\/\\\/www.medellin.gov.co\\\/es\\\/wp-content\\\/uploads\\\/2023\\\/06\\\/Torneo-Corea-01.mp3\",\"type\":\"audio\\\/mpeg\",\"title\":\"Palabras de Cristian S\\u00e1nchez, director del INDER Medell\\u00edn\",\"caption\":\"\",\"description\":\"\\u00abPalabras de Cristian S\\u00e1nchez, director del INDER Medell\\u00edn\\u00bb.\",\"meta\":{\"length_formatted\":\"1:03\"},\"image\":{\"src\":\"https:\\\/\\\/www.medellin.gov.co\\\/es\\\/wp-includes\\\/images\\\/media\\\/audio.png\",\"width\":48,\"height\":64},\"thumb\":{\"src\":\"https:\\\/\\\/www.medellin.gov.co\\\/es\\\/wp-includes\\\/images\\\/media\\\/audio.png\",\"width\":48,\"height\":64}},{\"src\":\"https:\\\/\\\/www.medellin.gov.co\\\/es\\\/wp-content\\\/uploads\\\/2023\\\/06\\\/Torneo-Corea-02.mp3\",\"type\":\"audio\\\/mpeg\",\"title\":\"Palabras de Keiner Tuberquia, participante del torneo internacional\",\"caption\":\"\",\"description\":\"\\u00abPalabras de Keiner Tuberquia, participante del torneo internacional\\u00bb.\",\"meta\":{\"year\":\"2023\",\"length_formatted\":\"1:06\"},\"image\":{\"src\":\"https:\\\/\\\/www.medellin.gov.co\\\/es\\\/wp-includes\\\/images\\\/media\\\/audio.png\",\"width\":48,\"height\":64},\"thumb\":{\"src\":\"https:\\\/\\\/www.medellin.gov.co\\\/es\\\/wp-includes\\\/images\\\/media\\\/audio.png\",\"width\":48,\"height\":64}},{\"src\":\"https:\\\/\\\/www.medellin.gov.co\\\/es\\\/wp-content\\\/uploads\\\/2023\\\/06\\\/Torneo-Corea-03.mp3\",\"type\":\"audio\\\/mpeg\",\"title\":\"Palabras de Son Heung-Yun, coach l\\u00edder de la academia Son Heung Ming\",\"caption\":\"\",\"description\":\"\\u00abPalabras de Son Heung-Yun, coach l\\u00edder de la academia Son Heung Ming\\u00bb.\",\"meta\":{\"year\":\"2023\",\"length_formatted\":\"0:32\"},\"image\":{\"src\":\"https:\\\/\\\/www.medellin.gov.co\\\/es\\\/wp-includes\\\/images\\\/media\\\/audio.png\",\"width\":48,\"height\":64},\"thumb\":{\"src\":\"https:\\\/\\\/www.medellin.gov.co\\\/es\\\/wp-includes\\\/images\\\/media\\\/audio.png\",\"width\":48,\"height\":64}}]}<\/script>\n<\/div>\n\t\n<p>Luego de disputar cinco partidos y llegar hasta la ronda de semifinales, los integrantes de las Escuelas Populares del Deporte del INDER retornaron a Medell\u00edn, tras dejar un mensaje de paz y convivencia en el f\u00fatbol, en el torneo internacional de F\u00fatbol Infantil Son Heung Min, realizado en la ciudad de Chunche\u00f3n, Corea del Sur.<\/p>\n<p>La delegaci\u00f3n paisa, en representaci\u00f3n de Colombia, se enfrent\u00f3 a China, Malasia, Indonesia y Corea del Sur. Fue as\u00ed como recibi\u00f3 un galard\u00f3n especial por ser el mejor equipo de su grupo.<\/p>\n<p>\u201c<em>Llegamos muy cansados, el viaje nos dej\u00f3 agotados. Tuvimos un d\u00eda con dos partidos, los ganamos, le metimos todo porque era Medell\u00edn. Al otro d\u00eda jugamos otro partido muy duro, logramos remontar y ganamos. No hab\u00edamos salido del hotel, pero salimos a Legoland, jugamos y fue muy bacano todo<\/em>\u201d, cont\u00f3 Keiner Tuberquia, uno de los participantes en el torneo internacional.<\/p>\n<p>Pese al poco tiempo libre, por el grado de concentraci\u00f3n que exig\u00eda el torneo, la delegaci\u00f3n conoci\u00f3 parques de diversiones, el telef\u00e9rico hasta el monte Samaksan, el parque natural Gangchon rail, atravesando bosques y r\u00edos en bicicletas y trenes. Tambi\u00e9n degustaron platillos como el kimchi, korean barbecue, bibimbap, bulgogi, gimbap, entre otros.<\/p>\n<div id=\"attachment_207439\" style=\"width: 1290px\" class=\"wp-caption alignnone\"><a href=\"https:\/\/www.medellin.gov.co\/es\/wp-content\/uploads\/2023\/06\/Torneo-Corea-2.jpg\" target=\"_blank\" rel=\"noopener\"><img aria-describedby=\"caption-attachment-207439\" loading=\"lazy\" class=\"wp-image-207439 size-full\" title=\"Deportistas de Medell\u00edn dejaron un mensaje de f\u00fatbol en paz durante torneo internacional en Corea del Sur\" src=\"https:\/\/www.medellin.gov.co\/es\/wp-content\/uploads\/2023\/06\/Torneo-Corea-2.jpg\" alt=\"Deportistas de Medell\u00edn dejaron un mensaje de f\u00fatbol en paz durante torneo internacional en Corea del Sur\" width=\"1280\" height=\"960\" srcset=\"https:\/\/www.medellin.gov.co\/es\/wp-content\/uploads\/2023\/06\/Torneo-Corea-2.jpg 1280w, https:\/\/www.medellin.gov.co\/es\/wp-content\/uploads\/2023\/06\/Torneo-Corea-2-300x225.jpg 300w, https:\/\/www.medellin.gov.co\/es\/wp-content\/uploads\/2023\/06\/Torneo-Corea-2-1024x768.jpg 1024w, https:\/\/www.medellin.gov.co\/es\/wp-content\/uploads\/2023\/06\/Torneo-Corea-2-150x113.jpg 150w, https:\/\/www.medellin.gov.co\/es\/wp-content\/uploads\/2023\/06\/Torneo-Corea-2-768x576.jpg 768w\" sizes=\"(max-width: 1280px) 100vw, 1280px\" \/><\/a><p id=\"caption-attachment-207439\" class=\"wp-caption-text\">Deportistas de Medell\u00edn dejaron un mensaje de f\u00fatbol en paz durante torneo internacional en Corea del Sur &#8211; Foto Alcald\u00eda de Medell\u00edn<\/p><\/div>\n<p>La cuota colombiana en la fase de grupos gan\u00f3 los dos encuentros. Clasific\u00f3 a la fase de eliminaci\u00f3n directa contra el equipo de Son Heung Min con un marcador 2 \u2013 1 que le dio el pase al triangular final, en el cual perdi\u00f3 contra China y Corea doo.<\/p>\n<p>\u201c<em>Estamos muy orgullosos por esta representaci\u00f3n que tuvo el pa\u00eds por parte de estos ni\u00f1os. Es la muestra del talento, la dedicaci\u00f3n y el f\u00fatbol en paz que vivimos en Colombia. Una muestra de c\u00f3mo nuestros ni\u00f1os de las escuelas populares del deporte, sin importar la disciplina, esforz\u00e1ndose, dedic\u00e1ndose y con el apoyo de sus familias cumplen sus sue\u00f1os, conocen pa\u00edses y llevan su talento a otros lugares, demostrando lo grandes que somos en Colombia<\/em>\u201d, manifest\u00f3 el director del INDER Medell\u00edn, Cristian S\u00e1nchez.<\/p>\n<p>Los futbolistas infantiles de Medell\u00edn fueron recibidos como invitados de honor en el torneo, en medio de muestras art\u00edsticas y artes marciales. All\u00ed, el alcalde de Chunche\u00f3n galardon\u00f3 a los deportistas en honor a la hermandad entre ciudades.<\/p>\n<p>\u201c<em>Estoy muy feliz de jugar junto a los ni\u00f1os de Colombia. Aunque tenemos una cultura e idioma diferente, yo pienso que tenemos una cosa igual: nosotros amamos el f\u00fatbol. A trav\u00e9s del f\u00fatbol nosotros estamos siendo uno y por eso estoy muy agradecido<\/em>\u201d, manifest\u00f3 Son Heung-Yun, coach l\u00edder de la academia Son Heung Ming.<\/p>\n<p>Al regreso fueron recibidos por sus familiares, quienes estuvieron conectados todo el tiempo a las trasmisiones de los partidos y por medio de la tecnolog\u00eda, lo que les permit\u00eda apoyarlos y animarlos antes y despu\u00e9s de cada encuentro deportivo.<\/p>\n<p>En este certamen, organizado por la academia del goleador del Totenham Son Heung Min, estuvieron m\u00e1s de 156 exponentes de Malasia, Vietnam, Mongolia, China, Indonesia, Corea del Sur y Colombia. Fueron 26 partidos durante cuatro d\u00edas de competencias.<\/p>\n","protected":false},"excerpt":{"rendered":"<p>Los representantes locales recibieron una condecoraci\u00f3n por su participaci\u00f3n en la fase de grupos. El mensaje de f\u00fatbol en paz brill\u00f3 en los d\u00edas de competencia. Conocieron la cultura asi\u00e1tica por medio de su gastronom\u00eda &#8230;<\/p>\n","protected":false},"author":21,"featured_media":207436,"comment_status":"open","ping_status":"open","sticky":false,"template":"","format":"standard","meta":[],"categories":[17],"tags":[634],"formato_nota":[],"programas_tax":[],"acf":[],"_links":{"self":[{"href":"https:\/\/www.medellin.gov.co\/es\/wp-json\/wp\/v2\/posts\/207434"}],"collection":[{"href":"https:\/\/www.medellin.gov.co\/es\/wp-json\/wp\/v2\/posts"}],"about":[{"href":"https:\/\/www.medellin.gov.co\/es\/wp-json\/wp\/v2\/types\/post"}],"author":[{"embeddable":true,"href":"https:\/\/www.medellin.gov.co\/es\/wp-json\/wp\/v2\/users\/21"}],"replies":[{"embeddable":true,"href":"https:\/\/www.medellin.gov.co\/es\/wp-json\/wp\/v2\/comments?post=207434"}],"version-history":[{"count":1,"href":"https:\/\/www.medellin.gov.co\/es\/wp-json\/wp\/v2\/posts\/207434\/revisions"}],"predecessor-version":[{"id":207452,"href":"https:\/\/www.medellin.gov.co\/es\/wp-json\/wp\/v2\/posts\/207434\/revisions\/207452"}],"wp:featuredmedia":[{"embeddable":true,"href":"https:\/\/www.medellin.gov.co\/es\/wp-json\/wp\/v2\/media\/207436"}],"wp:attachment":[{"href":"https:\/\/www.medellin.gov.co\/es\/wp-json\/wp\/v2\/media?parent=207434"}],"wp:term":[{"taxonomy":"category","embeddable":true,"href":"https:\/\/www.medellin.gov.co\/es\/wp-json\/wp\/v2\/categories?post=207434"},{"taxonomy":"post_tag","embeddable":true,"href":"https:\/\/www.medellin.gov.co\/es\/wp-json\/wp\/v2\/tags?post=207434"},{"taxonomy":"formato_nota","embeddable":true,"href":"https:\/\/www.medellin.gov.co\/es\/wp-json\/wp\/v2\/formato_nota?post=207434"},{"taxonomy":"programas_tax","embeddable":true,"href":"https:\/\/www.medellin.gov.co\/es\/wp-json\/wp\/v2\/programas_tax?post=207434"}],"curies":[{"name":"wp","href":"https:\/\/api.w.org\/{rel}","templated":true}]}}