{"id":207455,"date":"2023-06-15T10:12:01","date_gmt":"2023-06-15T15:12:01","guid":{"rendered":"https:\/\/www.medellin.gov.co\/es\/?p=207455"},"modified":"2023-06-15T10:12:01","modified_gmt":"2023-06-15T15:12:01","slug":"medellin-realizo-el-primer-foro-corregimental-de-experiencias-educativas-en-san-antonio-de-prado","status":"publish","type":"post","link":"https:\/\/www.medellin.gov.co\/es\/sala-de-prensa\/noticias\/medellin-realizo-el-primer-foro-corregimental-de-experiencias-educativas-en-san-antonio-de-prado\/","title":{"rendered":"Medell\u00edn realiz\u00f3 el primer foro corregimental de experiencias educativas en San Antonio de Prado"},"content":{"rendered":"<ul>\n<li>Se socializaron 28 proyectos ganadores de los Premios a la Calidad Educativa Ser Mejor.<\/li>\n<li>Asistieron cerca de 600 maestros y directivos docentes de este corregimiento.<\/li>\n<li>Las estrategias son en tecnolog\u00eda, ingl\u00e9s, matem\u00e1ticas, ciencias naturales, humanidades, preescolar, primaria y media t\u00e9cnica.<\/li>\n<\/ul>\n<!--[if lt IE 9]><script>document.createElement('audio');<\/script><![endif]-->\n\t<div class=\"wp-playlist wp-audio-playlist wp-playlist-light\">\n\t\t\t<div class=\"wp-playlist-current-item\"><\/div>\n\t\t<audio controls=\"controls\" preload=\"none\" width=\"640\"\n\t\t\t><\/audio>\n\t<div class=\"wp-playlist-next\"><\/div>\n\t<div class=\"wp-playlist-prev\"><\/div>\n\t<noscript>\n\t<ol>\n\t\t<li><a href='https:\/\/www.medellin.gov.co\/es\/wp-content\/uploads\/2023\/06\/Foro-Experiencias-Educativas-01.mp3'>Palabras de Juan David Agudelo Restrepo, secretario de Educaci\u00f3n<\/a><\/li><li><a href='https:\/\/www.medellin.gov.co\/es\/wp-content\/uploads\/2023\/06\/Foro-Experiencias-Educativas-02.mp3'>Palabras de Joaqui\u0301n Emilio Arias Carvajal, jefe del nu\u0301cleo 937-San Antonio de Prado<\/a><\/li>\t<\/ol>\n\t<\/noscript>\n\t<script type=\"application\/json\" class=\"wp-playlist-script\">{\"type\":\"audio\",\"tracklist\":true,\"tracknumbers\":true,\"images\":true,\"artists\":true,\"tracks\":[{\"src\":\"https:\\\/\\\/www.medellin.gov.co\\\/es\\\/wp-content\\\/uploads\\\/2023\\\/06\\\/Foro-Experiencias-Educativas-01.mp3\",\"type\":\"audio\\\/mpeg\",\"title\":\"Palabras de Juan David Agudelo Restrepo, secretario de Educaci\\u00f3n\",\"caption\":\"\",\"description\":\"\\u00abPalabras de Juan David Agudelo Restrepo, secretario de Educaci\\u00f3n\\u00bb.\",\"meta\":{\"length_formatted\":\"0:38\"},\"image\":{\"src\":\"https:\\\/\\\/www.medellin.gov.co\\\/es\\\/wp-includes\\\/images\\\/media\\\/audio.png\",\"width\":48,\"height\":64},\"thumb\":{\"src\":\"https:\\\/\\\/www.medellin.gov.co\\\/es\\\/wp-includes\\\/images\\\/media\\\/audio.png\",\"width\":48,\"height\":64}},{\"src\":\"https:\\\/\\\/www.medellin.gov.co\\\/es\\\/wp-content\\\/uploads\\\/2023\\\/06\\\/Foro-Experiencias-Educativas-02.mp3\",\"type\":\"audio\\\/mpeg\",\"title\":\"Palabras de Joaqui\\u0301n Emilio Arias Carvajal, jefe del nu\\u0301cleo 937-San Antonio de Prado\",\"caption\":\"\",\"description\":\"\\u00abPalabras de Joaqui\\u0301n Emilio Arias Carvajal, jefe del nu\\u0301cleo 937-San Antonio de Prado\\u00bb.\",\"meta\":{\"length_formatted\":\"0:50\"},\"image\":{\"src\":\"https:\\\/\\\/www.medellin.gov.co\\\/es\\\/wp-includes\\\/images\\\/media\\\/audio.png\",\"width\":48,\"height\":64},\"thumb\":{\"src\":\"https:\\\/\\\/www.medellin.gov.co\\\/es\\\/wp-includes\\\/images\\\/media\\\/audio.png\",\"width\":48,\"height\":64}}]}<\/script>\n<\/div>\n\t\n<p>La Alcald\u00eda de Medell\u00edn adelant\u00f3 el Foro Corregimental de Socializaci\u00f3n de Experiencias San Antonio de Prado 2023, un evento en el que se exaltaron 28 proyectos educativos de los establecimientos escolares de este territorio rural del Distrito, los cuales aportan a la calidad en la educaci\u00f3n de los estudiantes.<\/p>\n<p>En la actividad participaron aproximadamente 600 maestros y directivos docentes del corregimiento, quienes reconocieron las pr\u00e1cticas de sus compa\u00f1eros y aprendieron de ellas para mejorar sus estrategias.<\/p>\n<p>\u201c<em>La transformaci\u00f3n educativa se construye en contexto y desde el contexto, por eso las instituciones educativas son protagonistas de esa construcci\u00f3n de territorio a trav\u00e9s de la transformaci\u00f3n de sus comunidades de aprendizaje. Reunir a toda una comunidad, en este caso corregimental de San Antonio de Prado, nos permite reconocer las experiencias exitosas y que impactan directamente a las ni\u00f1as, ni\u00f1os y j\u00f3venes que atendemos en el sistema p\u00fablico<\/em>\u201d, expres\u00f3 el secretario de Educaci\u00f3n, Juan David Agudelo Restrepo.<\/p>\n<div id=\"attachment_207460\" style=\"width: 1290px\" class=\"wp-caption alignnone\"><a href=\"https:\/\/www.medellin.gov.co\/es\/wp-content\/uploads\/2023\/06\/Foro-Experiencias-Educativas-2.jpg\" target=\"_blank\" rel=\"noopener\"><img aria-describedby=\"caption-attachment-207460\" loading=\"lazy\" class=\"wp-image-207460 size-full\" title=\"Medell\u00edn realiz\u00f3 el primer foro corregimental de experiencias educativas en San Antonio de Prado\" src=\"https:\/\/www.medellin.gov.co\/es\/wp-content\/uploads\/2023\/06\/Foro-Experiencias-Educativas-2.jpg\" alt=\"Medell\u00edn realiz\u00f3 el primer foro corregimental de experiencias educativas en San Antonio de Prado\" width=\"1280\" height=\"720\" srcset=\"https:\/\/www.medellin.gov.co\/es\/wp-content\/uploads\/2023\/06\/Foro-Experiencias-Educativas-2.jpg 1280w, https:\/\/www.medellin.gov.co\/es\/wp-content\/uploads\/2023\/06\/Foro-Experiencias-Educativas-2-300x169.jpg 300w, https:\/\/www.medellin.gov.co\/es\/wp-content\/uploads\/2023\/06\/Foro-Experiencias-Educativas-2-1024x576.jpg 1024w, https:\/\/www.medellin.gov.co\/es\/wp-content\/uploads\/2023\/06\/Foro-Experiencias-Educativas-2-150x84.jpg 150w, https:\/\/www.medellin.gov.co\/es\/wp-content\/uploads\/2023\/06\/Foro-Experiencias-Educativas-2-768x432.jpg 768w\" sizes=\"(max-width: 1280px) 100vw, 1280px\" \/><\/a><p id=\"caption-attachment-207460\" class=\"wp-caption-text\">Medell\u00edn realiz\u00f3 el primer foro corregimental de experiencias educativas en San Antonio de Prado &#8211; Foto Alcald\u00eda de Medell\u00edn<\/p><\/div>\n<p>La Secretar\u00eda de Educaci\u00f3n hizo el foro desde las 7:00 a. m. hasta la 1:00 p. m. en el plantel de cobertura Colegio Empresarial San Antonio de Prado en 14 salas, en las cuales se distribuyeron de a dos experiencias por cada una.<\/p>\n<p>Los proyectos fueron ganadores de los Premios a la Calidad Educativa Ser Mejor en diferentes categor\u00edas y son de todas las \u00e1reas y niveles acad\u00e9micos, principalmente de tecnolog\u00eda, ingl\u00e9s, matem\u00e1ticas, ciencias naturales, humanidades, preescolar, primaria y media t\u00e9cnica.<\/p>\n<p>\u201c<em>El foro se organiza teniendo en cuenta que el a\u00f1o pasado el n\u00facleo educativo fue muy reconocido en el campo de las experiencias significativas a nivel de los Premios Ser Mejor, hubo 17 que fueron galardonadas. Teniendo en cuenta a\u00f1os anteriores organizamos 28 experiencias para trabajarlas a manera de talleres, seg\u00fan la iniciativa y el inter\u00e9s de cada maestro por involucrarse<\/em>\u201d, manifest\u00f3 el jefe del nu\u0301cleo 937-San Antonio de Prado, Joaqui\u0301n Emilio Arias Carvajal.<\/p>\n<p>La administraci\u00f3n resalta y fortalece el proceso educativo, especialmente en los corregimientos donde se evidencian estrategias de formaci\u00f3n de calidad replicables en los dem\u00e1s territorios para avanzar en la transformaci\u00f3n educativa.<\/p>\n","protected":false},"excerpt":{"rendered":"<p>Se socializaron 28 proyectos ganadores de los Premios a la Calidad Educativa Ser Mejor. Asistieron cerca de 600 maestros y directivos docentes de este corregimiento. Las estrategias son en tecnolog\u00eda, ingl\u00e9s, matem\u00e1ticas, ciencias naturales, humanidades, &#8230;<\/p>\n","protected":false},"author":21,"featured_media":207465,"comment_status":"open","ping_status":"open","sticky":false,"template":"","format":"standard","meta":[],"categories":[24,4],"tags":[431],"formato_nota":[],"programas_tax":[],"acf":[],"_links":{"self":[{"href":"https:\/\/www.medellin.gov.co\/es\/wp-json\/wp\/v2\/posts\/207455"}],"collection":[{"href":"https:\/\/www.medellin.gov.co\/es\/wp-json\/wp\/v2\/posts"}],"about":[{"href":"https:\/\/www.medellin.gov.co\/es\/wp-json\/wp\/v2\/types\/post"}],"author":[{"embeddable":true,"href":"https:\/\/www.medellin.gov.co\/es\/wp-json\/wp\/v2\/users\/21"}],"replies":[{"embeddable":true,"href":"https:\/\/www.medellin.gov.co\/es\/wp-json\/wp\/v2\/comments?post=207455"}],"version-history":[{"count":1,"href":"https:\/\/www.medellin.gov.co\/es\/wp-json\/wp\/v2\/posts\/207455\/revisions"}],"predecessor-version":[{"id":207470,"href":"https:\/\/www.medellin.gov.co\/es\/wp-json\/wp\/v2\/posts\/207455\/revisions\/207470"}],"wp:featuredmedia":[{"embeddable":true,"href":"https:\/\/www.medellin.gov.co\/es\/wp-json\/wp\/v2\/media\/207465"}],"wp:attachment":[{"href":"https:\/\/www.medellin.gov.co\/es\/wp-json\/wp\/v2\/media?parent=207455"}],"wp:term":[{"taxonomy":"category","embeddable":true,"href":"https:\/\/www.medellin.gov.co\/es\/wp-json\/wp\/v2\/categories?post=207455"},{"taxonomy":"post_tag","embeddable":true,"href":"https:\/\/www.medellin.gov.co\/es\/wp-json\/wp\/v2\/tags?post=207455"},{"taxonomy":"formato_nota","embeddable":true,"href":"https:\/\/www.medellin.gov.co\/es\/wp-json\/wp\/v2\/formato_nota?post=207455"},{"taxonomy":"programas_tax","embeddable":true,"href":"https:\/\/www.medellin.gov.co\/es\/wp-json\/wp\/v2\/programas_tax?post=207455"}],"curies":[{"name":"wp","href":"https:\/\/api.w.org\/{rel}","templated":true}]}}