{"id":207514,"date":"2023-06-15T12:41:18","date_gmt":"2023-06-15T17:41:18","guid":{"rendered":"https:\/\/www.medellin.gov.co\/es\/?p=207514"},"modified":"2023-06-15T12:41:18","modified_gmt":"2023-06-15T17:41:18","slug":"medellin-y-la-empresa-privada-reconocen-el-liderazgo-de-las-mujeres-independientes-y-emprendedoras","status":"publish","type":"post","link":"https:\/\/www.medellin.gov.co\/es\/sala-de-prensa\/noticias\/medellin-y-la-empresa-privada-reconocen-el-liderazgo-de-las-mujeres-independientes-y-emprendedoras\/","title":{"rendered":"Medell\u00edn y la empresa privada reconocen el liderazgo de las mujeres independientes y emprendedoras"},"content":{"rendered":"<ul>\n<li>La Menci\u00f3n Especial Avon entregar\u00e1 $36 millones a emprendedoras que trabajen con otras mujeres y a lideresas.<\/li>\n<li>Cuatro ciudadanas ser\u00e1n reconocidas en la Menci\u00f3n Especial Avon y recibir\u00e1n un est\u00edmulo de $9 millones cada una, para su libre destinaci\u00f3n.<\/li>\n<li>La convocatoria estar\u00e1 abierta hasta el 29 de junio de 2023.<\/li>\n<\/ul>\n<!--[if lt IE 9]><script>document.createElement('audio');<\/script><![endif]-->\n\t<div class=\"wp-playlist wp-audio-playlist wp-playlist-light\">\n\t\t\t<div class=\"wp-playlist-current-item\"><\/div>\n\t\t<audio controls=\"controls\" preload=\"none\" width=\"640\"\n\t\t\t><\/audio>\n\t<div class=\"wp-playlist-next\"><\/div>\n\t<div class=\"wp-playlist-prev\"><\/div>\n\t<noscript>\n\t<ol>\n\t\t<li><a href='https:\/\/www.medellin.gov.co\/es\/wp-content\/uploads\/2023\/06\/Mujeres-Emprendedoras-01.mp3'>Palabras de Ang\u00e9lica Mar\u00eda Ortiz Maya, secretaria de las Mujeres<\/a><\/li><li><a href='https:\/\/www.medellin.gov.co\/es\/wp-content\/uploads\/2023\/06\/Mujeres-Emprendedoras-02.mp3'>Palabras de Carolina Henao, directora de la Fundaci\u00f3n Avon para las Mujeres<\/a><\/li>\t<\/ol>\n\t<\/noscript>\n\t<script type=\"application\/json\" class=\"wp-playlist-script\">{\"type\":\"audio\",\"tracklist\":true,\"tracknumbers\":true,\"images\":true,\"artists\":true,\"tracks\":[{\"src\":\"https:\\\/\\\/www.medellin.gov.co\\\/es\\\/wp-content\\\/uploads\\\/2023\\\/06\\\/Mujeres-Emprendedoras-01.mp3\",\"type\":\"audio\\\/mpeg\",\"title\":\"Palabras de Ang\\u00e9lica Mar\\u00eda Ortiz Maya, secretaria de las Mujeres\",\"caption\":\"\",\"description\":\"\\u00abPalabras de Ang\\u00e9lica Mar\\u00eda Ortiz Maya, secretaria de las Mujeres\\u00bb.\",\"meta\":{\"year\":\"2023\",\"length_formatted\":\"0:49\"},\"image\":{\"src\":\"https:\\\/\\\/www.medellin.gov.co\\\/es\\\/wp-includes\\\/images\\\/media\\\/audio.png\",\"width\":48,\"height\":64},\"thumb\":{\"src\":\"https:\\\/\\\/www.medellin.gov.co\\\/es\\\/wp-includes\\\/images\\\/media\\\/audio.png\",\"width\":48,\"height\":64}},{\"src\":\"https:\\\/\\\/www.medellin.gov.co\\\/es\\\/wp-content\\\/uploads\\\/2023\\\/06\\\/Mujeres-Emprendedoras-02.mp3\",\"type\":\"audio\\\/mpeg\",\"title\":\"Palabras de Carolina Henao, directora de la Fundaci\\u00f3n Avon para las Mujeres\",\"caption\":\"\",\"description\":\"\\u00abPalabras de Carolina Henao, directora de la Fundaci\\u00f3n Avon para las Mujeres\\u00bb.\",\"meta\":{\"year\":\"2023\",\"length_formatted\":\"2:19\"},\"image\":{\"src\":\"https:\\\/\\\/www.medellin.gov.co\\\/es\\\/wp-includes\\\/images\\\/media\\\/audio.png\",\"width\":48,\"height\":64},\"thumb\":{\"src\":\"https:\\\/\\\/www.medellin.gov.co\\\/es\\\/wp-includes\\\/images\\\/media\\\/audio.png\",\"width\":48,\"height\":64}}]}<\/script>\n<\/div>\n\t\n<p>La Convocatoria de Est\u00edmulo a los Talentos y Liderazgos de las Mujeres de Medell\u00edn 2023 contar\u00e1 este a\u00f1o con la Menci\u00f3n Especial Avon, empresa privada que reconocer\u00e1 a mayores de 29 a\u00f1os que sean representantes o emprendedoras Avon o Natura, y a aquellas que, a trav\u00e9s del emprendimiento, trabajen con, por y para las mujeres.<\/p>\n<p>Las inscripciones estar\u00e1n abiertas hasta el 29 de junio de 2023, a las 5:00 p. m. Las interesadas en aplicar deben leer detenidamente los requisitos, bases y condiciones de participaci\u00f3n, disponibles en <a href=\"https:\/\/www.medellin.gov.co\/estimulos\">https:\/\/www.medellin.gov.co\/estimulos<\/a>. Se pueden postular en la categor\u00eda dedicada a lideresas que comercialicen Avon y Natura y la segunda modalidad est\u00e1 abierta a quienes, desde el emprendimiento u otras labores comunitarias, se destacan por trabajar con, por y para otras mujeres.<\/p>\n<p>\u201c<em>Reconocer los liderazgos, las habilidades y los talentos es una forma de reivindicar los derechos de todas, poniendo en la agenda p\u00fablica una narrativa que se opone a los estereotipos de g\u00e9nero que ha creado y establecido la cultura machista. Por esta raz\u00f3n, nos alegra la alianza con la Fundaci\u00f3n Avon, pues esto implica que el sector privado se est\u00e1 uniendo a esta nueva narrativa de Medell\u00edn, una ciudad en la que es el tiempo de las mujeres<\/em>\u201d, afirm\u00f3 la secretaria de las Mujeres, Ang\u00e9lica Mar\u00eda Ortiz Maya.<\/p>\n<div id=\"attachment_207517\" style=\"width: 1290px\" class=\"wp-caption alignnone\"><a href=\"https:\/\/www.medellin.gov.co\/es\/wp-content\/uploads\/2023\/06\/Mujeres-Emprendedoras-2.jpg\" target=\"_blank\" rel=\"noopener\"><img aria-describedby=\"caption-attachment-207517\" loading=\"lazy\" class=\"wp-image-207517 size-full\" title=\"Medell\u00edn y la empresa privada reconocen el liderazgo de las mujeres independientes y emprendedoras\" src=\"https:\/\/www.medellin.gov.co\/es\/wp-content\/uploads\/2023\/06\/Mujeres-Emprendedoras-2.jpg\" alt=\"Medell\u00edn y la empresa privada reconocen el liderazgo de las mujeres independientes y emprendedoras\" width=\"1280\" height=\"853\" srcset=\"https:\/\/www.medellin.gov.co\/es\/wp-content\/uploads\/2023\/06\/Mujeres-Emprendedoras-2.jpg 1280w, https:\/\/www.medellin.gov.co\/es\/wp-content\/uploads\/2023\/06\/Mujeres-Emprendedoras-2-300x200.jpg 300w, https:\/\/www.medellin.gov.co\/es\/wp-content\/uploads\/2023\/06\/Mujeres-Emprendedoras-2-1024x682.jpg 1024w, https:\/\/www.medellin.gov.co\/es\/wp-content\/uploads\/2023\/06\/Mujeres-Emprendedoras-2-150x100.jpg 150w, https:\/\/www.medellin.gov.co\/es\/wp-content\/uploads\/2023\/06\/Mujeres-Emprendedoras-2-768x512.jpg 768w\" sizes=\"(max-width: 1280px) 100vw, 1280px\" \/><\/a><p id=\"caption-attachment-207517\" class=\"wp-caption-text\">Medell\u00edn y la empresa privada reconocen el liderazgo de las mujeres independientes y emprendedoras &#8211; Foto Alcald\u00eda de Medell\u00edn<\/p><\/div>\n<p>La menci\u00f3n, que muestra la suma de esfuerzos entre el sector p\u00fablico y privado para el reconocimiento de las mujeres y desestimula las pr\u00e1cticas culturales sexistas, entregar\u00e1 $36 millones, divididos en cuatro reconocimientos, cada uno por $9 millones, los cuales se otorgar\u00e1n a quienes se destaquen en las dos categor\u00edas, para su libre uso y destinaci\u00f3n.<\/p>\n<p>\u201c<em>Desde Avon y su Fundaci\u00f3n para las Mujeres estamos convencidos de que uniendo esfuerzos tenemos un mayor alcance y un impacto superior en las comunidades a donde llegamos. Esa uni\u00f3n es con los diferentes sectores: p\u00fablico, privado, academia, organizaciones no gubernamentales y sociedad civil. Es por ello que nos llena de orgullo hacer alianza con la Alcald\u00eda de Medell\u00edn, en el marco del Reconocimiento al Liderazgo de las Mujeres de Medell\u00edn 2023, con la menci\u00f3n especial Fundaci\u00f3n Avon: Mujeres que lideran con Mujeres, con la que buscamos reconocer a mujeres que trabajan con, por y para las mujeres<\/em>\u201d, asegur\u00f3 la directora de la Fundaci\u00f3n Avon para las Mujeres, Carolina Henao.<\/p>\n<p>El Distrito cuenta con doce promotoras territoriales, que recorren las 16 comunas y los cinco corregimientos para apoyar la divulgaci\u00f3n, convocatoria y postulaci\u00f3n en todas las categor\u00edas de la Convocatoria de Est\u00edmulo a los Talentos y Liderazgos de las Mujeres de Medell\u00edn 2023, de la cual hacen parte el Concurso Mujeres J\u00f3venes Talento y el Reconocimiento al Liderazgo de las Mujeres. A las promotoras se les puede contactar a trav\u00e9s del correo <a href=\"mailto:reconocimientomujeres@medellin.gov.co\">reconocimientomujeres@medellin.gov.co<\/a>.<\/p>\n","protected":false},"excerpt":{"rendered":"<p>La Menci\u00f3n Especial Avon entregar\u00e1 $36 millones a emprendedoras que trabajen con otras mujeres y a lideresas. Cuatro ciudadanas ser\u00e1n reconocidas en la Menci\u00f3n Especial Avon y recibir\u00e1n un est\u00edmulo de $9 millones cada una, &#8230;<\/p>\n","protected":false},"author":21,"featured_media":207520,"comment_status":"open","ping_status":"open","sticky":false,"template":"","format":"standard","meta":[],"categories":[15],"tags":[451],"formato_nota":[],"programas_tax":[],"acf":[],"_links":{"self":[{"href":"https:\/\/www.medellin.gov.co\/es\/wp-json\/wp\/v2\/posts\/207514"}],"collection":[{"href":"https:\/\/www.medellin.gov.co\/es\/wp-json\/wp\/v2\/posts"}],"about":[{"href":"https:\/\/www.medellin.gov.co\/es\/wp-json\/wp\/v2\/types\/post"}],"author":[{"embeddable":true,"href":"https:\/\/www.medellin.gov.co\/es\/wp-json\/wp\/v2\/users\/21"}],"replies":[{"embeddable":true,"href":"https:\/\/www.medellin.gov.co\/es\/wp-json\/wp\/v2\/comments?post=207514"}],"version-history":[{"count":1,"href":"https:\/\/www.medellin.gov.co\/es\/wp-json\/wp\/v2\/posts\/207514\/revisions"}],"predecessor-version":[{"id":207521,"href":"https:\/\/www.medellin.gov.co\/es\/wp-json\/wp\/v2\/posts\/207514\/revisions\/207521"}],"wp:featuredmedia":[{"embeddable":true,"href":"https:\/\/www.medellin.gov.co\/es\/wp-json\/wp\/v2\/media\/207520"}],"wp:attachment":[{"href":"https:\/\/www.medellin.gov.co\/es\/wp-json\/wp\/v2\/media?parent=207514"}],"wp:term":[{"taxonomy":"category","embeddable":true,"href":"https:\/\/www.medellin.gov.co\/es\/wp-json\/wp\/v2\/categories?post=207514"},{"taxonomy":"post_tag","embeddable":true,"href":"https:\/\/www.medellin.gov.co\/es\/wp-json\/wp\/v2\/tags?post=207514"},{"taxonomy":"formato_nota","embeddable":true,"href":"https:\/\/www.medellin.gov.co\/es\/wp-json\/wp\/v2\/formato_nota?post=207514"},{"taxonomy":"programas_tax","embeddable":true,"href":"https:\/\/www.medellin.gov.co\/es\/wp-json\/wp\/v2\/programas_tax?post=207514"}],"curies":[{"name":"wp","href":"https:\/\/api.w.org\/{rel}","templated":true}]}}