{"id":224146,"date":"2023-07-24T10:26:42","date_gmt":"2023-07-24T15:26:42","guid":{"rendered":"https:\/\/www.medellin.gov.co\/es\/?p=224146"},"modified":"2023-07-24T10:26:42","modified_gmt":"2023-07-24T15:26:42","slug":"con-arte-y-cultura-para-la-construccion-de-paz-el-distrito-fortalecio-a-21-organizaciones-sociales","status":"publish","type":"post","link":"https:\/\/www.medellin.gov.co\/es\/sala-de-prensa\/noticias\/con-arte-y-cultura-para-la-construccion-de-paz-el-distrito-fortalecio-a-21-organizaciones-sociales\/","title":{"rendered":"Con arte y cultura para la construcci\u00f3n de paz, el Distrito fortaleci\u00f3 a 21 organizaciones sociales"},"content":{"rendered":"<ul>\n<li>Es un ciclo formativo dirigido a integrantes y\/o facilitadores de las organizaciones sociales vinculadas al proyecto de Escuelas de No-Violencia.<\/li>\n<li>Se ha convertido en una estrategia de di\u00e1logo y construcci\u00f3n de saberes entre las organizaciones sociales, la academia y la institucionalidad.<\/li>\n<\/ul>\n<!--[if lt IE 9]><script>document.createElement('audio');<\/script><![endif]-->\n\t<div class=\"wp-playlist wp-audio-playlist wp-playlist-light\">\n\t\t\t<div class=\"wp-playlist-current-item\"><\/div>\n\t\t<audio controls=\"controls\" preload=\"none\" width=\"640\"\n\t\t\t><\/audio>\n\t<div class=\"wp-playlist-next\"><\/div>\n\t<div class=\"wp-playlist-prev\"><\/div>\n\t<noscript>\n\t<ol>\n\t\t<li><a href='https:\/\/www.medellin.gov.co\/es\/wp-content\/uploads\/2023\/07\/Construccion-de-Paz-01.mp3'>Palabras de Carolina Saldarriaga, subsecretaria de Construcci\u00f3n de Paz Territorial<\/a><\/li><li><a href='https:\/\/www.medellin.gov.co\/es\/wp-content\/uploads\/2023\/07\/Construccion-de-Paz-02.mp3'>Palabras de Jorge Calle, formador de la Escuela de No-Violencia<\/a><\/li>\t<\/ol>\n\t<\/noscript>\n\t<script type=\"application\/json\" class=\"wp-playlist-script\">{\"type\":\"audio\",\"tracklist\":true,\"tracknumbers\":true,\"images\":true,\"artists\":true,\"tracks\":[{\"src\":\"https:\\\/\\\/www.medellin.gov.co\\\/es\\\/wp-content\\\/uploads\\\/2023\\\/07\\\/Construccion-de-Paz-01.mp3\",\"type\":\"audio\\\/mpeg\",\"title\":\"Palabras de Carolina Saldarriaga, subsecretaria de Construcci\\u00f3n de Paz Territorial\",\"caption\":\"\",\"description\":\"\\u00abPalabras de Carolina Saldarriaga, subsecretaria de Construcci\\u00f3n de Paz Territorial\\u00bb.\",\"meta\":{\"year\":\"2023\",\"length_formatted\":\"1:03\"},\"image\":{\"src\":\"https:\\\/\\\/www.medellin.gov.co\\\/es\\\/wp-includes\\\/images\\\/media\\\/audio.png\",\"width\":48,\"height\":64},\"thumb\":{\"src\":\"https:\\\/\\\/www.medellin.gov.co\\\/es\\\/wp-includes\\\/images\\\/media\\\/audio.png\",\"width\":48,\"height\":64}},{\"src\":\"https:\\\/\\\/www.medellin.gov.co\\\/es\\\/wp-content\\\/uploads\\\/2023\\\/07\\\/Construccion-de-Paz-02.mp3\",\"type\":\"audio\\\/mpeg\",\"title\":\"Palabras de Jorge Calle, formador de la Escuela de No-Violencia\",\"caption\":\"\",\"description\":\"\\u00abPalabras de Jorge Calle, formador de la Escuela de No-Violencia\\u00bb.\",\"meta\":{\"year\":\"2023\",\"length_formatted\":\"2:01\"},\"image\":{\"src\":\"https:\\\/\\\/www.medellin.gov.co\\\/es\\\/wp-includes\\\/images\\\/media\\\/audio.png\",\"width\":48,\"height\":64},\"thumb\":{\"src\":\"https:\\\/\\\/www.medellin.gov.co\\\/es\\\/wp-includes\\\/images\\\/media\\\/audio.png\",\"width\":48,\"height\":64}}]}<\/script>\n<\/div>\n\t\n<p>El Distrito de Medell\u00edn, en su compromiso por la construcci\u00f3n de paz territorial y la No-Violencia, fortalece 21 procesos sociales y comunitarios de base en la ciudad, que promueven escenarios de resistencia pac\u00edfica al conflicto a trav\u00e9s de metodolog\u00edas y habilidades de arte y cultura que tienen presencia en diez comunas y un corregimiento.<\/p>\n<p>Este proceso impact\u00f3 a 40 integrantes y\/o facilitadores de 21 organizaciones sociales vinculadas al proyecto de Escuelas de No-Violencia, a trav\u00e9s de la segunda edici\u00f3n del diplomado \u201cMetodolog\u00edas art\u00edsticas para la No-Violencia y la Construcci\u00f3n de Paz Territorial\u201d, organizado por la Secretar\u00eda de la No-Violencia y el Centro de Articulaci\u00f3n para la Innovaci\u00f3n y la Transformaci\u00f3n Social de la Facultad de Ciencias Sociales y Humanas de la Universidad de Antioquia.<\/p>\n<p>\u201c<em>Nos propusimos generar discusiones alrededor de los ejercicios y las pr\u00e1cticas pedag\u00f3gicas que dinamizan estas organizaciones sociales en territorio para tener mejores escenarios de di\u00e1logo y de reflexi\u00f3n. Esto hace parte de una estrategia de formaci\u00f3n a formadores que nos permite cualificar y generar herramientas para abordar la construcci\u00f3n de paz en Medell\u00edn<\/em>\u201d, explic\u00f3 la subsecretaria de Construcci\u00f3n de Paz Territorial, Carolina Saldarriaga.<\/p>\n<p>Esta capacitaci\u00f3n le permiti\u00f3 a las organizaciones sociales de los territorios avanzar en propuestas formativas que fortalecen la construcci\u00f3n de paz territorial en la ciudad desde el reconocimiento de sus apuestas y la ampliaci\u00f3n de referentes conceptuales, pedag\u00f3gicos, metodol\u00f3gicos y contextuales que desde el arte y la cultura orientan los ejercicios reflexivos, te\u00f3ricos y pr\u00e1cticos para la transformaci\u00f3n social como acci\u00f3n preparatoria para el inicio de las escuelas en los barrios y comunas.<\/p>\n<div id=\"attachment_224148\" style=\"width: 1290px\" class=\"wp-caption alignnone\"><a href=\"https:\/\/www.medellin.gov.co\/es\/wp-content\/uploads\/2023\/07\/Construccion-de-Paz-2.jpg\" target=\"_blank\" rel=\"noopener\"><img aria-describedby=\"caption-attachment-224148\" loading=\"lazy\" class=\"wp-image-224148 size-full\" title=\"Con arte y cultura para la construcci\u00f3n de paz, el Distrito fortaleci\u00f3 a 21 organizaciones sociales\" src=\"https:\/\/www.medellin.gov.co\/es\/wp-content\/uploads\/2023\/07\/Construccion-de-Paz-2.jpg\" alt=\"Con arte y cultura para la construcci\u00f3n de paz, el Distrito fortaleci\u00f3 a 21 organizaciones sociales\" width=\"1280\" height=\"855\" srcset=\"https:\/\/www.medellin.gov.co\/es\/wp-content\/uploads\/2023\/07\/Construccion-de-Paz-2.jpg 1280w, https:\/\/www.medellin.gov.co\/es\/wp-content\/uploads\/2023\/07\/Construccion-de-Paz-2-300x200.jpg 300w, https:\/\/www.medellin.gov.co\/es\/wp-content\/uploads\/2023\/07\/Construccion-de-Paz-2-1024x684.jpg 1024w, https:\/\/www.medellin.gov.co\/es\/wp-content\/uploads\/2023\/07\/Construccion-de-Paz-2-150x100.jpg 150w, https:\/\/www.medellin.gov.co\/es\/wp-content\/uploads\/2023\/07\/Construccion-de-Paz-2-768x513.jpg 768w\" sizes=\"(max-width: 1280px) 100vw, 1280px\" \/><\/a><p id=\"caption-attachment-224148\" class=\"wp-caption-text\">Con arte y cultura para la construcci\u00f3n de paz, el Distrito fortaleci\u00f3 a 21 organizaciones sociales &#8211; Foto Alcald\u00eda de Medell\u00edn<\/p><\/div>\n<p>\u201c<em>Nos da conocimiento para traer nuevas herramientas y formas, en las cuales los chicos del Centro de Medell\u00edn, que es el territorio en el que trabajamos, vean de una forma diferente la vida, que entiendan que las posibilidades no son el microtr\u00e1fico, la prostituci\u00f3n, el robo, trabajar de forma informal, sino que hay m\u00e1s posibilidades y, as\u00ed, entender que desde el arte, los j\u00f3venes tienen la posibilidad de expandir su mente, la forma de pensar y ver la vida<\/em>\u201d, indic\u00f3 Jorge Calle, formador de la Escuela de No-Violencia que acompa\u00f1a la organizaci\u00f3n de Everyday Homeless.<\/p>\n<p>Se trat\u00f3 de 116 horas de formaci\u00f3n divididas en dos m\u00f3dulos. El primero con 36 horas para el acercamiento a los fundamentos \u00e9ticos, pedag\u00f3gicos y pol\u00edticos, en los cuales el proyecto Escuelas de la No-Violencia hace su trabajo en territorio. El segundo con 80 horas de exploraci\u00f3n art\u00edstica y metodol\u00f3gica para la construcci\u00f3n de paz territorial; trabajo aut\u00f3nomo y la creaci\u00f3n individual que permiti\u00f3 la construcci\u00f3n de debates colectivos sobre ejes tem\u00e1ticos de verdad, memoria, justicia restaurativa, humanizaci\u00f3n de los conflictos y violencias basadas en g\u00e9nero para lograr la comprensi\u00f3n de las distintas realidades territoriales.<\/p>\n<p>En este sentido, la experiencia de esta segunda edici\u00f3n del diplomado cont\u00f3 con funcionarios de la Secretar\u00eda de la No-Violencia, con la intenci\u00f3n de que estos aporten para cualificar los procesos institucionales. Adem\u00e1s, a trav\u00e9s de sus memorias, espera servir de insumo a otras instituciones, colectividades y personas interesadas en llevar a cabo debates, mediaciones y ejercicios pr\u00e1cticos de construcci\u00f3n de paz en los contextos que trabajan a favor de construir comunidades desde el cuidado y la esperanza de convivir una ciudad no-violenta.<\/p>\n<p>El Distrito continuar\u00e1 con la cualificaci\u00f3n y fortalecimiento de colectivos y organizaciones sociales de base comunitaria en torno a la paz local y la implementaci\u00f3n de los acuerdos de paz para hacer de Medell\u00edn un escenario de reconciliaci\u00f3n, construcci\u00f3n de tejido social y resistencia pac\u00edfica a las violencias.<\/p>\n","protected":false},"excerpt":{"rendered":"<p>Es un ciclo formativo dirigido a integrantes y\/o facilitadores de las organizaciones sociales vinculadas al proyecto de Escuelas de No-Violencia. Se ha convertido en una estrategia de di\u00e1logo y construcci\u00f3n de saberes entre las organizaciones &#8230;<\/p>\n","protected":false},"author":21,"featured_media":224151,"comment_status":"open","ping_status":"open","sticky":false,"template":"","format":"standard","meta":[],"categories":[20],"tags":[451,455],"formato_nota":[],"programas_tax":[],"acf":[],"_links":{"self":[{"href":"https:\/\/www.medellin.gov.co\/es\/wp-json\/wp\/v2\/posts\/224146"}],"collection":[{"href":"https:\/\/www.medellin.gov.co\/es\/wp-json\/wp\/v2\/posts"}],"about":[{"href":"https:\/\/www.medellin.gov.co\/es\/wp-json\/wp\/v2\/types\/post"}],"author":[{"embeddable":true,"href":"https:\/\/www.medellin.gov.co\/es\/wp-json\/wp\/v2\/users\/21"}],"replies":[{"embeddable":true,"href":"https:\/\/www.medellin.gov.co\/es\/wp-json\/wp\/v2\/comments?post=224146"}],"version-history":[{"count":1,"href":"https:\/\/www.medellin.gov.co\/es\/wp-json\/wp\/v2\/posts\/224146\/revisions"}],"predecessor-version":[{"id":224161,"href":"https:\/\/www.medellin.gov.co\/es\/wp-json\/wp\/v2\/posts\/224146\/revisions\/224161"}],"wp:featuredmedia":[{"embeddable":true,"href":"https:\/\/www.medellin.gov.co\/es\/wp-json\/wp\/v2\/media\/224151"}],"wp:attachment":[{"href":"https:\/\/www.medellin.gov.co\/es\/wp-json\/wp\/v2\/media?parent=224146"}],"wp:term":[{"taxonomy":"category","embeddable":true,"href":"https:\/\/www.medellin.gov.co\/es\/wp-json\/wp\/v2\/categories?post=224146"},{"taxonomy":"post_tag","embeddable":true,"href":"https:\/\/www.medellin.gov.co\/es\/wp-json\/wp\/v2\/tags?post=224146"},{"taxonomy":"formato_nota","embeddable":true,"href":"https:\/\/www.medellin.gov.co\/es\/wp-json\/wp\/v2\/formato_nota?post=224146"},{"taxonomy":"programas_tax","embeddable":true,"href":"https:\/\/www.medellin.gov.co\/es\/wp-json\/wp\/v2\/programas_tax?post=224146"}],"curies":[{"name":"wp","href":"https:\/\/api.w.org\/{rel}","templated":true}]}}