{"id":224196,"date":"2023-07-24T11:05:13","date_gmt":"2023-07-24T16:05:13","guid":{"rendered":"https:\/\/www.medellin.gov.co\/es\/?p=224196"},"modified":"2023-07-24T11:05:13","modified_gmt":"2023-07-24T16:05:13","slug":"la-moda-digital-se-toma-el-pabellon-del-conocimiento-en-colombiamoda-2023","status":"publish","type":"post","link":"https:\/\/www.medellin.gov.co\/es\/sala-de-prensa\/noticias\/la-moda-digital-se-toma-el-pabellon-del-conocimiento-en-colombiamoda-2023\/","title":{"rendered":"La moda digital se toma el Pabell\u00f3n del Conocimiento en Colombiamoda 2023"},"content":{"rendered":"<ul>\n<li>Sapiencia, en alianza con las I. U. Pascual Bravo y Salazar y Herrera, lleva experiencias en tecnolog\u00eda digital a la feria de moda m\u00e1s importante de Colombia.<\/li>\n<li>Moda en hologramas y pasarelas que combinan la realidad f\u00edsica con el metaverso estar\u00e1n en el Pabell\u00f3n del Conocimiento.<\/li>\n<li>El ingreso ser\u00e1 gratuito y sin inscripci\u00f3n, el 25, 26 y 27 de julio.<\/li>\n<\/ul>\n<!--[if lt IE 9]><script>document.createElement('audio');<\/script><![endif]-->\n\t<div class=\"wp-playlist wp-audio-playlist wp-playlist-light\">\n\t\t\t<div class=\"wp-playlist-current-item\"><\/div>\n\t\t<audio controls=\"controls\" preload=\"none\" width=\"640\"\n\t\t\t><\/audio>\n\t<div class=\"wp-playlist-next\"><\/div>\n\t<div class=\"wp-playlist-prev\"><\/div>\n\t<noscript>\n\t<ol>\n\t\t<li><a href='https:\/\/www.medellin.gov.co\/es\/wp-content\/uploads\/2023\/07\/Colombiamoda-01.mp3'>Palabras de Carlos Alberto Chaparro, director de Sapiencia<\/a><\/li><li><a href='https:\/\/www.medellin.gov.co\/es\/wp-content\/uploads\/2023\/07\/Colombiamoda-02.mp3'>Palabras de Lina Ortiz Quimbay, decana Facultad de Producci\u00f3n y Dise\u00f1o Pascual Bravo<\/a><\/li><li><a href='https:\/\/www.medellin.gov.co\/es\/wp-content\/uploads\/2023\/07\/Colombiamoda-03.mp3'>Palabras de Robinson Carballo, estudiante de la I.U Pascual Bravo<\/a><\/li>\t<\/ol>\n\t<\/noscript>\n\t<script type=\"application\/json\" class=\"wp-playlist-script\">{\"type\":\"audio\",\"tracklist\":true,\"tracknumbers\":true,\"images\":true,\"artists\":true,\"tracks\":[{\"src\":\"https:\\\/\\\/www.medellin.gov.co\\\/es\\\/wp-content\\\/uploads\\\/2023\\\/07\\\/Colombiamoda-01.mp3\",\"type\":\"audio\\\/mpeg\",\"title\":\"Palabras de Carlos Alberto Chaparro, director de Sapiencia\",\"caption\":\"\",\"description\":\"\\u00abPalabras de Carlos Alberto Chaparro, director de Sapiencia\\u00bb.\",\"meta\":{\"year\":\"2023\",\"length_formatted\":\"1:33\"},\"image\":{\"src\":\"https:\\\/\\\/www.medellin.gov.co\\\/es\\\/wp-includes\\\/images\\\/media\\\/audio.png\",\"width\":48,\"height\":64},\"thumb\":{\"src\":\"https:\\\/\\\/www.medellin.gov.co\\\/es\\\/wp-includes\\\/images\\\/media\\\/audio.png\",\"width\":48,\"height\":64}},{\"src\":\"https:\\\/\\\/www.medellin.gov.co\\\/es\\\/wp-content\\\/uploads\\\/2023\\\/07\\\/Colombiamoda-02.mp3\",\"type\":\"audio\\\/mpeg\",\"title\":\"Palabras de Lina Ortiz Quimbay, decana Facultad de Producci\\u00f3n y Dise\\u00f1o Pascual Bravo\",\"caption\":\"\",\"description\":\"\\u00abPalabras de Lina Ortiz Quimbay, decana Facultad de Producci\\u00f3n y Dise\\u00f1o Pascual Bravo\\u00bb.\",\"meta\":{\"year\":\"2023\",\"length_formatted\":\"0:56\"},\"image\":{\"src\":\"https:\\\/\\\/www.medellin.gov.co\\\/es\\\/wp-includes\\\/images\\\/media\\\/audio.png\",\"width\":48,\"height\":64},\"thumb\":{\"src\":\"https:\\\/\\\/www.medellin.gov.co\\\/es\\\/wp-includes\\\/images\\\/media\\\/audio.png\",\"width\":48,\"height\":64}},{\"src\":\"https:\\\/\\\/www.medellin.gov.co\\\/es\\\/wp-content\\\/uploads\\\/2023\\\/07\\\/Colombiamoda-03.mp3\",\"type\":\"audio\\\/mpeg\",\"title\":\"Palabras de Robinson Carballo, estudiante de la I.U Pascual Bravo\",\"caption\":\"\",\"description\":\"\\u00abPalabras de Robinson Carballo, estudiante de la I.U Pascual Bravo\\u00bb.\",\"meta\":{\"year\":\"2023\",\"length_formatted\":\"0:53\"},\"image\":{\"src\":\"https:\\\/\\\/www.medellin.gov.co\\\/es\\\/wp-includes\\\/images\\\/media\\\/audio.png\",\"width\":48,\"height\":64},\"thumb\":{\"src\":\"https:\\\/\\\/www.medellin.gov.co\\\/es\\\/wp-includes\\\/images\\\/media\\\/audio.png\",\"width\":48,\"height\":64}}]}<\/script>\n<\/div>\n\t\n<p>Por cuarto a\u00f1o consecutivo, la Alcald\u00eda de Medell\u00edn, a trav\u00e9s de la Agencia de Educaci\u00f3n Postsecundaria de Medell\u00edn -Sapiencia, se vincula como patrocinador oficial del conocimiento en la feria de moda m\u00e1s importante de Colombia.<\/p>\n<p>Para esta edici\u00f3n de Colombiamoda, Sapiencia pondr\u00e1 en escena experiencias que combinan la tecnolog\u00eda digital con la moda, un desaf\u00edo al que Medell\u00edn le est\u00e1 apostando desde la educaci\u00f3n. El ingreso ser\u00e1 gratuito y sin inscripci\u00f3n, el 25, 26 y 27 de julio.<\/p>\n<p>\u201c<em>Estamos llevando la agenda acad\u00e9mica, para que todas las instituciones que tienen que ver con formaci\u00f3n en moda y, al mismo tiempo con formaci\u00f3n en la industria digital, nos articulemos y llevemos esto a todos los expositores y participantes. Para esta edici\u00f3n de la feria tenemos novedades muy interesantes, como las pasarelas digitales, las presentaciones h\u00edbridas en la industria de la moda, que combinan el metarverso, que combinan el dise\u00f1o digital y que combinan, incluso, la narrativa creativa<\/em>\u201d, precis\u00f3 el director de Sapiencia, Carlos Alberto Chaparro.<\/p>\n<p>Las instituciones universitarias Salazar y Herrera y Pascual Bravo har\u00e1n parte de la muestra acad\u00e9mica, en el Pabell\u00f3n del Conocimiento, en alianza con Sapiencia. Este a\u00f1o, la moda en hologramas y pasarelas que combinan la realidad f\u00edsica con el metaverso, har\u00e1n parte del pabell\u00f3n.<\/p>\n<div id=\"attachment_224198\" style=\"width: 1290px\" class=\"wp-caption alignnone\"><a href=\"https:\/\/www.medellin.gov.co\/es\/wp-content\/uploads\/2023\/07\/Colombiamoda-2.jpg\" target=\"_blank\" rel=\"noopener\"><img aria-describedby=\"caption-attachment-224198\" loading=\"lazy\" class=\"wp-image-224198 size-full\" title=\"La moda digital se toma el Pabell\u00f3n del Conocimiento en Colombiamoda 2023\" src=\"https:\/\/www.medellin.gov.co\/es\/wp-content\/uploads\/2023\/07\/Colombiamoda-2.jpg\" alt=\"La moda digital se toma el Pabell\u00f3n del Conocimiento en Colombiamoda 2023\" width=\"1280\" height=\"853\" srcset=\"https:\/\/www.medellin.gov.co\/es\/wp-content\/uploads\/2023\/07\/Colombiamoda-2.jpg 1280w, https:\/\/www.medellin.gov.co\/es\/wp-content\/uploads\/2023\/07\/Colombiamoda-2-300x200.jpg 300w, https:\/\/www.medellin.gov.co\/es\/wp-content\/uploads\/2023\/07\/Colombiamoda-2-1024x682.jpg 1024w, https:\/\/www.medellin.gov.co\/es\/wp-content\/uploads\/2023\/07\/Colombiamoda-2-150x100.jpg 150w, https:\/\/www.medellin.gov.co\/es\/wp-content\/uploads\/2023\/07\/Colombiamoda-2-768x512.jpg 768w\" sizes=\"(max-width: 1280px) 100vw, 1280px\" \/><\/a><p id=\"caption-attachment-224198\" class=\"wp-caption-text\">La moda digital se toma el Pabell\u00f3n del Conocimiento en Colombiamoda 2023 &#8211; Foto Alcald\u00eda de Medell\u00edn<\/p><\/div>\n<p>\u201c<em>A trav\u00e9s de nuestra Escuela P\u00fablica de Dise\u00f1o y nuestros programas vamos a estar con diferentes actividades, como pasarelas, charlas; vamos a tener esculpido en vivo, para que miren c\u00f3mo se mezcla esa realidad virtual y esa tecnolog\u00eda con la moda. Tambi\u00e9n, tenemos una experiencia inmersiva con realidad virtual, a trav\u00e9s de gafas con las que vamos a interactuar en un ejercicio digital,\u00a0 para que miren c\u00f3mo se mezclan estas dos disciplinas<\/em>\u201d, expres\u00f3 la decana de la Facultad de Producci\u00f3n y Dise\u00f1o de la Instituci\u00f3n Universitaria Pascual Bravo, Lina Ortiz Quimbay.<\/p>\n<p>Estudiantes y acad\u00e9micos del sector de la moda tendr\u00e1n muestras y pasarelas, impulsando as\u00ed la democratizaci\u00f3n de esta industria en Medell\u00edn y el pa\u00eds.<\/p>\n<p>\u201c<em>Para mi siempre fue un sue\u00f1o ser parte de Colombiamoda y hoy lo estoy logrando gracias al apoyo que nos est\u00e1 dando la Universidad y Sapiencia. Ya estamos a punto de graduarnos y vamos a estar rodeados de expertos en moda, abri\u00e9ndonos oportunidades de trabajo y de crear marca<\/em>\u201d, expres\u00f3 Robinson Carballo, uno de los estudiantes de la I.U Pascual Bravo, elegido para llevar sus dise\u00f1os a las pasarelas del pabell\u00f3n del conocimiento.<\/p>\n<p>Adem\u00e1s de las experiencias en el Pabell\u00f3n del Conocimiento, Sapiencia tendr\u00e1 un conversatorio abierto al p\u00fablico con exponentes del sector moda, en el que se abordar\u00e1 el perfil de innovaci\u00f3n en este sector. El ingreso ser\u00e1 libre, el 27 de julio, a la 1:20 p. m., en el Teatro Metropolitano.<\/p>\n","protected":false},"excerpt":{"rendered":"<p>Sapiencia, en alianza con las I. U. Pascual Bravo y Salazar y Herrera, lleva experiencias en tecnolog\u00eda digital a la feria de moda m\u00e1s importante de Colombia. Moda en hologramas y pasarelas que combinan la &#8230;<\/p>\n","protected":false},"author":21,"featured_media":224203,"comment_status":"open","ping_status":"open","sticky":false,"template":"","format":"standard","meta":[],"categories":[3,17],"tags":[634],"formato_nota":[],"programas_tax":[],"acf":[],"_links":{"self":[{"href":"https:\/\/www.medellin.gov.co\/es\/wp-json\/wp\/v2\/posts\/224196"}],"collection":[{"href":"https:\/\/www.medellin.gov.co\/es\/wp-json\/wp\/v2\/posts"}],"about":[{"href":"https:\/\/www.medellin.gov.co\/es\/wp-json\/wp\/v2\/types\/post"}],"author":[{"embeddable":true,"href":"https:\/\/www.medellin.gov.co\/es\/wp-json\/wp\/v2\/users\/21"}],"replies":[{"embeddable":true,"href":"https:\/\/www.medellin.gov.co\/es\/wp-json\/wp\/v2\/comments?post=224196"}],"version-history":[{"count":1,"href":"https:\/\/www.medellin.gov.co\/es\/wp-json\/wp\/v2\/posts\/224196\/revisions"}],"predecessor-version":[{"id":224205,"href":"https:\/\/www.medellin.gov.co\/es\/wp-json\/wp\/v2\/posts\/224196\/revisions\/224205"}],"wp:featuredmedia":[{"embeddable":true,"href":"https:\/\/www.medellin.gov.co\/es\/wp-json\/wp\/v2\/media\/224203"}],"wp:attachment":[{"href":"https:\/\/www.medellin.gov.co\/es\/wp-json\/wp\/v2\/media?parent=224196"}],"wp:term":[{"taxonomy":"category","embeddable":true,"href":"https:\/\/www.medellin.gov.co\/es\/wp-json\/wp\/v2\/categories?post=224196"},{"taxonomy":"post_tag","embeddable":true,"href":"https:\/\/www.medellin.gov.co\/es\/wp-json\/wp\/v2\/tags?post=224196"},{"taxonomy":"formato_nota","embeddable":true,"href":"https:\/\/www.medellin.gov.co\/es\/wp-json\/wp\/v2\/formato_nota?post=224196"},{"taxonomy":"programas_tax","embeddable":true,"href":"https:\/\/www.medellin.gov.co\/es\/wp-json\/wp\/v2\/programas_tax?post=224196"}],"curies":[{"name":"wp","href":"https:\/\/api.w.org\/{rel}","templated":true}]}}