{"id":224277,"date":"2023-07-24T11:56:14","date_gmt":"2023-07-24T16:56:14","guid":{"rendered":"https:\/\/www.medellin.gov.co\/es\/?p=224277"},"modified":"2023-07-24T11:56:14","modified_gmt":"2023-07-24T16:56:14","slug":"liberan-a-dos-secuestrados-y-capturan-a-17-presuntos-delincuentes-en-operaciones-articuladas-de-la-policia-metropolitana","status":"publish","type":"post","link":"https:\/\/www.medellin.gov.co\/es\/sala-de-prensa\/noticias\/liberan-a-dos-secuestrados-y-capturan-a-17-presuntos-delincuentes-en-operaciones-articuladas-de-la-policia-metropolitana\/","title":{"rendered":"Liberan a dos secuestrados y capturan a 17 presuntos delincuentes en operaciones articuladas de la Polic\u00eda Metropolitana"},"content":{"rendered":"<ul>\n<li>Unidades del Gaula actuaron contra cuatro estructuras dedicadas a la extorsi\u00f3n y el secuestro.<\/li>\n<li>Entre los detenidos hay dos mujeres, una de ellas dedicada a la llamada \u201cextorsi\u00f3n carcelaria\u201d desde un reclusorio local.<\/li>\n<li>En la comuna Popular fue rescatado un hombre, retenido y torturado por la aparente p\u00e9rdida de una consola de sonido.<\/li>\n<\/ul>\n<!--[if lt IE 9]><script>document.createElement('audio');<\/script><![endif]-->\n\t<div class=\"wp-playlist wp-audio-playlist wp-playlist-light\">\n\t\t\t<div class=\"wp-playlist-current-item\"><\/div>\n\t\t<audio controls=\"controls\" preload=\"none\" width=\"640\"\n\t\t\t><\/audio>\n\t<div class=\"wp-playlist-next\"><\/div>\n\t<div class=\"wp-playlist-prev\"><\/div>\n\t<noscript>\n\t<ol>\n\t\t<li><a href='https:\/\/www.medellin.gov.co\/es\/wp-content\/uploads\/2023\/07\/Capturas-01-1.mp3'>Palabras de Brigadier General Jos\u00e9 Gerardo Acevedo Ossa, secretario de Seguridad y Convivencia<\/a><\/li>\t<\/ol>\n\t<\/noscript>\n\t<script type=\"application\/json\" class=\"wp-playlist-script\">{\"type\":\"audio\",\"tracklist\":true,\"tracknumbers\":true,\"images\":true,\"artists\":true,\"tracks\":[{\"src\":\"https:\\\/\\\/www.medellin.gov.co\\\/es\\\/wp-content\\\/uploads\\\/2023\\\/07\\\/Capturas-01-1.mp3\",\"type\":\"audio\\\/mpeg\",\"title\":\"Palabras de Brigadier General Jos\\u00e9 Gerardo Acevedo Ossa, secretario de Seguridad y Convivencia\",\"caption\":\"\",\"description\":\"\\u00abPalabras de Brigadier General Jos\\u00e9 Gerardo Acevedo Ossa, secretario de Seguridad y Convivencia\\u00bb.\",\"meta\":{\"length_formatted\":\"0:50\"},\"image\":{\"src\":\"https:\\\/\\\/www.medellin.gov.co\\\/es\\\/wp-includes\\\/images\\\/media\\\/audio.png\",\"width\":48,\"height\":64},\"thumb\":{\"src\":\"https:\\\/\\\/www.medellin.gov.co\\\/es\\\/wp-includes\\\/images\\\/media\\\/audio.png\",\"width\":48,\"height\":64}}]}<\/script>\n<\/div>\n\t\n<p>Nuevamente, la llamada oportuna a la l\u00ednea de emergencia del 123, a las autoridades de la Polic\u00eda en la l\u00ednea del 165 y la reacci\u00f3n del grupo especializado del Gaula de la Polic\u00eda Metropolitana dejan resultados contra el secuestro y la extorsi\u00f3n. Esta vez, con la tecnolog\u00eda del Sistema Integrado de Emergencias y Seguridad de Medell\u00edn (SIESM), se efectuaron 17 capturas, durante cuatro operaciones, en la \u00faltima semana. Tambi\u00e9n fue liberado un hombre que estaba retenido y torturado en la comuna Popular.<\/p>\n<p>Los procedimientos, que fueron posibles gracias a la oportuna denuncia, se realizaron en los barrios Popular, Santa Luc\u00eda, Granizal, Minorista, Chagualo y San Benito, de Medell\u00edn, y en los municipios de La Estrella y Girardota.<\/p>\n<p>\u201c<em>Nos estamos acompa\u00f1ando por el Gaula Metropolitano de la Polic\u00eda Nacional, donde se capturan 17 personas, dentro de ellas mujeres, por extorsi\u00f3n y secuestro. Aqu\u00ed lo importante es que ha habido denuncias y podemos actuar. Ha habido varios casos en la ciudad, llamadas, inclusive, de una mujer desde la c\u00e1rcel, con las que extorsionaba a algunos comerciantes. Se capturan, se incautan elementos probatorios que se ponen a disposici\u00f3n de la Fiscal\u00eda<\/em>\u201d, dijo el secretario de Seguridad y Convivencia, Brigadier General Jos\u00e9 Gerardo Acevedo Ossa.<\/p>\n<p>En Granizal, seg\u00fan el reporte, fue rescatado un hombre que estaba retenido y a quien se torturaba con un martillo. Fue secuestrado en compa\u00f1\u00eda de su pareja sentimental, por individuos que exig\u00edan una suma de dinero para liberarlos. Inicialmente, la v\u00edctima hizo un pago en efectivo y fue liberada. Sin embargo, al d\u00eda siguiente, se le retiene de nuevo para exigirle m\u00e1s dinero. En esta acci\u00f3n fueron capturadas cuatro personas en flagrancia, quienes pertenecer\u00edan a un grupo delincuencial de esa zona.<\/p>\n<p>En el Centro de Medell\u00edn, en conjunto con la Fiscal\u00eda General de la Naci\u00f3n, se ejecutaron tres \u00f3rdenes judiciales, que permitieron llegar a tres presuntos integrantes de una estructura criminal por el delito de extorsi\u00f3n agravada, a quienes se les se\u00f1ala de delinquir en sectores como La Minorista, El Chagualo y San Benito. Exig\u00edan sumas semanales que iban de los $10.000 a los $100.000, por cada local comercial o puesto ambulante. Tambi\u00e9n hac\u00edan cobros extorsivos a los transportadores de las empresas distribuidoras de mercanc\u00eda.<\/p>\n<p>\u201c<em>Se han presentado algunas retenciones, pero que, al final, resultan con delito de secuestro y se han puesto a disposici\u00f3n de la autoridad competente. Aqu\u00ed lo importante es que denuncien. Estamos actuando y dando buenos resultados<\/em>\u201d, a\u00f1adi\u00f3 el secretario de Seguridad y Convivencia.<\/p>\n<p>En el barrio Popular se estableci\u00f3 la ubicaci\u00f3n de otro retenido, a quien se\u00f1alaban como responsable por la p\u00e9rdida de una consola de sonido. All\u00ed se efectu\u00f3 una captura por secuestro extorsivo y tortura y fue rescatada la v\u00edctima, que presentaba diferentes lesiones.<\/p>\n<p>En Santa Luc\u00eda, tres sujetos quedaron en manos de las autoridades cuando recib\u00edan $6.000.000 por parte de una persona, para dejarla trabajar. En La Estrella, otros cuatro presuntos delincuentes fueron sorprendidos cuando exig\u00edan $5.000.000 a un ciudadano por \u201cpermitirle\u201d residir en el sector de La Tablaza. En Girardota, luego de investigaci\u00f3n del Gaula de la Polic\u00eda Metropolitana, fueron capturadas otras dos personas por casos de extorsi\u00f3n.<\/p>\n","protected":false},"excerpt":{"rendered":"<p>Unidades del Gaula actuaron contra cuatro estructuras dedicadas a la extorsi\u00f3n y el secuestro. Entre los detenidos hay dos mujeres, una de ellas dedicada a la llamada \u201cextorsi\u00f3n carcelaria\u201d desde un reclusorio local. En la &#8230;<\/p>\n","protected":false},"author":21,"featured_media":224278,"comment_status":"open","ping_status":"open","sticky":false,"template":"","format":"standard","meta":[],"categories":[21],"tags":[619],"formato_nota":[],"programas_tax":[],"acf":[],"_links":{"self":[{"href":"https:\/\/www.medellin.gov.co\/es\/wp-json\/wp\/v2\/posts\/224277"}],"collection":[{"href":"https:\/\/www.medellin.gov.co\/es\/wp-json\/wp\/v2\/posts"}],"about":[{"href":"https:\/\/www.medellin.gov.co\/es\/wp-json\/wp\/v2\/types\/post"}],"author":[{"embeddable":true,"href":"https:\/\/www.medellin.gov.co\/es\/wp-json\/wp\/v2\/users\/21"}],"replies":[{"embeddable":true,"href":"https:\/\/www.medellin.gov.co\/es\/wp-json\/wp\/v2\/comments?post=224277"}],"version-history":[{"count":1,"href":"https:\/\/www.medellin.gov.co\/es\/wp-json\/wp\/v2\/posts\/224277\/revisions"}],"predecessor-version":[{"id":224280,"href":"https:\/\/www.medellin.gov.co\/es\/wp-json\/wp\/v2\/posts\/224277\/revisions\/224280"}],"wp:featuredmedia":[{"embeddable":true,"href":"https:\/\/www.medellin.gov.co\/es\/wp-json\/wp\/v2\/media\/224278"}],"wp:attachment":[{"href":"https:\/\/www.medellin.gov.co\/es\/wp-json\/wp\/v2\/media?parent=224277"}],"wp:term":[{"taxonomy":"category","embeddable":true,"href":"https:\/\/www.medellin.gov.co\/es\/wp-json\/wp\/v2\/categories?post=224277"},{"taxonomy":"post_tag","embeddable":true,"href":"https:\/\/www.medellin.gov.co\/es\/wp-json\/wp\/v2\/tags?post=224277"},{"taxonomy":"formato_nota","embeddable":true,"href":"https:\/\/www.medellin.gov.co\/es\/wp-json\/wp\/v2\/formato_nota?post=224277"},{"taxonomy":"programas_tax","embeddable":true,"href":"https:\/\/www.medellin.gov.co\/es\/wp-json\/wp\/v2\/programas_tax?post=224277"}],"curies":[{"name":"wp","href":"https:\/\/api.w.org\/{rel}","templated":true}]}}