{"id":224659,"date":"2023-07-25T13:05:03","date_gmt":"2023-07-25T18:05:03","guid":{"rendered":"https:\/\/www.medellin.gov.co\/es\/?p=224659"},"modified":"2023-07-25T13:05:03","modified_gmt":"2023-07-25T18:05:03","slug":"propietarios-de-vehiculos-hibridos-electricos-deberan-solicitar-la-exencion-de-pico-y-placa-antes-del-19-de-septiembre","status":"publish","type":"post","link":"https:\/\/www.medellin.gov.co\/es\/sala-de-prensa\/noticias\/propietarios-de-vehiculos-hibridos-electricos-deberan-solicitar-la-exencion-de-pico-y-placa-antes-del-19-de-septiembre\/","title":{"rendered":"Propietarios de veh\u00edculos h\u00edbridos el\u00e9ctricos deber\u00e1n solicitar la exenci\u00f3n de pico y placa antes del 19 de septiembre"},"content":{"rendered":"<ul>\n<li>Durante este tiempo, los conductores de estos veh\u00edculos no ser\u00e1n sancionados ni recibir\u00e1n fotodetecciones por pico y placa.<\/li>\n<li>La inscripci\u00f3n podr\u00e1 hacerse en <a href=\"https:\/\/www.medellin.gov.co\/es\/tramites-y-servicios\/exencion-de-pico-y-placa\/\">https:\/\/www.medellin.gov.co\/es\/tramites-y-servicios\/exencion-de-pico-y-placa\/\u00a0<\/a><\/li>\n<li>Se estima que en Medell\u00edn circulan o est\u00e1n registrados 6.264 veh\u00edculos h\u00edbridos el\u00e9ctricos.<\/li>\n<\/ul>\n<!--[if lt IE 9]><script>document.createElement('audio');<\/script><![endif]-->\n\t<div class=\"wp-playlist wp-audio-playlist wp-playlist-light\">\n\t\t\t<div class=\"wp-playlist-current-item\"><\/div>\n\t\t<audio controls=\"controls\" preload=\"none\" width=\"640\"\n\t\t\t><\/audio>\n\t<div class=\"wp-playlist-next\"><\/div>\n\t<div class=\"wp-playlist-prev\"><\/div>\n\t<noscript>\n\t<ol>\n\t\t<li><a href='https:\/\/www.medellin.gov.co\/es\/wp-content\/uploads\/2023\/07\/Inscripcion-de-hibridos.mp3'>Palabras de Arles Giovanny Arias Jim\u00e9nez, subsecretario de Seguridad Vial y Control de Medell\u00edn.<\/a><\/li>\t<\/ol>\n\t<\/noscript>\n\t<script type=\"application\/json\" class=\"wp-playlist-script\">{\"type\":\"audio\",\"tracklist\":true,\"tracknumbers\":true,\"images\":true,\"artists\":true,\"tracks\":[{\"src\":\"https:\\\/\\\/www.medellin.gov.co\\\/es\\\/wp-content\\\/uploads\\\/2023\\\/07\\\/Inscripcion-de-hibridos.mp3\",\"type\":\"audio\\\/mpeg\",\"title\":\"Palabras de Arles Giovanny Arias Jim\\u00e9nez, subsecretario de Seguridad Vial y Control de Medell\\u00edn.\",\"caption\":\"\",\"description\":\"Palabras de Arles Giovanny Arias Jim\\u00e9nez, subsecretario de Seguridad Vial y Control de Medell\\u00edn.\",\"meta\":{\"length_formatted\":\"1:16\"},\"image\":{\"src\":\"https:\\\/\\\/www.medellin.gov.co\\\/es\\\/wp-includes\\\/images\\\/media\\\/audio.png\",\"width\":48,\"height\":64},\"thumb\":{\"src\":\"https:\\\/\\\/www.medellin.gov.co\\\/es\\\/wp-includes\\\/images\\\/media\\\/audio.png\",\"width\":48,\"height\":64}}]}<\/script>\n<\/div>\n\t\n<p><span style=\"font-weight: 400;\">Los propietarios de veh\u00edculos h\u00edbridos el\u00e9ctricos que circulan en el Distrito, contar\u00e1n con plazo hasta el 19 de septiembre para realizar la inscripci\u00f3n en la plataforma de la Secretar\u00eda de Movilidad y obtener la exoneraci\u00f3n de la medida de Pico y placa por un a\u00f1o. Durante este tiempo en el que se realizan los tr\u00e1mites, los conductores gozar\u00e1n de exoneraci\u00f3n completa, por lo que no ser\u00e1n sancionados (incluso sin comparendos pedag\u00f3gicos) ni recibir\u00e1n fotodetecciones por pico y placa.<\/span><span style=\"font-weight: 400;\">\u00a0<\/span><\/p>\n<p><span style=\"font-weight: 400;\">Mediante el Decreto 0644 del 14 de julio de 2023, se estableci\u00f3 la rotaci\u00f3n de la medida de pico y placa para el segundo semestre de 2023 en el Distrito Especial de Ciencia, Tecnolog\u00eda e Innovaci\u00f3n de Medell\u00edn y por primera vez se estableci\u00f3 el requisito de inscripci\u00f3n para este tipo de veh\u00edculos, por lo que por medio de una adici\u00f3n a ese decreto, se estableci\u00f3 un periodo prudencial en que los ciudadanos podr\u00e1n realizar el tr\u00e1mite para el registro de la exoneraci\u00f3n, tiempo durante el cual estos veh\u00edculos podr\u00e1n circular exentos de la medida de pico y placa.<\/span><span style=\"font-weight: 400;\">\u00a0<\/span><\/p>\n<p><span style=\"font-weight: 400;\">\u201c<\/span><i><span style=\"font-weight: 400;\">Durante dos meses la Secretar\u00eda de Movilidad de Medell\u00edn no sancionar\u00e1 a los veh\u00edculos h\u00edbridos el\u00e9ctricos por la medida de pico y placa. Es importante que tengan presente que nuestro cuerpo operativo no sancionar\u00e1 a los conductores de estos veh\u00edculos y nuestro sistema de fotodetecci\u00f3n est\u00e1 programado para que no capture este tipo de infracci\u00f3n de tr\u00e1nsito por dos meses. Invitamos a los propietarios para que inscriban sus veh\u00edculos con la mayor antelaci\u00f3n posible, para que no est\u00e9n a \u00faltima hora a la espera de la respuesta la Secretar\u00eda de Movilidad y puedan seguir disfrutando de las v\u00edas de Medell\u00edn en medio de un ejercicio de corresponsabilidad, haciendo uso de viajes seguros en nuestras v\u00edas<\/span><\/i><span style=\"font-weight: 400;\">\u00ab, explic\u00f3 Arles Giovanny Arias Jim\u00e9nez, subsecretario de Seguridad Vial y Control de Medell\u00edn.<\/span><span style=\"font-weight: 400;\">\u00a0<\/span><\/p>\n<p><span style=\"font-weight: 400;\">La inscripci\u00f3n debe realizarse en <a href=\"https:\/\/www.medellin.gov.co\/es\/tramites-y-servicios\/exencion-de-pico-y-placa\/\">https:\/\/www.medellin.gov.co\/es\/tramites-y-servicios\/exencion-de-pico-y-placa\/<\/a> seleccionando la opci\u00f3n 5 en exenci\u00f3n para autos, la cual corresponde a los h\u00edbridos el\u00e9ctricos.<\/span><span style=\"font-weight: 400;\">\u00a0<\/span><\/p>\n<p><span style=\"font-weight: 400;\">Los requisitos son la solicitud de inscripci\u00f3n previa acompa\u00f1ada de copia de la licencia de tr\u00e1nsito del veh\u00edculo; documento de identidad o certificado de existencia y representaci\u00f3n del propietario del veh\u00edculo, tr\u00e1mite que se adelanta de manera digital en su totalidad. El t\u00e9rmino de dos meses comenz\u00f3 a regir a partir de la publicaci\u00f3n en la gaceta del Decreto, por lo cual se extender\u00e1 hasta el 19 de septiembre de este a\u00f1o.<\/span><span style=\"font-weight: 400;\">\u00a0<\/span><\/p>\n<p><span style=\"font-weight: 400;\">Se estima que en Medell\u00edn circulan o est\u00e1n registrados 6.264 veh\u00edculos h\u00edbridos. Vale la pena mencionar que la inscripci\u00f3n para estar exentos del pico y placa solo la deben realizar los veh\u00edculos h\u00edbridos el\u00e9ctricos, por lo que esta condici\u00f3n no aplica para h\u00edbridos a gas o 100 % el\u00e9ctricos, que ya gozan del beneficio.<\/span><\/p>\n<p><span style=\"font-weight: 400;\">La Secretar\u00eda de Movilidad de Medell\u00edn aclara que la radicaci\u00f3n de la solicitud no se entender\u00e1 como la autorizaci\u00f3n para transitar exento de la medida despu\u00e9s de que se cumpla la mencionada fecha, debido a que se realiza la verificaci\u00f3n del cumplimiento de los requisitos y se requiere aprobar o rechazar las solicitudes.<\/span><\/p>\n","protected":false},"excerpt":{"rendered":"<p>Durante este tiempo, los conductores de estos veh\u00edculos no ser\u00e1n sancionados ni recibir\u00e1n fotodetecciones por pico y placa. La inscripci\u00f3n podr\u00e1 hacerse en https:\/\/www.medellin.gov.co\/es\/tramites-y-servicios\/exencion-de-pico-y-placa\/\u00a0 Se estima que en Medell\u00edn circulan o est\u00e1n registrados 6.264 veh\u00edculos &#8230;<\/p>\n","protected":false},"author":4,"featured_media":224663,"comment_status":"open","ping_status":"open","sticky":false,"template":"","format":"standard","meta":[],"categories":[14],"tags":[447,448],"formato_nota":[],"programas_tax":[],"acf":[],"_links":{"self":[{"href":"https:\/\/www.medellin.gov.co\/es\/wp-json\/wp\/v2\/posts\/224659"}],"collection":[{"href":"https:\/\/www.medellin.gov.co\/es\/wp-json\/wp\/v2\/posts"}],"about":[{"href":"https:\/\/www.medellin.gov.co\/es\/wp-json\/wp\/v2\/types\/post"}],"author":[{"embeddable":true,"href":"https:\/\/www.medellin.gov.co\/es\/wp-json\/wp\/v2\/users\/4"}],"replies":[{"embeddable":true,"href":"https:\/\/www.medellin.gov.co\/es\/wp-json\/wp\/v2\/comments?post=224659"}],"version-history":[{"count":1,"href":"https:\/\/www.medellin.gov.co\/es\/wp-json\/wp\/v2\/posts\/224659\/revisions"}],"predecessor-version":[{"id":224664,"href":"https:\/\/www.medellin.gov.co\/es\/wp-json\/wp\/v2\/posts\/224659\/revisions\/224664"}],"wp:featuredmedia":[{"embeddable":true,"href":"https:\/\/www.medellin.gov.co\/es\/wp-json\/wp\/v2\/media\/224663"}],"wp:attachment":[{"href":"https:\/\/www.medellin.gov.co\/es\/wp-json\/wp\/v2\/media?parent=224659"}],"wp:term":[{"taxonomy":"category","embeddable":true,"href":"https:\/\/www.medellin.gov.co\/es\/wp-json\/wp\/v2\/categories?post=224659"},{"taxonomy":"post_tag","embeddable":true,"href":"https:\/\/www.medellin.gov.co\/es\/wp-json\/wp\/v2\/tags?post=224659"},{"taxonomy":"formato_nota","embeddable":true,"href":"https:\/\/www.medellin.gov.co\/es\/wp-json\/wp\/v2\/formato_nota?post=224659"},{"taxonomy":"programas_tax","embeddable":true,"href":"https:\/\/www.medellin.gov.co\/es\/wp-json\/wp\/v2\/programas_tax?post=224659"}],"curies":[{"name":"wp","href":"https:\/\/api.w.org\/{rel}","templated":true}]}}