{"id":224666,"date":"2023-07-25T13:08:47","date_gmt":"2023-07-25T18:08:47","guid":{"rendered":"https:\/\/www.medellin.gov.co\/es\/?p=224666"},"modified":"2023-07-25T13:08:47","modified_gmt":"2023-07-25T18:08:47","slug":"111-motos-fueron-inmovilizadas-en-dos-nuevos-operativos-contra-la-invasion-al-carril-exclusivo-de-metroplus-en-medellin","status":"publish","type":"post","link":"https:\/\/www.medellin.gov.co\/es\/sala-de-prensa\/noticias\/111-motos-fueron-inmovilizadas-en-dos-nuevos-operativos-contra-la-invasion-al-carril-exclusivo-de-metroplus-en-medellin\/","title":{"rendered":"111 motos fueron inmovilizadas en dos nuevos operativos contra la invasi\u00f3n al carril exclusivo de Metropl\u00fas en Medell\u00edn"},"content":{"rendered":"<ul>\n<li>En los procedimientos en la comuna 3 &#8211; Manrique, se impusieron 160 comparendos.<\/li>\n<li>Estas acciones buscan desincentivar estas pr\u00e1cticas en la zona.<\/li>\n<li>En el corredor de la 45, en Manrique, se han impuesto en lo corrido del a\u00f1o 1.254 comparendos y se han inmovilizado 726 motocicletas.<\/li>\n<\/ul>\n<!--[if lt IE 9]><script>document.createElement('audio');<\/script><![endif]-->\n\t<div class=\"wp-playlist wp-audio-playlist wp-playlist-light\">\n\t\t\t<div class=\"wp-playlist-current-item\"><\/div>\n\t\t<audio controls=\"controls\" preload=\"none\" width=\"640\"\n\t\t\t><\/audio>\n\t<div class=\"wp-playlist-next\"><\/div>\n\t<div class=\"wp-playlist-prev\"><\/div>\n\t<noscript>\n\t<ol>\n\t\t<li><a href='https:\/\/www.medellin.gov.co\/es\/wp-content\/uploads\/2023\/07\/operativos-manrique.mp3'>Palabras de Jhon Jairo V\u00e9lez Cossio, subcomandante de Tr\u00e1nsito de la Secretar\u00eda de Movilidad de Medell\u00edn.<\/a><\/li>\t<\/ol>\n\t<\/noscript>\n\t<script type=\"application\/json\" class=\"wp-playlist-script\">{\"type\":\"audio\",\"tracklist\":true,\"tracknumbers\":true,\"images\":true,\"artists\":true,\"tracks\":[{\"src\":\"https:\\\/\\\/www.medellin.gov.co\\\/es\\\/wp-content\\\/uploads\\\/2023\\\/07\\\/operativos-manrique.mp3\",\"type\":\"audio\\\/mpeg\",\"title\":\"Palabras de Jhon Jairo V\\u00e9lez Cossio, subcomandante de Tr\\u00e1nsito de la Secretar\\u00eda de Movilidad de Medell\\u00edn.\",\"caption\":\"\",\"description\":\"Palabras de Jhon Jairo V\\u00e9lez Cossio, subcomandante de Tr\\u00e1nsito de la Secretar\\u00eda de Movilidad de Medell\\u00edn.\",\"meta\":{\"length_formatted\":\"0:51\"},\"image\":{\"src\":\"https:\\\/\\\/www.medellin.gov.co\\\/es\\\/wp-includes\\\/images\\\/media\\\/audio.png\",\"width\":48,\"height\":64},\"thumb\":{\"src\":\"https:\\\/\\\/www.medellin.gov.co\\\/es\\\/wp-includes\\\/images\\\/media\\\/audio.png\",\"width\":48,\"height\":64}}]}<\/script>\n<\/div>\n\t\n<p><span style=\"font-weight: 400;\">Dando continuidad al plan de choque anunciado por el alcalde Daniel Quintero Calle, para generar acciones en contra de los piques ilegales y la invasi\u00f3n al carril exclusivo del Metropl\u00fas en la comuna 3 &#8211; Manrique, la Administraci\u00f3n Distrital, en articulaci\u00f3n con la Polic\u00eda Metropolitana, realiz\u00f3 dos nuevos operativos en esta zona y, como resultado, se inmovilizaron 111 motocicletas y cuatro carros que violaban la norma.<\/span><\/p>\n<p><span style=\"font-weight: 400;\">En desarrollo de los operativos se impusieron 160 comparendos a los conductores de estos veh\u00edculos que afectaron la movilidad en la carrera 45, desde la calle 69 hasta el Parque de Aranjuez y entre las calles 68 y 70, respectivamente. En el procedimiento m\u00e1s reciente, este 24 de julio, se aplicaron 27 comparendos a conductores de moto y nueve a conductores de carro.<\/span><\/p>\n<p><i><span style=\"font-weight: 400;\">\u201cLa Administraci\u00f3n Distrital contin\u00faa realizando controles en diferentes sectores de la ciudad, tendientes a la regulaci\u00f3n, al cumplimiento de las normas de tr\u00e1nsito. Hacemos presencia en el corredor del Metropl\u00fas, para controlar aquellas infracciones, como transitar por esta v\u00eda, que no est\u00e1n permitidas, buscando siempre cuidar la vida en las v\u00edas. Hacemos un llamado muy especial a acatar las normas de tr\u00e1nsito, al cumplimiento de las mismas, para que Medell\u00edn sea una ciudad ejemplo, Visi\u00f3n Cero en incidentes\u201d, <\/span><\/i><span style=\"font-weight: 400;\">manifest\u00f3 <\/span><span style=\"font-weight: 400;\">Jhon Jairo V\u00e9lez Cossio, subcomandante de la Secretar\u00eda de Movilidad de Medell\u00edn<\/span><span style=\"font-weight: 400;\">.\u00a0<\/span><\/p>\n<p><span style=\"font-weight: 400;\">En el corredor de la 45, se han impuesto este a\u00f1o 1.254 comparendos (86 a carros y 1.168 a motos) y se han inmovilizado 726 motocicletas, adem\u00e1s de 34 carros.<\/span> <span style=\"font-weight: 400;\">Tras el anuncio del mandatario distrital de intensificar las acciones en la zona, desde el 30 de marzo, se han realizado 13 operativos de control en la v\u00eda exclusiva de Metropl\u00fas entre Manrique y Aranjuez.\u00a0<\/span><\/p>\n<p><span style=\"font-weight: 400;\">Las multas m\u00e1s frecuentes en estos procedimientos son por transitar por la v\u00eda exclusiva del Metropl\u00fas; conducir con maniobras altamente peligrosas o imprudentes; manejar un veh\u00edculo sin luces o sin los dispositivos luminosos de posici\u00f3n, direccionales o de freno, en las horas exigidas; e ir a una velocidad superior a la m\u00e1xima permitida o sobre aceras, plazas, v\u00edas peatonales, separadores y bermas.<\/span><span style=\"font-weight: 400;\">\u00a0<\/span><\/p>\n<p><span style=\"font-weight: 400;\">La sanci\u00f3n comprende la inmovilizaci\u00f3n de la motocicleta y un comparendo de 30 salarios m\u00ednimos legales diarios vigentes.\u00a0<\/span><\/p>\n<p><span style=\"font-weight: 400;\">La Secretar\u00eda de Movilidad de Medell\u00edn hace un llamado al respeto de las normas de tr\u00e1nsito, en procura de cuidar la vida. Estas pr\u00e1cticas ponen en riesgo a conductores y peatones.<\/span><\/p>\n","protected":false},"excerpt":{"rendered":"<p>En los procedimientos en la comuna 3 &#8211; Manrique, se impusieron 160 comparendos. Estas acciones buscan desincentivar estas pr\u00e1cticas en la zona. En el corredor de la 45, en Manrique, se han impuesto en lo &#8230;<\/p>\n","protected":false},"author":4,"featured_media":224672,"comment_status":"open","ping_status":"open","sticky":false,"template":"","format":"standard","meta":[],"categories":[14],"tags":[447],"formato_nota":[],"programas_tax":[],"acf":[],"_links":{"self":[{"href":"https:\/\/www.medellin.gov.co\/es\/wp-json\/wp\/v2\/posts\/224666"}],"collection":[{"href":"https:\/\/www.medellin.gov.co\/es\/wp-json\/wp\/v2\/posts"}],"about":[{"href":"https:\/\/www.medellin.gov.co\/es\/wp-json\/wp\/v2\/types\/post"}],"author":[{"embeddable":true,"href":"https:\/\/www.medellin.gov.co\/es\/wp-json\/wp\/v2\/users\/4"}],"replies":[{"embeddable":true,"href":"https:\/\/www.medellin.gov.co\/es\/wp-json\/wp\/v2\/comments?post=224666"}],"version-history":[{"count":1,"href":"https:\/\/www.medellin.gov.co\/es\/wp-json\/wp\/v2\/posts\/224666\/revisions"}],"predecessor-version":[{"id":224674,"href":"https:\/\/www.medellin.gov.co\/es\/wp-json\/wp\/v2\/posts\/224666\/revisions\/224674"}],"wp:featuredmedia":[{"embeddable":true,"href":"https:\/\/www.medellin.gov.co\/es\/wp-json\/wp\/v2\/media\/224672"}],"wp:attachment":[{"href":"https:\/\/www.medellin.gov.co\/es\/wp-json\/wp\/v2\/media?parent=224666"}],"wp:term":[{"taxonomy":"category","embeddable":true,"href":"https:\/\/www.medellin.gov.co\/es\/wp-json\/wp\/v2\/categories?post=224666"},{"taxonomy":"post_tag","embeddable":true,"href":"https:\/\/www.medellin.gov.co\/es\/wp-json\/wp\/v2\/tags?post=224666"},{"taxonomy":"formato_nota","embeddable":true,"href":"https:\/\/www.medellin.gov.co\/es\/wp-json\/wp\/v2\/formato_nota?post=224666"},{"taxonomy":"programas_tax","embeddable":true,"href":"https:\/\/www.medellin.gov.co\/es\/wp-json\/wp\/v2\/programas_tax?post=224666"}],"curies":[{"name":"wp","href":"https:\/\/api.w.org\/{rel}","templated":true}]}}