{"id":242671,"date":"2023-08-26T18:22:45","date_gmt":"2023-08-26T23:22:45","guid":{"rendered":"https:\/\/www.medellin.gov.co\/es\/?p=242671"},"modified":"2023-08-26T18:27:09","modified_gmt":"2023-08-26T23:27:09","slug":"en-medellin-se-realizo-la-octava-feria-de-adrenalina-y-nuevas-tendencias-del-deporte","status":"publish","type":"post","link":"https:\/\/www.medellin.gov.co\/es\/sala-de-prensa\/noticias\/en-medellin-se-realizo-la-octava-feria-de-adrenalina-y-nuevas-tendencias-del-deporte\/","title":{"rendered":"En Medell\u00edn se realiz\u00f3 la octava Feria de Adrenalina y Nuevas Tendencias del Deporte"},"content":{"rendered":"<ul>\n<li>La Unidad Deportiva Atanasio Girardot se adapt\u00f3 a 24 pr\u00e1cticas en esta edici\u00f3n.<\/li>\n<li>Cuatro nuevas disciplinas fueron novedad para los asistentes.<\/li>\n<li>El INDER apoya la pr\u00e1ctica de actividades deportivas en nuevas tendencias con su Escuela de Adrenalina.<\/li>\n<\/ul>\n<!--[if lt IE 9]><script>document.createElement('audio');<\/script><![endif]-->\n\t<div class=\"wp-playlist wp-audio-playlist wp-playlist-light\">\n\t\t\t<div class=\"wp-playlist-current-item\"><\/div>\n\t\t<audio controls=\"controls\" preload=\"none\" width=\"640\"\n\t\t\t><\/audio>\n\t<div class=\"wp-playlist-next\"><\/div>\n\t<div class=\"wp-playlist-prev\"><\/div>\n\t<noscript>\n\t<ol>\n\t\t<li><a href='https:\/\/www.medellin.gov.co\/es\/wp-content\/uploads\/2023\/08\/feria-adrenalina.mp3'>Palabras de Camilo L\u00f3pez, Subdirector (e) de Fomento Deportivo y Recreativo del INDER.<\/a><\/li>\t<\/ol>\n\t<\/noscript>\n\t<script type=\"application\/json\" class=\"wp-playlist-script\">{\"type\":\"audio\",\"tracklist\":true,\"tracknumbers\":true,\"images\":true,\"artists\":true,\"tracks\":[{\"src\":\"https:\\\/\\\/www.medellin.gov.co\\\/es\\\/wp-content\\\/uploads\\\/2023\\\/08\\\/feria-adrenalina.mp3\",\"type\":\"audio\\\/mpeg\",\"title\":\"Palabras de Camilo L\\u00f3pez, Subdirector (e) de Fomento Deportivo y Recreativo del INDER.\",\"caption\":\"\",\"description\":\"Palabras de Camilo L\\u00f3pez, Subdirector (e) de Fomento Deportivo y Recreativo del INDER.\",\"meta\":{\"year\":\"2023\",\"length_formatted\":\"0:51\"},\"image\":{\"src\":\"https:\\\/\\\/www.medellin.gov.co\\\/es\\\/wp-includes\\\/images\\\/media\\\/audio.png\",\"width\":48,\"height\":64},\"thumb\":{\"src\":\"https:\\\/\\\/www.medellin.gov.co\\\/es\\\/wp-includes\\\/images\\\/media\\\/audio.png\",\"width\":48,\"height\":64}}]}<\/script>\n<\/div>\n\t\n<p><span style=\"font-weight: 400;\">M\u00e1s de 700 personas, entre deportistas y aficionados, disfrutaron de 24 tendencias: 12 que hacen parte de las Escuelas de Adrenalina del INDER y otras 12 de la ciudad. Con ellas demostraron su talento en diferentes espacios de la Unidad Deportiva Atanasio Girardot, en la octava edici\u00f3n de la Feria de Escuelas de Adrenalina y Nuevas Tendencias del Deporte organizada por el instituto.<\/span><\/p>\n<p><span style=\"font-weight: 400;\">El surf, en Medell\u00edn, es una nueva tendencia deportiva que cada d\u00eda est\u00e1 ganando m\u00e1s seguidores y fue presentada como novedad. Tambi\u00e9n, se tuvo malabarismo deportivo, gimnasia acrob\u00e1tica y teqball, en un evento que congrega a j\u00f3venes en torno a la promoci\u00f3n y al apoyo de nuevas realidades del deporte.<\/span><\/p>\n<p><i><span style=\"font-weight: 400;\">\u201cEsta feria es muy importante porque el Inder viene vincul\u00e1ndose con estas nuevas tendencias deportivas en la ciudad, porque hay muchos j\u00f3venes que est\u00e1n buscando estos espacios en la ciudad. Con esta feria le damos a conocer a todas las personas que pueden participar en nuestra oferta en todas las comunas del Distrito\u201d<\/span><\/i><span style=\"font-weight: 400;\">, dijo Camilo L\u00f3pez, Subdirector (e) de Fomento Deportivo y Recreativo del INDER.<\/span><\/p>\n<p><span style=\"font-weight: 400;\">El certamen cont\u00f3 con actividades pensadas para deportistas y comunidad en general que se considera amante de la adrenalina y de los deportes extremos, como clases, talleres, competencias, muestras y exhibiciones, en diferentes espacios de la unidad deportiva, que fueron adaptados para la pr\u00e1ctica de estas disciplinas.<\/span><\/p>\n<div id=\"attachment_242680\" style=\"width: 1210px\" class=\"wp-caption alignnone\"><img aria-describedby=\"caption-attachment-242680\" loading=\"lazy\" class=\"wp-image-242680 size-full\" title=\"Feria Adrenalina y nuevas tendencias\" src=\"https:\/\/www.medellin.gov.co\/es\/wp-content\/uploads\/2023\/08\/feria-adrenalina-2.jpg\" alt=\"Feria Adrenalina y nuevas tendencias\" width=\"1200\" height=\"832\" srcset=\"https:\/\/www.medellin.gov.co\/es\/wp-content\/uploads\/2023\/08\/feria-adrenalina-2.jpg 1200w, https:\/\/www.medellin.gov.co\/es\/wp-content\/uploads\/2023\/08\/feria-adrenalina-2-300x208.jpg 300w, https:\/\/www.medellin.gov.co\/es\/wp-content\/uploads\/2023\/08\/feria-adrenalina-2-1024x710.jpg 1024w, https:\/\/www.medellin.gov.co\/es\/wp-content\/uploads\/2023\/08\/feria-adrenalina-2-150x104.jpg 150w, https:\/\/www.medellin.gov.co\/es\/wp-content\/uploads\/2023\/08\/feria-adrenalina-2-768x532.jpg 768w\" sizes=\"(max-width: 1200px) 100vw, 1200px\" \/><p id=\"caption-attachment-242680\" class=\"wp-caption-text\">Feria Adrenalina y nuevas tendencias &#8211; Foto: Alcald\u00eda de Medell\u00edn<\/p><\/div>\n<p><span style=\"font-weight: 400;\">Los asistentes pudieron vivir experiencias en surf, stunt, gimnasia acrob\u00e1tica y<\/span> <span style=\"font-weight: 400;\">teqball, y las modalidades que hacen parte de la oferta del INDER, como agility, break dance, BMX freestyle, capoeira, freestyle frisbee, orientaci\u00f3n deportiva, parkour, salto con cuerda, sambo, skateboarding, slackline y street workout.<\/span><\/p>\n<p><i><span style=\"font-weight: 400;\">\u201cTener el surf en Antioquia y en Medell\u00edn es muy valioso, entonces que el INDER le apueste a esta iniciativa, con actividades como esta feria, es muy importante, porque el surf es un estilo de vida que muchas personas est\u00e1n adoptando en la ciudad, se tiene contacto con las marcas deportivas, entonces el INDER nos valida ese estilo de vida y nos ayuda a seguir so\u00f1ando con el surf en Antioquia\u201d,<\/span><\/i><span style=\"font-weight: 400;\"> manifest\u00f3 Camilo Ortiz de Antioquia Surf Club.<\/span><\/p>\n<p><span style=\"font-weight: 400;\">En 2014 fue la primera edici\u00f3n de esta feria. Por ella han pasado alrededor de 40 pr\u00e1cticas deportivas y unos 3.500 usuarios y deportistas.<\/span><\/p>\n<p><span style=\"font-weight: 400;\">El proyecto\u00a0Adrenalina inici\u00f3 en noviembre del a\u00f1o 2013 y ha ampliado su oferta de 6 a 12 pr\u00e1cticas deportivas, en espacios como el Distrito D,\u00a0ubicado en el coliseo Carlos Mauro Hoyos,\u00a0el cual cuenta con pista de obst\u00e1culos para\u00a0biketrial y\u00a0parkour, as\u00ed como\u00a0un\u00a0escenario para pr\u00e1cticas caninas. En la actualidad, la Escuela de Adrenalina y Nuevas Tendencias Deportivas atiende a 1.193 personas.<\/span><\/p>\n","protected":false},"excerpt":{"rendered":"<p>La Unidad Deportiva Atanasio Girardot se adapt\u00f3 a 24 pr\u00e1cticas en esta edici\u00f3n. Cuatro nuevas disciplinas fueron novedad para los asistentes. El INDER apoya la pr\u00e1ctica de actividades deportivas en nuevas tendencias con su Escuela &#8230;<\/p>\n","protected":false},"author":4,"featured_media":242675,"comment_status":"open","ping_status":"open","sticky":false,"template":"","format":"standard","meta":[],"categories":[17],"tags":[634,428],"formato_nota":[],"programas_tax":[],"acf":[],"_links":{"self":[{"href":"https:\/\/www.medellin.gov.co\/es\/wp-json\/wp\/v2\/posts\/242671"}],"collection":[{"href":"https:\/\/www.medellin.gov.co\/es\/wp-json\/wp\/v2\/posts"}],"about":[{"href":"https:\/\/www.medellin.gov.co\/es\/wp-json\/wp\/v2\/types\/post"}],"author":[{"embeddable":true,"href":"https:\/\/www.medellin.gov.co\/es\/wp-json\/wp\/v2\/users\/4"}],"replies":[{"embeddable":true,"href":"https:\/\/www.medellin.gov.co\/es\/wp-json\/wp\/v2\/comments?post=242671"}],"version-history":[{"count":3,"href":"https:\/\/www.medellin.gov.co\/es\/wp-json\/wp\/v2\/posts\/242671\/revisions"}],"predecessor-version":[{"id":242683,"href":"https:\/\/www.medellin.gov.co\/es\/wp-json\/wp\/v2\/posts\/242671\/revisions\/242683"}],"wp:featuredmedia":[{"embeddable":true,"href":"https:\/\/www.medellin.gov.co\/es\/wp-json\/wp\/v2\/media\/242675"}],"wp:attachment":[{"href":"https:\/\/www.medellin.gov.co\/es\/wp-json\/wp\/v2\/media?parent=242671"}],"wp:term":[{"taxonomy":"category","embeddable":true,"href":"https:\/\/www.medellin.gov.co\/es\/wp-json\/wp\/v2\/categories?post=242671"},{"taxonomy":"post_tag","embeddable":true,"href":"https:\/\/www.medellin.gov.co\/es\/wp-json\/wp\/v2\/tags?post=242671"},{"taxonomy":"formato_nota","embeddable":true,"href":"https:\/\/www.medellin.gov.co\/es\/wp-json\/wp\/v2\/formato_nota?post=242671"},{"taxonomy":"programas_tax","embeddable":true,"href":"https:\/\/www.medellin.gov.co\/es\/wp-json\/wp\/v2\/programas_tax?post=242671"}],"curies":[{"name":"wp","href":"https:\/\/api.w.org\/{rel}","templated":true}]}}