{"id":242686,"date":"2023-08-27T15:58:43","date_gmt":"2023-08-27T20:58:43","guid":{"rendered":"https:\/\/www.medellin.gov.co\/es\/?p=242686"},"modified":"2023-08-27T15:58:43","modified_gmt":"2023-08-27T20:58:43","slug":"mas-de-16-000-tenderos-proveen-a-las-familias-de-medellin-y-su-area-metropolitana","status":"publish","type":"post","link":"https:\/\/www.medellin.gov.co\/es\/sala-de-prensa\/noticias\/mas-de-16-000-tenderos-proveen-a-las-familias-de-medellin-y-su-area-metropolitana\/","title":{"rendered":"M\u00e1s de 16.000 tenderos proveen a las familias de Medell\u00edn y su \u00e1rea metropolitana"},"content":{"rendered":"<ul>\n<li>La Alcald\u00eda de Medell\u00edn, a trav\u00e9s del Banco Distrital y con formaci\u00f3n empresarial, ha acompa\u00f1ado y fortalecido a m\u00e1s 900 tenderos con recursos econ\u00f3micos.<\/li>\n<li>En Antioquia son m\u00e1s de 30.000 tenderos y en Colombia se estima que son 500.000.<\/li>\n<li>Con artistas y oferta institucional, Fenalco celebrar\u00e1 este domingo el \u201cD\u00eda del Tendero\u201d, de 10:30 a. m. a 5:00 p. m., en el Parque Norte.<\/li>\n<\/ul>\n<!--[if lt IE 9]><script>document.createElement('audio');<\/script><![endif]-->\n\t<div class=\"wp-playlist wp-audio-playlist wp-playlist-light\">\n\t\t\t<div class=\"wp-playlist-current-item\"><\/div>\n\t\t<audio controls=\"controls\" preload=\"none\" width=\"640\"\n\t\t\t><\/audio>\n\t<div class=\"wp-playlist-next\"><\/div>\n\t<div class=\"wp-playlist-prev\"><\/div>\n\t<noscript>\n\t<ol>\n\t\t<li><a href='https:\/\/www.medellin.gov.co\/es\/wp-content\/uploads\/2023\/08\/familias-de-medellin.mp3'>Palabras de Mauricio Valencia, secretario de Desarrollo Econ\u00f3mico.<\/a><\/li>\t<\/ol>\n\t<\/noscript>\n\t<script type=\"application\/json\" class=\"wp-playlist-script\">{\"type\":\"audio\",\"tracklist\":true,\"tracknumbers\":true,\"images\":true,\"artists\":true,\"tracks\":[{\"src\":\"https:\\\/\\\/www.medellin.gov.co\\\/es\\\/wp-content\\\/uploads\\\/2023\\\/08\\\/familias-de-medellin.mp3\",\"type\":\"audio\\\/mpeg\",\"title\":\"Palabras de Mauricio Valencia, secretario de Desarrollo Econ\\u00f3mico.\",\"caption\":\"\",\"description\":\"Palabras de Mauricio Valencia, secretario de Desarrollo Econ\\u00f3mico.\",\"meta\":{\"length_formatted\":\"0:36\"},\"image\":{\"src\":\"https:\\\/\\\/www.medellin.gov.co\\\/es\\\/wp-includes\\\/images\\\/media\\\/audio.png\",\"width\":48,\"height\":64},\"thumb\":{\"src\":\"https:\\\/\\\/www.medellin.gov.co\\\/es\\\/wp-includes\\\/images\\\/media\\\/audio.png\",\"width\":48,\"height\":64}}]}<\/script>\n<\/div>\n\t\n<p><span style=\"font-weight: 400;\">Como reconocimiento a las tiendas de barrio, la Administraci\u00f3n Distrital se une este domingo a la conmemoraci\u00f3n del \u201cD\u00eda del Tendero\u201d. Seg\u00fan datos de Fenalco, se estima que en la ciudad y sus alrededores hay m\u00e1s de 16.000 establecimientos de este tipo.<\/span><\/p>\n<p><i><span style=\"font-weight: 400;\">\u201cQueremos reconocer la labor de los tenderos que trabajan d\u00eda a d\u00eda y que son muy importantes en nuestra econom\u00eda. Son m\u00e1s de 30.000 en Antioquia y en Medell\u00edn y el \u00e1rea metropolitana tenemos m\u00e1s de la mitad. Desde la Secretar\u00eda de Desarrollo Econ\u00f3mico hemos acompa\u00f1ado a m\u00e1s de 900 de ellos con capacidades empresariales, con tecnolog\u00eda, con recursos a trav\u00e9s del Banco Distrital de Medell\u00edn\u201d,<\/span><\/i><span style=\"font-weight: 400;\"> expres\u00f3 el secretario de Desarrollo Econ\u00f3mico, Mauricio Valencia.\u00a0\u00a0<\/span><\/p>\n<p><span style=\"font-weight: 400;\">Por esta raz\u00f3n, Fenalco tendr\u00e1 una programaci\u00f3n este domingo, desde las 10:30 a. m. hasta las 5:00 p. m., en el Parque Norte. Los asistentes disfrutar\u00e1n de rifas, artistas en vivo, premios y mucho m\u00e1s. Tambi\u00e9n encontrar\u00e1n una oferta del Banco Distrital para acceder a cr\u00e9ditos y servicios para fortalecer sus negocios a trav\u00e9s de formaci\u00f3n empresarial.\u00a0<\/span><\/p>\n<p><span style=\"font-weight: 400;\">Seg\u00fan una encuesta del \u00e1rea de Investigaciones Econ\u00f3micas y de Mercado de Fenalco Antioquia, Investiga, las mujeres son las que m\u00e1s utilizan el servicio de las tiendas de barrio con un 59,1 %. Los mayores de 41 a\u00f1os son los que m\u00e1s recurren a estos servicios, mientras los j\u00f3venes son quienes menos las visitan. Los estratos 1, 2 y 3 son los que prefieren comprar en tiendas de barrio y no tanto en supermercados de grandes cadenas.<\/span><\/p>\n<p><i><span style=\"font-weight: 400;\">\u201cLlevo 8 a\u00f1os y medio trabajando como tendero. Mi experiencia ha sido muy buena, me la llevo bien con los clientes. Esto me ha servido para salir adelante, para ayudar a mi familia y conseguir lo necesario para vivir. Ha sido una experiencia muy buena\u201d<\/span><\/i><span style=\"font-weight: 400;\">,<\/span> <span style=\"font-weight: 400;\">dijo Heriberto Puerta, comerciante.\u00a0<\/span><\/p>\n<p><span style=\"font-weight: 400;\">Los m\u00e1s de 900 tenderos, acompa\u00f1ados por la Alcald\u00eda de Medell\u00edn, han recibido capacitaciones en marketing, finanzas, y aspectos legales para estructurar y definir sus modelos de negocio. <\/span><\/p>\n","protected":false},"excerpt":{"rendered":"<p>La Alcald\u00eda de Medell\u00edn, a trav\u00e9s del Banco Distrital y con formaci\u00f3n empresarial, ha acompa\u00f1ado y fortalecido a m\u00e1s 900 tenderos con recursos econ\u00f3micos. En Antioquia son m\u00e1s de 30.000 tenderos y en Colombia se &#8230;<\/p>\n","protected":false},"author":4,"featured_media":242691,"comment_status":"open","ping_status":"open","sticky":false,"template":"","format":"standard","meta":[],"categories":[3],"tags":[433,428],"formato_nota":[],"programas_tax":[],"acf":[],"_links":{"self":[{"href":"https:\/\/www.medellin.gov.co\/es\/wp-json\/wp\/v2\/posts\/242686"}],"collection":[{"href":"https:\/\/www.medellin.gov.co\/es\/wp-json\/wp\/v2\/posts"}],"about":[{"href":"https:\/\/www.medellin.gov.co\/es\/wp-json\/wp\/v2\/types\/post"}],"author":[{"embeddable":true,"href":"https:\/\/www.medellin.gov.co\/es\/wp-json\/wp\/v2\/users\/4"}],"replies":[{"embeddable":true,"href":"https:\/\/www.medellin.gov.co\/es\/wp-json\/wp\/v2\/comments?post=242686"}],"version-history":[{"count":1,"href":"https:\/\/www.medellin.gov.co\/es\/wp-json\/wp\/v2\/posts\/242686\/revisions"}],"predecessor-version":[{"id":242694,"href":"https:\/\/www.medellin.gov.co\/es\/wp-json\/wp\/v2\/posts\/242686\/revisions\/242694"}],"wp:featuredmedia":[{"embeddable":true,"href":"https:\/\/www.medellin.gov.co\/es\/wp-json\/wp\/v2\/media\/242691"}],"wp:attachment":[{"href":"https:\/\/www.medellin.gov.co\/es\/wp-json\/wp\/v2\/media?parent=242686"}],"wp:term":[{"taxonomy":"category","embeddable":true,"href":"https:\/\/www.medellin.gov.co\/es\/wp-json\/wp\/v2\/categories?post=242686"},{"taxonomy":"post_tag","embeddable":true,"href":"https:\/\/www.medellin.gov.co\/es\/wp-json\/wp\/v2\/tags?post=242686"},{"taxonomy":"formato_nota","embeddable":true,"href":"https:\/\/www.medellin.gov.co\/es\/wp-json\/wp\/v2\/formato_nota?post=242686"},{"taxonomy":"programas_tax","embeddable":true,"href":"https:\/\/www.medellin.gov.co\/es\/wp-json\/wp\/v2\/programas_tax?post=242686"}],"curies":[{"name":"wp","href":"https:\/\/api.w.org\/{rel}","templated":true}]}}