{"id":242695,"date":"2023-08-27T16:06:01","date_gmt":"2023-08-27T21:06:01","guid":{"rendered":"https:\/\/www.medellin.gov.co\/es\/?p=242695"},"modified":"2023-08-28T18:22:21","modified_gmt":"2023-08-28T23:22:21","slug":"cerca-de-45-000-personas-disfrutaron-de-la-semana-de-la-juventud-neas-2023","status":"publish","type":"post","link":"https:\/\/www.medellin.gov.co\/es\/sala-de-prensa\/noticias\/cerca-de-45-000-personas-disfrutaron-de-la-semana-de-la-juventud-neas-2023\/","title":{"rendered":"Cerca de 45.000 personas disfrutaron de la Semana de la Juventud \u2018Neas\u2019 2023"},"content":{"rendered":"<ul>\n<li>El Resistencia Fest reuni\u00f3 alrededor de 24.000 asistentes que celebraron en el espacio p\u00fablico y vivieron el arte juvenil, con artistas locales, nacionales e internacionales.<\/li>\n<li>Con recorridos, conciertos y parches juveniles, entre la ciudad y las veredas, transcurrieron las 120 actividades de Semana de la Juventud.<\/li>\n<\/ul>\n<!--[if lt IE 9]><script>document.createElement('audio');<\/script><![endif]-->\n\t<div class=\"wp-playlist wp-audio-playlist wp-playlist-light\">\n\t\t\t<div class=\"wp-playlist-current-item\"><\/div>\n\t\t<audio controls=\"controls\" preload=\"none\" width=\"640\"\n\t\t\t><\/audio>\n\t<div class=\"wp-playlist-next\"><\/div>\n\t<div class=\"wp-playlist-prev\"><\/div>\n\t<noscript>\n\t<ol>\n\t\t<li><a href='https:\/\/www.medellin.gov.co\/es\/wp-content\/uploads\/2023\/08\/semana-juventud-1.mp3'>Palabras de Byron Miranda, secretario de la Juventud.<\/a><\/li>\t<\/ol>\n\t<\/noscript>\n\t<script type=\"application\/json\" class=\"wp-playlist-script\">{\"type\":\"audio\",\"tracklist\":true,\"tracknumbers\":true,\"images\":true,\"artists\":true,\"tracks\":[{\"src\":\"https:\\\/\\\/www.medellin.gov.co\\\/es\\\/wp-content\\\/uploads\\\/2023\\\/08\\\/semana-juventud-1.mp3\",\"type\":\"audio\\\/mpeg\",\"title\":\"Palabras de Byron Miranda, secretario de la Juventud.\",\"caption\":\"\",\"description\":\"Palabras de Byron Miranda, secretario de la Juventud.\",\"meta\":{\"year\":\"2023\",\"length_formatted\":\"0:33\"},\"image\":{\"src\":\"https:\\\/\\\/www.medellin.gov.co\\\/es\\\/wp-includes\\\/images\\\/media\\\/audio.png\",\"width\":48,\"height\":64},\"thumb\":{\"src\":\"https:\\\/\\\/www.medellin.gov.co\\\/es\\\/wp-includes\\\/images\\\/media\\\/audio.png\",\"width\":48,\"height\":64}}]}<\/script>\n<\/div>\n\t\n<p><span style=\"font-weight: 400;\">Con la participaci\u00f3n de alrededor de 45.000 personas, la Semana de la Juventud culmin\u00f3 despu\u00e9s de ocho d\u00edas de programaci\u00f3n en lugares como Manrique, Moravia, La Honda, Zafra, Vallejuelos, Santa Elena y San Sebasti\u00e1n de Palmitas.<\/span><\/p>\n<p><i><span style=\"font-weight: 400;\">\u201c<\/span><\/i><i><span style=\"font-weight: 400;\">Cerramos la Semana de la Juventud \u2018Neas\u2019 2023, donde las juventudes siempre son nuestra inspiraci\u00f3n y es por eso que disfrutamos de cada uno de los eventos que tuvimos en estos ocho d\u00edas de programaci\u00f3n, donde miles de j\u00f3venes vinieron se unieron y disfrutaron de todos los parches pensados a partir de lo que los identifica. Ser nea de ser amigo, ser pana, es el barrio, es la calle y fue lo que quisimos evocar en esta semana; as\u00ed que es gratificante ver que todas las juventudes disfrutaron de los conciertos, de los parches y de las esquinas, porque Medell\u00edn es de las juventudes<\/span><\/i><i><span style=\"font-weight: 400;\">\u201d<\/span><\/i><span style=\"font-weight: 400;\">, expres\u00f3 el secretario de la Juventud, Byron Miranda.<\/span><\/p>\n<blockquote class=\"instagram-media\" style=\"background: #FFF; border: 0; border-radius: 3px; box-shadow: 0 0 1px 0 rgba(0,0,0,0.5),0 1px 10px 0 rgba(0,0,0,0.15); margin: 1px; max-width: 540px; min-width: 326px; padding: 0; width: calc(100% - 2px);\" data-instgrm-captioned=\"\" data-instgrm-permalink=\"https:\/\/www.instagram.com\/reel\/CwZH63IsYBM\/?utm_source=ig_embed&amp;utm_campaign=loading\" data-instgrm-version=\"14\">\n<div style=\"padding: 16px;\">\n<p>&nbsp;<\/p>\n<div style=\"display: flex; flex-direction: row; align-items: center;\">\n<div style=\"background-color: #f4f4f4; border-radius: 50%; flex-grow: 0; height: 40px; margin-right: 14px; width: 40px;\"><\/div>\n<div style=\"display: flex; flex-direction: column; flex-grow: 1; justify-content: center;\">\n<div style=\"background-color: #f4f4f4; border-radius: 4px; flex-grow: 0; height: 14px; margin-bottom: 6px; width: 100px;\"><\/div>\n<div style=\"background-color: #f4f4f4; border-radius: 4px; flex-grow: 0; height: 14px; width: 60px;\"><\/div>\n<\/div>\n<\/div>\n<div style=\"padding: 19% 0;\"><\/div>\n<div style=\"display: block; height: 50px; margin: 0 auto 12px; width: 50px;\"><\/div>\n<div style=\"padding-top: 8px;\">\n<div style=\"color: #3897f0; font-family: Arial,sans-serif; font-size: 14px; font-style: normal; font-weight: 550; line-height: 18px;\">Ver esta publicaci\u00f3n en Instagram<\/div>\n<\/div>\n<div style=\"padding: 12.5% 0;\"><\/div>\n<div style=\"display: flex; flex-direction: row; margin-bottom: 14px; align-items: center;\">\n<div>\n<div style=\"background-color: #f4f4f4; border-radius: 50%; height: 12.5px; width: 12.5px; transform: translateX(0px) translateY(7px);\"><\/div>\n<div style=\"background-color: #f4f4f4; height: 12.5px; transform: rotate(-45deg) translateX(3px) translateY(1px); width: 12.5px; flex-grow: 0; margin-right: 14px; margin-left: 2px;\"><\/div>\n<div style=\"background-color: #f4f4f4; border-radius: 50%; height: 12.5px; width: 12.5px; transform: translateX(9px) translateY(-18px);\"><\/div>\n<\/div>\n<div style=\"margin-left: 8px;\">\n<div style=\"background-color: #f4f4f4; border-radius: 50%; flex-grow: 0; height: 20px; width: 20px;\"><\/div>\n<div style=\"width: 0; height: 0; border-top: 2px solid transparent; border-left: 6px solid #f4f4f4; border-bottom: 2px solid transparent; transform: translateX(16px) translateY(-4px) rotate(30deg);\"><\/div>\n<\/div>\n<div style=\"margin-left: auto;\">\n<div style=\"width: 0px; border-top: 8px solid #F4F4F4; border-right: 8px solid transparent; transform: translateY(16px);\"><\/div>\n<div style=\"background-color: #f4f4f4; flex-grow: 0; height: 12px; width: 16px; transform: translateY(-4px);\"><\/div>\n<div style=\"width: 0; height: 0; border-top: 8px solid #F4F4F4; border-left: 8px solid transparent; transform: translateY(-4px) translateX(8px);\"><\/div>\n<\/div>\n<\/div>\n<div style=\"display: flex; flex-direction: column; flex-grow: 1; justify-content: center; margin-bottom: 24px;\">\n<div style=\"background-color: #f4f4f4; border-radius: 4px; flex-grow: 0; height: 14px; margin-bottom: 6px; width: 224px;\"><\/div>\n<div style=\"background-color: #f4f4f4; border-radius: 4px; flex-grow: 0; height: 14px; width: 144px;\"><\/div>\n<\/div>\n<p>&nbsp;<\/p>\n<p style=\"color: #c9c8cd; font-family: Arial,sans-serif; font-size: 14px; line-height: 17px; margin-bottom: 0; margin-top: 8px; overflow: hidden; padding: 8px 0 7px; text-align: center; text-overflow: ellipsis; white-space: nowrap;\"><a style=\"color: #c9c8cd; font-family: Arial,sans-serif; font-size: 14px; font-style: normal; font-weight: normal; line-height: 17px; text-decoration: none;\" href=\"https:\/\/www.instagram.com\/reel\/CwZH63IsYBM\/?utm_source=ig_embed&amp;utm_campaign=loading\" target=\"_blank\" rel=\"noopener\">Una publicaci\u00f3n compartida de Alcaldi\u0301a de Medelli\u0301n (@alcaldiademed)<\/a><\/p>\n<\/div>\n<\/blockquote>\n<p><script async src=\"\/\/www.instagram.com\/embed.js\"><\/script><\/p>\n<p><span style=\"font-weight: 400;\">Los recorridos \u2018De roce por Medallo\u2019 tuvieron gran acogida por parte de las juventudes y contaron con 446 participantes. En esta franja de Semana de la Juventud, los j\u00f3venes caminaron por La Cruz, Castilla, Manrique, Moravia y Santa Elena, y rodaron por Laureles y el centro. Mientras recorrieron los territorios, exploraron las \u2018est\u00e9ticas neas\u2019, la recuperaci\u00f3n de pulmones verdes de la ciudad, nacimientos de quebradas, la historia y memoria de los barrios e iniciativas de paz.<\/span><\/p>\n<p><span style=\"font-weight: 400;\">Las esquinas en corregimientos y barrios tambi\u00e9n reunieron a 520 participantes en los corregimientos de San Sebasti\u00e1n de Palmitas y Santa Elena, y en los barrios Zafra y Vallejuelos.<\/span><\/p>\n<p><i><span style=\"font-weight: 400;\">\u201c<\/span><\/i><i><span style=\"font-weight: 400;\">De esta experiencia puedo rescatar que conocimos los diferentes contextos que all\u00ed se vivencian, estuvimos haciendo el recorrido por la quebrada Santa Elena en donde pudimos evidenciar todo lo que al agua le compete y todo el recorrido que ella hace para llegar a nosotros. Tambi\u00e9n rescato mucho cuando en el espacio en el que estamos y donde nos encontramos, que es un espacio de enriquecimiento, donde fuimos a compartir experiencias nuevas, conocer personas y apropiarnos un poco m\u00e1s de este tema que es el agua y de su cuidado<\/span><\/i><i><span style=\"font-weight: 400;\">\u201d<\/span><\/i><span style=\"font-weight: 400;\"> coment\u00f3 la joven, participante de recorridos, \u2018De Roce por Medallo\u2019 <\/span><span style=\"font-weight: 400;\">Carol Caicedo<\/span><span style=\"font-weight: 400;\">.<\/span><\/p>\n<div id=\"attachment_242702\" style=\"width: 1034px\" class=\"wp-caption alignnone\"><img aria-describedby=\"caption-attachment-242702\" loading=\"lazy\" class=\"wp-image-242702 size-full\" title=\"Balance de Semana la Juventud Neas 2023\" src=\"https:\/\/www.medellin.gov.co\/es\/wp-content\/uploads\/2023\/08\/semana-juventud-2-1.jpg\" alt=\"Balance de Semana la Juventud Neas 2023\" width=\"1024\" height=\"683\" srcset=\"https:\/\/www.medellin.gov.co\/es\/wp-content\/uploads\/2023\/08\/semana-juventud-2-1.jpg 1024w, https:\/\/www.medellin.gov.co\/es\/wp-content\/uploads\/2023\/08\/semana-juventud-2-1-300x200.jpg 300w, https:\/\/www.medellin.gov.co\/es\/wp-content\/uploads\/2023\/08\/semana-juventud-2-1-150x100.jpg 150w, https:\/\/www.medellin.gov.co\/es\/wp-content\/uploads\/2023\/08\/semana-juventud-2-1-768x512.jpg 768w\" sizes=\"(max-width: 1024px) 100vw, 1024px\" \/><p id=\"caption-attachment-242702\" class=\"wp-caption-text\">Balance de Semana la Juventud Neas 2023 &#8211; Foto: Alcald\u00eda de Medell\u00edn<\/p><\/div>\n<p><span style=\"font-weight: 400;\">La Acampada Mutante fue un \u00e9xito, superando la versi\u00f3n anterior, con una asistencia que permiti\u00f3 la integraci\u00f3n de m\u00e1s de 20.000 personas itinerantes durante la noche y el amanecer, en un espacio que agrup\u00f3 m\u00e1s de 50 actividades que conjugaron m\u00fasica, talleres, juegos, recreaci\u00f3n, orientaci\u00f3n en derechos sexuales y reproductivos y consumos conscientes.\u00a0<\/span><\/p>\n<p><span style=\"font-weight: 400;\">Con 17 artistas reconocidos y emergentes cerr\u00f3 la Semana de la Juventud el Resistencia Fest, haciendo vibrar a las juventudes en el Parque de los Deseos. Cerca de 24.000 asistentes gozaron del concierto Taciturno y el Mutante, donde pudieron conocer a nuevos talentos j\u00f3venes que ganaron la convocatoria realizada por la Secretar\u00eda de la Juventud.<\/span><\/p>\n<p><span style=\"font-weight: 400;\">\u201c<\/span><i><span style=\"font-weight: 400;\">Lo que me parece del evento es que todo fue maravilloso, entre todos se respetan y siento que deber\u00eda ser m\u00e1s constantemente porque hay muchas personas que tienen su proyecto y no avanzan porque no hay quien los apoye en la m\u00fasica, en el arte, en el graffiti. Siento que se deber\u00eda hacer en otras ciudades para que la comunidad LGBTIQ+ tambi\u00e9n explore su arte<\/span><\/i><span style=\"font-weight: 400;\">\u201d, dijo la joven Mar\u00eda del Mar Oquendo.<\/span><\/p>\n<p><span style=\"font-weight: 400;\">En los eventos masivos como la Acampada y el Resistencia Fest, el equipo de Salud P\u00fablica Juvenil realiz\u00f3 orientaciones sobre consumos conscientes y en el concierto Mutantes se realiz\u00f3 testeo de sustancias psicoactivas con acompa\u00f1amiento para la reducci\u00f3n de los riesgos y da\u00f1os asociados.<\/span><\/p>\n<p><span style=\"font-weight: 400;\">Igualmente, Mercado Joven estuvo presente en el Resistencia Fest con cinco emprendimientos juveniles de alimentos con ventas que superan los $15.000.000.<\/span><\/p>\n<p><span style=\"font-weight: 400;\">La Semana de la Juventud festej\u00f3 la diversidad de las identidades de las juventudes del distrito de Medell\u00edn.<\/span><\/p>\n","protected":false},"excerpt":{"rendered":"<p>El Resistencia Fest reuni\u00f3 alrededor de 24.000 asistentes que celebraron en el espacio p\u00fablico y vivieron el arte juvenil, con artistas locales, nacionales e internacionales. Con recorridos, conciertos y parches juveniles, entre la ciudad y &#8230;<\/p>\n","protected":false},"author":4,"featured_media":242700,"comment_status":"open","ping_status":"open","sticky":false,"template":"","format":"standard","meta":[],"categories":[12],"tags":[428],"formato_nota":[],"programas_tax":[],"acf":[],"_links":{"self":[{"href":"https:\/\/www.medellin.gov.co\/es\/wp-json\/wp\/v2\/posts\/242695"}],"collection":[{"href":"https:\/\/www.medellin.gov.co\/es\/wp-json\/wp\/v2\/posts"}],"about":[{"href":"https:\/\/www.medellin.gov.co\/es\/wp-json\/wp\/v2\/types\/post"}],"author":[{"embeddable":true,"href":"https:\/\/www.medellin.gov.co\/es\/wp-json\/wp\/v2\/users\/4"}],"replies":[{"embeddable":true,"href":"https:\/\/www.medellin.gov.co\/es\/wp-json\/wp\/v2\/comments?post=242695"}],"version-history":[{"count":3,"href":"https:\/\/www.medellin.gov.co\/es\/wp-json\/wp\/v2\/posts\/242695\/revisions"}],"predecessor-version":[{"id":243062,"href":"https:\/\/www.medellin.gov.co\/es\/wp-json\/wp\/v2\/posts\/242695\/revisions\/243062"}],"wp:featuredmedia":[{"embeddable":true,"href":"https:\/\/www.medellin.gov.co\/es\/wp-json\/wp\/v2\/media\/242700"}],"wp:attachment":[{"href":"https:\/\/www.medellin.gov.co\/es\/wp-json\/wp\/v2\/media?parent=242695"}],"wp:term":[{"taxonomy":"category","embeddable":true,"href":"https:\/\/www.medellin.gov.co\/es\/wp-json\/wp\/v2\/categories?post=242695"},{"taxonomy":"post_tag","embeddable":true,"href":"https:\/\/www.medellin.gov.co\/es\/wp-json\/wp\/v2\/tags?post=242695"},{"taxonomy":"formato_nota","embeddable":true,"href":"https:\/\/www.medellin.gov.co\/es\/wp-json\/wp\/v2\/formato_nota?post=242695"},{"taxonomy":"programas_tax","embeddable":true,"href":"https:\/\/www.medellin.gov.co\/es\/wp-json\/wp\/v2\/programas_tax?post=242695"}],"curies":[{"name":"wp","href":"https:\/\/api.w.org\/{rel}","templated":true}]}}