{"id":242706,"date":"2023-08-27T17:33:07","date_gmt":"2023-08-27T22:33:07","guid":{"rendered":"https:\/\/www.medellin.gov.co\/es\/?p=242706"},"modified":"2023-08-27T17:33:07","modified_gmt":"2023-08-27T22:33:07","slug":"organizaciones-sociales-del-distrito-realizaron-jornada-de-rendicion-social-de-cuentas-en-sus-territorios","status":"publish","type":"post","link":"https:\/\/www.medellin.gov.co\/es\/sala-de-prensa\/noticias\/organizaciones-sociales-del-distrito-realizaron-jornada-de-rendicion-social-de-cuentas-en-sus-territorios\/","title":{"rendered":"Organizaciones sociales del distrito realizaron jornada de rendici\u00f3n social de cuentas en sus territorios"},"content":{"rendered":"<ul>\n<li>Cerca de 200 l\u00edderes de organizaciones sociales, comunales e instancias de participaci\u00f3n ciudadana se vincularon a este proceso.<\/li>\n<li>El D\u00eda Blanco es promovido por la Alcald\u00eda de Medell\u00edn como estrategia de movilizaci\u00f3n social por la transparencia y corresponsabilidad comunitaria.<\/li>\n<li>El proceso de acompa\u00f1amiento de la Administraci\u00f3n Distrital const\u00f3 de tres momentos: formativo, asesor\u00edas y trabajo aut\u00f3nomo.<\/li>\n<\/ul>\n<!--[if lt IE 9]><script>document.createElement('audio');<\/script><![endif]-->\n\t<div class=\"wp-playlist wp-audio-playlist wp-playlist-light\">\n\t\t\t<div class=\"wp-playlist-current-item\"><\/div>\n\t\t<audio controls=\"controls\" preload=\"none\" width=\"640\"\n\t\t\t><\/audio>\n\t<div class=\"wp-playlist-next\"><\/div>\n\t<div class=\"wp-playlist-prev\"><\/div>\n\t<noscript>\n\t<ol>\n\t\t<li><a href='https:\/\/www.medellin.gov.co\/es\/wp-content\/uploads\/2023\/08\/dia-blanco.mp3'>Palabras de Dalgy Bibiana Rico, secretaria de Participaci\u00f3n Ciudadana.<\/a><\/li>\t<\/ol>\n\t<\/noscript>\n\t<script type=\"application\/json\" class=\"wp-playlist-script\">{\"type\":\"audio\",\"tracklist\":true,\"tracknumbers\":true,\"images\":true,\"artists\":true,\"tracks\":[{\"src\":\"https:\\\/\\\/www.medellin.gov.co\\\/es\\\/wp-content\\\/uploads\\\/2023\\\/08\\\/dia-blanco.mp3\",\"type\":\"audio\\\/mpeg\",\"title\":\"Palabras de Dalgy Bibiana Rico, secretaria de Participaci\\u00f3n Ciudadana.\",\"caption\":\"\",\"description\":\"Palabras de Dalgy Bibiana Rico, secretaria de Participaci\\u00f3n Ciudadana.\",\"meta\":{\"year\":\"2023\",\"length_formatted\":\"0:53\"},\"image\":{\"src\":\"https:\\\/\\\/www.medellin.gov.co\\\/es\\\/wp-includes\\\/images\\\/media\\\/audio.png\",\"width\":48,\"height\":64},\"thumb\":{\"src\":\"https:\\\/\\\/www.medellin.gov.co\\\/es\\\/wp-includes\\\/images\\\/media\\\/audio.png\",\"width\":48,\"height\":64}}]}<\/script>\n<\/div>\n\t\n<p><span style=\"font-weight: 400;\">M\u00e1s de 4.500 personas en las 16 comunas y los cinco corregimientos de Medell\u00edn participaron del D\u00eda Blanco, escenario en el que cerca de 200 l\u00edderes rindieron cuentas a sus comunidades de toda la gesti\u00f3n social realizada durante este 2023 a trav\u00e9s de audiencias p\u00fablicas en sus barrios y veredas.<\/span><\/p>\n<p><span style=\"font-weight: 400;\">El D\u00eda Blanco, promovido por la Alcald\u00eda de Medell\u00edn como estrategia de movilizaci\u00f3n social por la transparencia y corresponsabilidad comunitaria,\u00a0 es un espacio propicio para que\u00a0 los ciudadanos tengan\u00a0 la oportunidad de escuchar a sus\u00a0 l\u00edderes y conocer de cerca los resultados de su labor social y el impacto en los territorios.<\/span><\/p>\n<p><span style=\"font-weight: 400;\">El evento de apertura al D\u00eda Blanco se realiz\u00f3 en la Comuna 1- Popular\u00a0 con presencia de la secretaria de Participaci\u00f3n Ciudadana, Dalgy Bibiana Rico, quien destac\u00f3 la importancia de esta actividad.<\/span><\/p>\n<p><i><span style=\"font-weight: 400;\">\u201cTerminamos el d\u00eda blanco, este espacio permiti\u00f3 realizar la rendici\u00f3n social de cuentas de m\u00e1s de 200 organizaciones, aqu\u00ed pudimos ver lo que los l\u00edderes y lideresas realizan en sus comunas y corregimientos. Estamos convencidos de que estos espacios, permiten fortalecer la participaci\u00f3n en el Distrito de Medell\u00edn\u201d, <\/span><\/i><span style=\"font-weight: 400;\">manifest\u00f3 la funcionaria.\u00a0<\/span><\/p>\n<p><span style=\"font-weight: 400;\">Para este a\u00f1o, en su versi\u00f3n n\u00famero 11, la Alcald\u00eda de Medell\u00edn por medio de la Secretar\u00eda de Participaci\u00f3n Ciudadana realiz\u00f3 un plan de capacitaci\u00f3n para fomentar la transparencia de las diferentes organizaciones que impactan todo el territorio, con miras a mejorar la audiencia p\u00fablica de rendici\u00f3n social de cuentas.<\/span><\/p>\n<div id=\"attachment_242714\" style=\"width: 1210px\" class=\"wp-caption alignnone\"><img aria-describedby=\"caption-attachment-242714\" loading=\"lazy\" class=\"size-full wp-image-242714\" src=\"https:\/\/www.medellin.gov.co\/es\/wp-content\/uploads\/2023\/08\/dia-blanco-2.jpg\" alt=\"D\u00eda Blanco\" width=\"1200\" height=\"675\" srcset=\"https:\/\/www.medellin.gov.co\/es\/wp-content\/uploads\/2023\/08\/dia-blanco-2.jpg 1200w, https:\/\/www.medellin.gov.co\/es\/wp-content\/uploads\/2023\/08\/dia-blanco-2-300x169.jpg 300w, https:\/\/www.medellin.gov.co\/es\/wp-content\/uploads\/2023\/08\/dia-blanco-2-1024x576.jpg 1024w, https:\/\/www.medellin.gov.co\/es\/wp-content\/uploads\/2023\/08\/dia-blanco-2-150x84.jpg 150w, https:\/\/www.medellin.gov.co\/es\/wp-content\/uploads\/2023\/08\/dia-blanco-2-768x432.jpg 768w\" sizes=\"(max-width: 1200px) 100vw, 1200px\" \/><p id=\"caption-attachment-242714\" class=\"wp-caption-text\">D\u00eda Blanco &#8211; Foto: Alcald\u00eda de Medell\u00edn<\/p><\/div>\n<p><span style=\"font-weight: 400;\">El proceso de acompa\u00f1amiento const\u00f3 de tres momentos: formativo, asesor\u00edas y trabajo aut\u00f3nomo. El proceso formativo se hizo a trav\u00e9s del Seminario Gesti\u00f3n Transparente, que brind\u00f3 conceptos y herramientas para la transparencia y rendici\u00f3n de cuentas para el fortalecimiento de la legitimidad y confianza de las organizaciones sociales, comunales e instancias de participaci\u00f3n ciudadana formales e informales de Medell\u00edn.<\/span><\/p>\n<p><span style=\"font-weight: 400;\">Las asesor\u00edas se realizaron por medio de los profesionales del Equipo de Control Social a la Gesti\u00f3n P\u00fablica, quienes acompa\u00f1aron a las diferentes organizaciones en el proceso de rendici\u00f3n de cuentas antes, durante y despu\u00e9s, especialmente en la elaboraci\u00f3n de los informes de gesti\u00f3n que se presentaron en las audiencias del D\u00eda Blanco.<\/span><\/p>\n<p><span style=\"font-weight: 400;\">El trabajo aut\u00f3nomo de cada organizaci\u00f3n social se vi\u00f3 reflejado en el ejercicio pr\u00e1ctico de la rendici\u00f3n social de cuentas a cada una de sus comunidades.<\/span><\/p>\n<p><span style=\"font-weight: 400;\">El presidente de la Junta de Acci\u00f3n Comunal de Santo Domingo Savio 2,\u00a0<\/span><\/p>\n<p><span style=\"font-weight: 400;\">Carlos Meza, expres\u00f3 que <\/span><i><span style=\"font-weight: 400;\">\u201ccon este d\u00eda Blanco lo que buscamos es decirle a la comunidad lo que hemos hecho con transparencia, eso es Medell\u00edn hoy, transparencia y por esto queremos entregar las cuentas claras en los territorios\u201d.\u00a0<\/span><\/i><\/p>\n<p><span style=\"font-weight: 400;\">Con estos ejercicios formativos y con la rendici\u00f3n p\u00fablica de cuentas de las organizaciones sociales y comunitarias, se sigue llevando a los territorios la democracia imparable con transparencia y liderazgo para seguir construyendo la Medell\u00edn Futuro.<\/span><\/p>\n","protected":false},"excerpt":{"rendered":"<p>Cerca de 200 l\u00edderes de organizaciones sociales, comunales e instancias de participaci\u00f3n ciudadana se vincularon a este proceso. El D\u00eda Blanco es promovido por la Alcald\u00eda de Medell\u00edn como estrategia de movilizaci\u00f3n social por la &#8230;<\/p>\n","protected":false},"author":4,"featured_media":242711,"comment_status":"open","ping_status":"open","sticky":false,"template":"","format":"standard","meta":[],"categories":[16],"tags":[428,455],"formato_nota":[],"programas_tax":[],"acf":[],"_links":{"self":[{"href":"https:\/\/www.medellin.gov.co\/es\/wp-json\/wp\/v2\/posts\/242706"}],"collection":[{"href":"https:\/\/www.medellin.gov.co\/es\/wp-json\/wp\/v2\/posts"}],"about":[{"href":"https:\/\/www.medellin.gov.co\/es\/wp-json\/wp\/v2\/types\/post"}],"author":[{"embeddable":true,"href":"https:\/\/www.medellin.gov.co\/es\/wp-json\/wp\/v2\/users\/4"}],"replies":[{"embeddable":true,"href":"https:\/\/www.medellin.gov.co\/es\/wp-json\/wp\/v2\/comments?post=242706"}],"version-history":[{"count":1,"href":"https:\/\/www.medellin.gov.co\/es\/wp-json\/wp\/v2\/posts\/242706\/revisions"}],"predecessor-version":[{"id":242716,"href":"https:\/\/www.medellin.gov.co\/es\/wp-json\/wp\/v2\/posts\/242706\/revisions\/242716"}],"wp:featuredmedia":[{"embeddable":true,"href":"https:\/\/www.medellin.gov.co\/es\/wp-json\/wp\/v2\/media\/242711"}],"wp:attachment":[{"href":"https:\/\/www.medellin.gov.co\/es\/wp-json\/wp\/v2\/media?parent=242706"}],"wp:term":[{"taxonomy":"category","embeddable":true,"href":"https:\/\/www.medellin.gov.co\/es\/wp-json\/wp\/v2\/categories?post=242706"},{"taxonomy":"post_tag","embeddable":true,"href":"https:\/\/www.medellin.gov.co\/es\/wp-json\/wp\/v2\/tags?post=242706"},{"taxonomy":"formato_nota","embeddable":true,"href":"https:\/\/www.medellin.gov.co\/es\/wp-json\/wp\/v2\/formato_nota?post=242706"},{"taxonomy":"programas_tax","embeddable":true,"href":"https:\/\/www.medellin.gov.co\/es\/wp-json\/wp\/v2\/programas_tax?post=242706"}],"curies":[{"name":"wp","href":"https:\/\/api.w.org\/{rel}","templated":true}]}}