{"id":242832,"date":"2023-08-28T11:26:33","date_gmt":"2023-08-28T16:26:33","guid":{"rendered":"https:\/\/www.medellin.gov.co\/es\/?p=242832"},"modified":"2023-08-28T11:26:33","modified_gmt":"2023-08-28T16:26:33","slug":"la-alcaldia-de-medellin-hace-recomendaciones-para-prevenir-golpes-de-calor-en-animales-de-compania","status":"publish","type":"post","link":"https:\/\/www.medellin.gov.co\/es\/sala-de-prensa\/noticias\/la-alcaldia-de-medellin-hace-recomendaciones-para-prevenir-golpes-de-calor-en-animales-de-compania\/","title":{"rendered":"La Alcald\u00eda de Medell\u00edn hace recomendaciones para prevenir golpes de calor en animales de compa\u00f1\u00eda"},"content":{"rendered":"<ul>\n<li>Se sugiere disminuir la exposici\u00f3n a las altas temperaturas y tener siempre agua fresca.<\/li>\n<li>Pasearlos a primera hora de la ma\u00f1ana y al final de la tarde durante los meses de calor.<\/li>\n<li>Se debe evitar que hagan esfuerzo f\u00edsico durante los d\u00edas de altas temperaturas.<\/li>\n<\/ul>\n<!--[if lt IE 9]><script>document.createElement('audio');<\/script><![endif]-->\n\t<div class=\"wp-playlist wp-audio-playlist wp-playlist-light\">\n\t\t\t<div class=\"wp-playlist-current-item\"><\/div>\n\t\t<audio controls=\"controls\" preload=\"none\" width=\"640\"\n\t\t\t><\/audio>\n\t<div class=\"wp-playlist-next\"><\/div>\n\t<div class=\"wp-playlist-prev\"><\/div>\n\t<noscript>\n\t<ol>\n\t\t<li><a href='https:\/\/www.medellin.gov.co\/es\/wp-content\/uploads\/2023\/08\/golpes-de-calor-animales.mp3'>Palabras de Diana Marcela Santacruz, subsecretaria de Protecci\u00f3n y Bienestar Animal.<\/a><\/li>\t<\/ol>\n\t<\/noscript>\n\t<script type=\"application\/json\" class=\"wp-playlist-script\">{\"type\":\"audio\",\"tracklist\":true,\"tracknumbers\":true,\"images\":true,\"artists\":true,\"tracks\":[{\"src\":\"https:\\\/\\\/www.medellin.gov.co\\\/es\\\/wp-content\\\/uploads\\\/2023\\\/08\\\/golpes-de-calor-animales.mp3\",\"type\":\"audio\\\/mpeg\",\"title\":\"Palabras de Diana Marcela Santacruz, subsecretaria de Protecci\\u00f3n y Bienestar Animal.\",\"caption\":\"\",\"description\":\"Palabras de Diana Marcela Santacruz, subsecretaria de Protecci\\u00f3n y Bienestar Animal. \",\"meta\":{\"year\":\"2023\",\"length_formatted\":\"0:51\"},\"image\":{\"src\":\"https:\\\/\\\/www.medellin.gov.co\\\/es\\\/wp-includes\\\/images\\\/media\\\/audio.png\",\"width\":48,\"height\":64},\"thumb\":{\"src\":\"https:\\\/\\\/www.medellin.gov.co\\\/es\\\/wp-includes\\\/images\\\/media\\\/audio.png\",\"width\":48,\"height\":64}}]}<\/script>\n<\/div>\n\t\n<p><span style=\"font-weight: 400;\">La Administraci\u00f3n Distrital ofrece algunos consejos para un cuidado responsable de los animales de compa\u00f1\u00eda durante esta temporada seca y as\u00ed evitar que resulten afectados por los llamados golpes de calor.<\/span><\/p>\n<p><span style=\"font-weight: 400;\">Es esencial disminuir la exposici\u00f3n de estos a las altas temperaturas y tener siempre agua fresca. Adem\u00e1s, ubicarlos cerca de un ventilador o zonas ventiladas y ofrecerles cubitos de hielo. Dado que las almohadillas son el sistema de autorregulaci\u00f3n de los perros, es fundamental humedecer la zona junto con el hocico, la cabeza, el cuello y las axilas.<\/span><\/p>\n<p><span style=\"font-weight: 400;\">No se les debe encerrar en el carro. Una opci\u00f3n para pasearlos es a primera hora de la ma\u00f1ana y al final de la tarde durante los meses de calor, y evitar que hagan esfuerzo f\u00edsico durante estas temporadas.<\/span><\/p>\n<p><i><span style=\"font-weight: 400;\">\u201cCuidarlos en esos momentos tambi\u00e9n es muy importante para garantizarles su bienestar. Se debe tener en cuenta que, cuando sales a pasear con ellos, es recomendable llevarles hidrataci\u00f3n y no exponerlos a horas donde el sol se encuentra en su m\u00e1xima expresi\u00f3n. No es recomendable ponerles disfraces u otro elemento que genere malestar o inconformidad. Independientemente de que sea un sitio abierto o cerrado se debe tener agua e hidrataci\u00f3n\u201d, <\/span><\/i><span style=\"font-weight: 400;\">manifest\u00f3 la subsecretaria de Protecci\u00f3n y Bienestar Animal, Diana Marcela Santacruz.<\/span><i><span style=\"font-weight: 400;\">\u00a0<\/span><\/i><\/p>\n<p><span style=\"font-weight: 400;\">En perros y gatos, los golpes de calor se manifiestan con las mucosas enrojecidas, se agitan m\u00e1s de lo normal y algunos se muestran deca\u00eddos. Pueden presentar temblores y debilidad. Se recomienda bajar el nivel corporal lo antes posible con agua, que actuar\u00e1 como regulador y al evaporarse los enfr\u00eda.<\/span><\/p>\n<p><i><span style=\"font-weight: 400;\">\u201cYo, normalmente, paseo a Aurora entre 6:00 a. m. y 6:30 a. m. y entre las 6:30 p. m. y las 7:30 p. m., de tal manera que no haya sol. Tanto en las ma\u00f1anas como en las noches, le tengo agua fresca para que est\u00e9 hidratada y no la paseo cuando hay calor, porque el pavimento les lesiona los pulpejos o almohadillas de las paticas y en este tiempo ellos se deshidratan\u201d, <\/span><\/i><span style=\"font-weight: 400;\">expres\u00f3 Fanny Loaiza, cuidadora de una canina.<\/span><\/p>\n<p><span style=\"font-weight: 400;\">En tiempo seco, la temperatura del cuerpo aumenta por encima de lo normal y, debido a las pocas gl\u00e1ndulas sudor\u00edparas, perros y gatos son m\u00e1s vulnerables a sufrir golpes de calor, que ponen en riesgo su salud. Prevenir y reconocer a tiempo puede salvar sus vidas. <\/span><\/p>\n","protected":false},"excerpt":{"rendered":"<p>Se sugiere disminuir la exposici\u00f3n a las altas temperaturas y tener siempre agua fresca. Pasearlos a primera hora de la ma\u00f1ana y al final de la tarde durante los meses de calor. Se debe evitar &#8230;<\/p>\n","protected":false},"author":4,"featured_media":242837,"comment_status":"open","ping_status":"open","sticky":false,"template":"","format":"standard","meta":[],"categories":[13],"tags":[451,436],"formato_nota":[],"programas_tax":[],"acf":[],"_links":{"self":[{"href":"https:\/\/www.medellin.gov.co\/es\/wp-json\/wp\/v2\/posts\/242832"}],"collection":[{"href":"https:\/\/www.medellin.gov.co\/es\/wp-json\/wp\/v2\/posts"}],"about":[{"href":"https:\/\/www.medellin.gov.co\/es\/wp-json\/wp\/v2\/types\/post"}],"author":[{"embeddable":true,"href":"https:\/\/www.medellin.gov.co\/es\/wp-json\/wp\/v2\/users\/4"}],"replies":[{"embeddable":true,"href":"https:\/\/www.medellin.gov.co\/es\/wp-json\/wp\/v2\/comments?post=242832"}],"version-history":[{"count":1,"href":"https:\/\/www.medellin.gov.co\/es\/wp-json\/wp\/v2\/posts\/242832\/revisions"}],"predecessor-version":[{"id":242840,"href":"https:\/\/www.medellin.gov.co\/es\/wp-json\/wp\/v2\/posts\/242832\/revisions\/242840"}],"wp:featuredmedia":[{"embeddable":true,"href":"https:\/\/www.medellin.gov.co\/es\/wp-json\/wp\/v2\/media\/242837"}],"wp:attachment":[{"href":"https:\/\/www.medellin.gov.co\/es\/wp-json\/wp\/v2\/media?parent=242832"}],"wp:term":[{"taxonomy":"category","embeddable":true,"href":"https:\/\/www.medellin.gov.co\/es\/wp-json\/wp\/v2\/categories?post=242832"},{"taxonomy":"post_tag","embeddable":true,"href":"https:\/\/www.medellin.gov.co\/es\/wp-json\/wp\/v2\/tags?post=242832"},{"taxonomy":"formato_nota","embeddable":true,"href":"https:\/\/www.medellin.gov.co\/es\/wp-json\/wp\/v2\/formato_nota?post=242832"},{"taxonomy":"programas_tax","embeddable":true,"href":"https:\/\/www.medellin.gov.co\/es\/wp-json\/wp\/v2\/programas_tax?post=242832"}],"curies":[{"name":"wp","href":"https:\/\/api.w.org\/{rel}","templated":true}]}}