{"id":243704,"date":"2023-07-24T15:12:18","date_gmt":"2023-07-24T20:12:18","guid":{"rendered":"https:\/\/www.medellin.gov.co\/es\/?p=243704"},"modified":"2023-08-29T15:22:00","modified_gmt":"2023-08-29T20:22:00","slug":"medellin-continua-con-una-reduccion-en-el-indice-de-incidentes-gracias-a-sus-mecanismos-de-fotodeteccion","status":"publish","type":"post","link":"https:\/\/www.medellin.gov.co\/es\/sala-de-prensa\/noticias\/medellin-continua-con-una-reduccion-en-el-indice-de-incidentes-gracias-a-sus-mecanismos-de-fotodeteccion\/","title":{"rendered":"Medell\u00edn contin\u00faa con una reducci\u00f3n en el \u00edndice de incidentes gracias a sus mecanismos de fotodetecci\u00f3n."},"content":{"rendered":"<p>Un 11% se redujo en junio la incidentalidad en la zona de influencia de nuestras c\u00e1maras de fotodetecci\u00f3n, con relaci\u00f3n al mes de mayo de este a\u00f1o. Incluso, la tasa acumulada de incidentes por cada 100.000 habitantes presenta una diferencia de 137.4 puntos vs el mismo per\u00edodo de 2022.<\/p>\n<p>As\u00ed lo demuestra el m\u00e1s reciente informe del Centro de Control de Tr\u00e1nsito del Sistema Inteligente de Movilidad de Medell\u00edn, donde se compara el mismo per\u00edodo, entre 2016 y 2023. Seg\u00fan las cifras entregadas por esta dependencia, solo el 17,73% de todos los incidentes registrados en el mes, ocurrieron a menos de 100 metros de una c\u00e1mara.<br \/>\nEn palabras de Jhin Jairo Ram\u00edrez, Subcomandante de Tr\u00e1nsito, \u201cen lo primero que hay que pensar es justamente en la protecci\u00f3n a la vida, menos incidentes representa una menor probabilidad de v\u00edctimas mortales y de lesionados, lo que responde a nuestra pol\u00edtica de alcanzar una Visi\u00f3n Cero\u201d.<\/p>\n<p>Estas cifras evidencia, entonces, que se ha generado una curva de aprendizaje positiva entre los ciudadanos, sobre la necesidad de respetar las normas de tr\u00e1nsito, si queremos tener una ciudad \u00e1gil y segura en t\u00e9rminos de movilidad.<\/p>\n","protected":false},"excerpt":{"rendered":"<p>Un 11% se redujo en junio la incidentalidad en la zona de influencia de nuestras c\u00e1maras de fotodetecci\u00f3n, con relaci\u00f3n al mes de mayo de este a\u00f1o. Incluso, la tasa acumulada de incidentes por cada &#8230;<\/p>\n","protected":false},"author":57,"featured_media":243707,"comment_status":"open","ping_status":"open","sticky":false,"template":"","format":"standard","meta":[],"categories":[14],"tags":[656,655],"formato_nota":[],"programas_tax":[],"acf":[],"_links":{"self":[{"href":"https:\/\/www.medellin.gov.co\/es\/wp-json\/wp\/v2\/posts\/243704"}],"collection":[{"href":"https:\/\/www.medellin.gov.co\/es\/wp-json\/wp\/v2\/posts"}],"about":[{"href":"https:\/\/www.medellin.gov.co\/es\/wp-json\/wp\/v2\/types\/post"}],"author":[{"embeddable":true,"href":"https:\/\/www.medellin.gov.co\/es\/wp-json\/wp\/v2\/users\/57"}],"replies":[{"embeddable":true,"href":"https:\/\/www.medellin.gov.co\/es\/wp-json\/wp\/v2\/comments?post=243704"}],"version-history":[{"count":1,"href":"https:\/\/www.medellin.gov.co\/es\/wp-json\/wp\/v2\/posts\/243704\/revisions"}],"predecessor-version":[{"id":243708,"href":"https:\/\/www.medellin.gov.co\/es\/wp-json\/wp\/v2\/posts\/243704\/revisions\/243708"}],"wp:featuredmedia":[{"embeddable":true,"href":"https:\/\/www.medellin.gov.co\/es\/wp-json\/wp\/v2\/media\/243707"}],"wp:attachment":[{"href":"https:\/\/www.medellin.gov.co\/es\/wp-json\/wp\/v2\/media?parent=243704"}],"wp:term":[{"taxonomy":"category","embeddable":true,"href":"https:\/\/www.medellin.gov.co\/es\/wp-json\/wp\/v2\/categories?post=243704"},{"taxonomy":"post_tag","embeddable":true,"href":"https:\/\/www.medellin.gov.co\/es\/wp-json\/wp\/v2\/tags?post=243704"},{"taxonomy":"formato_nota","embeddable":true,"href":"https:\/\/www.medellin.gov.co\/es\/wp-json\/wp\/v2\/formato_nota?post=243704"},{"taxonomy":"programas_tax","embeddable":true,"href":"https:\/\/www.medellin.gov.co\/es\/wp-json\/wp\/v2\/programas_tax?post=243704"}],"curies":[{"name":"wp","href":"https:\/\/api.w.org\/{rel}","templated":true}]}}