{"id":248896,"date":"2023-09-12T11:20:47","date_gmt":"2023-09-12T16:20:47","guid":{"rendered":"https:\/\/www.medellin.gov.co\/es\/?p=248896"},"modified":"2023-09-12T11:20:47","modified_gmt":"2023-09-12T16:20:47","slug":"medellin-y-el-valle-de-aburra-registra-la-tasa-desempleo-para-las-mujeres-mas-baja-de-la-historia-9-6","status":"publish","type":"post","link":"https:\/\/www.medellin.gov.co\/es\/sala-de-prensa\/noticias\/medellin-y-el-valle-de-aburra-registra-la-tasa-desempleo-para-las-mujeres-mas-baja-de-la-historia-9-6\/","title":{"rendered":"Medell\u00edn y el Valle de Aburr\u00e1 registra la tasa desempleo para las mujeres m\u00e1s baja de la historia: 9.6%"},"content":{"rendered":"<ul>\n<li>En los \u00faltimos cuatro a\u00f1os esta tasa ha disminuido 6.6%, esto quiere decir que se han creado en la ciudad alrededor de 176.000 nuevos empleos para las mujeres.<\/li>\n<li>Con 16,3 %, Medell\u00edn y su \u00e1rea metropolitana presentaron la tasa de desempleo juvenil m\u00e1s baja de la historia, para el trimestre de abril, mayo y junio.<\/li>\n<li>El \u00faltimo informe del DANE posicion\u00f3 a Medell\u00edn como la segunda ciudad del pa\u00eds con la menor tasa de desempleo.<\/li>\n<\/ul>\n<!--[if lt IE 9]><script>document.createElement('audio');<\/script><![endif]-->\n\t<div class=\"wp-playlist wp-audio-playlist wp-playlist-light\">\n\t\t\t<div class=\"wp-playlist-current-item\"><\/div>\n\t\t<audio controls=\"controls\" preload=\"none\" width=\"640\"\n\t\t\t><\/audio>\n\t<div class=\"wp-playlist-next\"><\/div>\n\t<div class=\"wp-playlist-prev\"><\/div>\n\t<noscript>\n\t<ol>\n\t\t<li><a href='https:\/\/www.medellin.gov.co\/es\/wp-content\/uploads\/2023\/09\/Empleo-Mujeres-01.mp3'>Palabras de Mauricio Valencia, secretario de desarrollo econ\u00f3mico<\/a><\/li>\t<\/ol>\n\t<\/noscript>\n\t<script type=\"application\/json\" class=\"wp-playlist-script\">{\"type\":\"audio\",\"tracklist\":true,\"tracknumbers\":true,\"images\":true,\"artists\":true,\"tracks\":[{\"src\":\"https:\\\/\\\/www.medellin.gov.co\\\/es\\\/wp-content\\\/uploads\\\/2023\\\/09\\\/Empleo-Mujeres-01.mp3\",\"type\":\"audio\\\/mpeg\",\"title\":\"Palabras de Mauricio Valencia, secretario de desarrollo econ\\u00f3mico\",\"caption\":\"\",\"description\":\"\\u00abPalabras de Mauricio Valencia, secretario de desarrollo econ\\u00f3mico\\u00bb.\",\"meta\":{\"length_formatted\":\"0:55\"},\"image\":{\"src\":\"https:\\\/\\\/www.medellin.gov.co\\\/es\\\/wp-includes\\\/images\\\/media\\\/audio.png\",\"width\":48,\"height\":64},\"thumb\":{\"src\":\"https:\\\/\\\/www.medellin.gov.co\\\/es\\\/wp-includes\\\/images\\\/media\\\/audio.png\",\"width\":48,\"height\":64}}]}<\/script>\n<\/div>\n\t\n<p>Medell\u00edn avanza en la disminuci\u00f3n de la brecha de g\u00e9nero. Seg\u00fan el \u00faltimo informe del Departamento Administrativo Nacional de Estad\u00edsticas (DANE) para el trimestre de mayo, junio y julio, la tasa de desempleo para las mujeres fue de 9,6%, la m\u00e1s baja de la historia.<\/p>\n<p>\u201c<em>Desde la Alcald\u00eda de Medell\u00edn estamos felices de poder comunicar excelentes resultados econ\u00f3micos para nuestra ciudad, esta vez en t\u00e9rminos de empleo. Hace una semana celebramos la tasa de desempleo m\u00e1s baja de la historia de Medell\u00edn 8.6% y hoy la noticia es para la menor tasa de desempleo para\u00a0 nuestra mujeres, en la historia y primera vez que se ubica en un solo d\u00edgito. En los \u00faltimos cuatro a\u00f1os la tasa ha disminuido 6.6% esto quiere decir que se han creado en la ciudad alrededor de 176.000 nuevos empleos que hoy est\u00e1n siendo ocupados por las mujeres\u201d<\/em>, dijo el secretario de desarrollo econ\u00f3mico, Mauricio Valencia.<\/p>\n<div id=\"attachment_249192\" style=\"width: 1290px\" class=\"wp-caption alignnone\"><a href=\"https:\/\/www.medellin.gov.co\/es\/wp-content\/uploads\/2023\/09\/Empleo-Mujeres-1.jpg\" target=\"_blank\" rel=\"noopener\"><img aria-describedby=\"caption-attachment-249192\" loading=\"lazy\" class=\"wp-image-249192 size-full\" title=\"Medell\u00edn y el Valle de Aburr\u00e1 registra la tasa desempleo para las mujeres m\u00e1s baja de la historia: 9.6%\" src=\"https:\/\/www.medellin.gov.co\/es\/wp-content\/uploads\/2023\/09\/Empleo-Mujeres-1.jpg\" alt=\"Medell\u00edn y el Valle de Aburr\u00e1 registra la tasa desempleo para las mujeres m\u00e1s baja de la historia: 9.6%\" width=\"1280\" height=\"853\" srcset=\"https:\/\/www.medellin.gov.co\/es\/wp-content\/uploads\/2023\/09\/Empleo-Mujeres-1.jpg 1280w, https:\/\/www.medellin.gov.co\/es\/wp-content\/uploads\/2023\/09\/Empleo-Mujeres-1-300x200.jpg 300w, https:\/\/www.medellin.gov.co\/es\/wp-content\/uploads\/2023\/09\/Empleo-Mujeres-1-1024x682.jpg 1024w, https:\/\/www.medellin.gov.co\/es\/wp-content\/uploads\/2023\/09\/Empleo-Mujeres-1-150x100.jpg 150w, https:\/\/www.medellin.gov.co\/es\/wp-content\/uploads\/2023\/09\/Empleo-Mujeres-1-768x512.jpg 768w\" sizes=\"(max-width: 1280px) 100vw, 1280px\" \/><\/a><p id=\"caption-attachment-249192\" class=\"wp-caption-text\">Medell\u00edn y el Valle de Aburr\u00e1 registra la tasa desempleo para las mujeres m\u00e1s baja de la historia: 9.6% &#8211; Alcald\u00eda de Medell\u00edn<\/p><\/div>\n<p>As\u00ed mismo, con 16,3 %, Medell\u00edn y su \u00e1rea metropolitana presentaron la tasa de desempleo juvenil m\u00e1s baja de la historia, para el trimestre de abril, mayo y junio.<\/p>\n<p>En el cuatrienio se redujo la tasa de desempleo en general. Sobresale la de desempleo juvenil, ya que Medell\u00edn y su \u00e1rea metropolitana siempre estuvieron por encima del promedio de las 23 principales ciudades. En comparaci\u00f3n con el mismo periodo de 2019 ha bajado un 4,4 %.<\/p>\n<p>El \u00faltimo informe del DANE registr\u00f3 1.995.088 ocupados, 90.466 ocupados m\u00e1s que en el a\u00f1o anterior, nunca antes la ciudad hab\u00eda registrado esta cantidad de personas con empleo.<\/p>\n","protected":false},"excerpt":{"rendered":"<p>En los \u00faltimos cuatro a\u00f1os esta tasa ha disminuido 6.6%, esto quiere decir que se han creado en la ciudad alrededor de 176.000 nuevos empleos para las mujeres. Con 16,3 %, Medell\u00edn y su \u00e1rea &#8230;<\/p>\n","protected":false},"author":21,"featured_media":249189,"comment_status":"open","ping_status":"open","sticky":false,"template":"","format":"standard","meta":[],"categories":[3],"tags":[433],"formato_nota":[],"programas_tax":[],"acf":[],"_links":{"self":[{"href":"https:\/\/www.medellin.gov.co\/es\/wp-json\/wp\/v2\/posts\/248896"}],"collection":[{"href":"https:\/\/www.medellin.gov.co\/es\/wp-json\/wp\/v2\/posts"}],"about":[{"href":"https:\/\/www.medellin.gov.co\/es\/wp-json\/wp\/v2\/types\/post"}],"author":[{"embeddable":true,"href":"https:\/\/www.medellin.gov.co\/es\/wp-json\/wp\/v2\/users\/21"}],"replies":[{"embeddable":true,"href":"https:\/\/www.medellin.gov.co\/es\/wp-json\/wp\/v2\/comments?post=248896"}],"version-history":[{"count":2,"href":"https:\/\/www.medellin.gov.co\/es\/wp-json\/wp\/v2\/posts\/248896\/revisions"}],"predecessor-version":[{"id":249195,"href":"https:\/\/www.medellin.gov.co\/es\/wp-json\/wp\/v2\/posts\/248896\/revisions\/249195"}],"wp:featuredmedia":[{"embeddable":true,"href":"https:\/\/www.medellin.gov.co\/es\/wp-json\/wp\/v2\/media\/249189"}],"wp:attachment":[{"href":"https:\/\/www.medellin.gov.co\/es\/wp-json\/wp\/v2\/media?parent=248896"}],"wp:term":[{"taxonomy":"category","embeddable":true,"href":"https:\/\/www.medellin.gov.co\/es\/wp-json\/wp\/v2\/categories?post=248896"},{"taxonomy":"post_tag","embeddable":true,"href":"https:\/\/www.medellin.gov.co\/es\/wp-json\/wp\/v2\/tags?post=248896"},{"taxonomy":"formato_nota","embeddable":true,"href":"https:\/\/www.medellin.gov.co\/es\/wp-json\/wp\/v2\/formato_nota?post=248896"},{"taxonomy":"programas_tax","embeddable":true,"href":"https:\/\/www.medellin.gov.co\/es\/wp-json\/wp\/v2\/programas_tax?post=248896"}],"curies":[{"name":"wp","href":"https:\/\/api.w.org\/{rel}","templated":true}]}}