{"id":249197,"date":"2023-09-12T11:28:55","date_gmt":"2023-09-12T16:28:55","guid":{"rendered":"https:\/\/www.medellin.gov.co\/es\/?p=249197"},"modified":"2023-09-12T11:28:55","modified_gmt":"2023-09-12T16:28:55","slug":"la-fundacion-empresarios-por-la-educacion-destaca-al-distrito-de-medellin-por-sus-avances-en-este-tema","status":"publish","type":"post","link":"https:\/\/www.medellin.gov.co\/es\/sala-de-prensa\/noticias\/la-fundacion-empresarios-por-la-educacion-destaca-al-distrito-de-medellin-por-sus-avances-en-este-tema\/","title":{"rendered":"La Fundaci\u00f3n Empresarios por la Educaci\u00f3n destaca al Distrito de Medell\u00edn por sus avances en este tema"},"content":{"rendered":"<ul>\n<li>La encuesta sobre la percepci\u00f3n en educaci\u00f3n revel\u00f3 que en la ciudad disminuyeron los indicadores de deserci\u00f3n y reprobaci\u00f3n.<\/li>\n<li>Seg\u00fan los datos, el mayor inter\u00e9s acad\u00e9mico de los j\u00f3venes de Medell\u00edn es ser profesionales universitarios.<\/li>\n<li>Para la ciudadan\u00eda, las prioridades en temas educativos est\u00e1n relacionadas con infraestructura, alimentaci\u00f3n y acceso a internet, entre otras.<\/li>\n<\/ul>\n<!--[if lt IE 9]><script>document.createElement('audio');<\/script><![endif]-->\n\t<div class=\"wp-playlist wp-audio-playlist wp-playlist-light\">\n\t\t\t<div class=\"wp-playlist-current-item\"><\/div>\n\t\t<audio controls=\"controls\" preload=\"none\" width=\"640\"\n\t\t\t><\/audio>\n\t<div class=\"wp-playlist-next\"><\/div>\n\t<div class=\"wp-playlist-prev\"><\/div>\n\t<noscript>\n\t<ol>\n\t\t<li><a href='https:\/\/www.medellin.gov.co\/es\/wp-content\/uploads\/2023\/09\/Encuesta-Empresarios-por-la-Educacion-01.mp3'>Palabras de Juan David Agudelo Restrepo, secretario de Educaci\u00f3n<\/a><\/li><li><a href='https:\/\/www.medellin.gov.co\/es\/wp-content\/uploads\/2023\/09\/Encuesta-Empresarios-por-la-Educacion-02.mp3'>Palabras de Carlos Rojas, rector de la Instituci\u00f3n Educativa D\u00e9bora Arango P\u00e9rez<\/a><\/li>\t<\/ol>\n\t<\/noscript>\n\t<script type=\"application\/json\" class=\"wp-playlist-script\">{\"type\":\"audio\",\"tracklist\":true,\"tracknumbers\":true,\"images\":true,\"artists\":true,\"tracks\":[{\"src\":\"https:\\\/\\\/www.medellin.gov.co\\\/es\\\/wp-content\\\/uploads\\\/2023\\\/09\\\/Encuesta-Empresarios-por-la-Educacion-01.mp3\",\"type\":\"audio\\\/mpeg\",\"title\":\"Palabras de Juan David Agudelo Restrepo, secretario de Educaci\\u00f3n\",\"caption\":\"\",\"description\":\"\\u00abMi pel\\u00edcula\\u00bb.\",\"meta\":{\"length_formatted\":\"1:06\"},\"image\":{\"src\":\"https:\\\/\\\/www.medellin.gov.co\\\/es\\\/wp-includes\\\/images\\\/media\\\/audio.png\",\"width\":48,\"height\":64},\"thumb\":{\"src\":\"https:\\\/\\\/www.medellin.gov.co\\\/es\\\/wp-includes\\\/images\\\/media\\\/audio.png\",\"width\":48,\"height\":64}},{\"src\":\"https:\\\/\\\/www.medellin.gov.co\\\/es\\\/wp-content\\\/uploads\\\/2023\\\/09\\\/Encuesta-Empresarios-por-la-Educacion-02.mp3\",\"type\":\"audio\\\/mpeg\",\"title\":\"Palabras de Carlos Rojas, rector de la Instituci\\u00f3n Educativa D\\u00e9bora Arango P\\u00e9rez\",\"caption\":\"\",\"description\":\"\\u00abPalabras de Carlos Rojas, rector de la Instituci\\u00f3n Educativa D\\u00e9bora Arango P\\u00e9rez\\u00bb.\",\"meta\":{\"length_formatted\":\"1:04\"},\"image\":{\"src\":\"https:\\\/\\\/www.medellin.gov.co\\\/es\\\/wp-includes\\\/images\\\/media\\\/audio.png\",\"width\":48,\"height\":64},\"thumb\":{\"src\":\"https:\\\/\\\/www.medellin.gov.co\\\/es\\\/wp-includes\\\/images\\\/media\\\/audio.png\",\"width\":48,\"height\":64}}]}<\/script>\n<\/div>\n\t\n<p>La transformaci\u00f3n educativa de Medell\u00edn avanza positivamente, seg\u00fan la encuesta de la Fundaci\u00f3n Empresarios por la Educaci\u00f3n, la cual revel\u00f3 que el indicador de deserci\u00f3n escolar pas\u00f3 de 3.91 en 2019 a 3.27 en el a\u00f1o 2021 y el indicador de reprobaci\u00f3n, en 2019, que estaba en 9.80, descendi\u00f3 en el a\u00f1o 2021 a 8.84.<\/p>\n<p>El informe tambi\u00e9n detall\u00f3 que en el Distrito la raz\u00f3n m\u00e1s importante para asistir a clases es el desarrollo f\u00edsico y mental con el 63.5 %, seguido de la interacci\u00f3n con otras ni\u00f1as y ni\u00f1os con el 54.8 %, y para el 27 % ser aut\u00f3nomos e independientes.<\/p>\n<p>\u201c<em>Medell\u00edn ha hecho una tarea muy importante. A\u00fan despu\u00e9s del covid tenemos indicadores que evolucionan de una manera positiva frente a a\u00f1os anteriores. La planeaci\u00f3n que realiz\u00f3 el Distrito, lo que prioriz\u00f3 como proyectos y actividades sobre las cuales intervenir la educaci\u00f3n, est\u00e1 en la v\u00eda directa de lo que la gente espera y la Naci\u00f3n requiere para que tengamos una educaci\u00f3n de futuro, una educaci\u00f3n que lleve a nuestras ni\u00f1as, ni\u00f1os, j\u00f3venes y adolescentes a una condici\u00f3n de vida mucho mejor, en t\u00e9rminos de calidad, pertinencia y futuro<\/em>\u201d, afirm\u00f3 el secretario de Educaci\u00f3n, Juan David Agudelo Restrepo.<\/p>\n<p>La encuesta de Empresarios por la Educaci\u00f3n arroj\u00f3 que la m\u00e1xima aspiraci\u00f3n acad\u00e9mica de los j\u00f3venes en Medell\u00edn es ser profesionales universitarios con el 45.8 %, terminar el bachillerato con el 25.6 %, ser t\u00e9cnico o tecn\u00f3logo con el 16.8 % y terminar la primaria con el 0.8 %, lo que significa que hoy m\u00e1s j\u00f3venes desean seguir estudios m\u00e1s avanzados.<\/p>\n<div id=\"attachment_249202\" style=\"width: 1290px\" class=\"wp-caption alignnone\"><a href=\"https:\/\/www.medellin.gov.co\/es\/wp-content\/uploads\/2023\/09\/Encuesta-Empresarios-por-la-Educacion-1.jpg\" target=\"_blank\" rel=\"noopener\"><img aria-describedby=\"caption-attachment-249202\" loading=\"lazy\" class=\"wp-image-249202 size-full\" title=\"La Fundaci\u00f3n Empresarios por la Educaci\u00f3n destaca al Distrito de Medell\u00edn por sus avances en este tema\" src=\"https:\/\/www.medellin.gov.co\/es\/wp-content\/uploads\/2023\/09\/Encuesta-Empresarios-por-la-Educacion-1.jpg\" alt=\"La Fundaci\u00f3n Empresarios por la Educaci\u00f3n destaca al Distrito de Medell\u00edn por sus avances en este tema\" width=\"1280\" height=\"960\" srcset=\"https:\/\/www.medellin.gov.co\/es\/wp-content\/uploads\/2023\/09\/Encuesta-Empresarios-por-la-Educacion-1.jpg 1280w, https:\/\/www.medellin.gov.co\/es\/wp-content\/uploads\/2023\/09\/Encuesta-Empresarios-por-la-Educacion-1-300x225.jpg 300w, https:\/\/www.medellin.gov.co\/es\/wp-content\/uploads\/2023\/09\/Encuesta-Empresarios-por-la-Educacion-1-1024x768.jpg 1024w, https:\/\/www.medellin.gov.co\/es\/wp-content\/uploads\/2023\/09\/Encuesta-Empresarios-por-la-Educacion-1-150x113.jpg 150w, https:\/\/www.medellin.gov.co\/es\/wp-content\/uploads\/2023\/09\/Encuesta-Empresarios-por-la-Educacion-1-768x576.jpg 768w\" sizes=\"(max-width: 1280px) 100vw, 1280px\" \/><\/a><p id=\"caption-attachment-249202\" class=\"wp-caption-text\">La Fundaci\u00f3n Empresarios por la Educaci\u00f3n destaca al Distrito de Medell\u00edn por sus avances en este tema &#8211; Alcald\u00eda de Medell\u00edn<\/p><\/div>\n<p><em>\u201cLa permanencia educativa es la estrategia mayor que se pueda lograr en t\u00e9rminos de lo formativo, de la equidad, de ir eliminando algunas barreras educativas. No se puede lograr una permanencia sin el PAE, sin el transporte escolar y ahora, para decirlo con toda claridad y orgullo, Computadores Futuro. Son estas estrategias las que realmente van posibilitando que esa brecha educativa entre dos sectores ayuden a disminuir; son las que posibilitan que aquellos necesitados puedan estar en la escuela, que es el lugar en el que deben estar nuestros ni\u00f1os, ni\u00f1as y j\u00f3venes<\/em>\u201d, asegur\u00f3 Carlos Rojas, rector de la Instituci\u00f3n Educativa D\u00e9bora Arango P\u00e9rez.<\/p>\n<p>As\u00ed mismo, las prioridades en educaci\u00f3n en la ciudad son infraestructura con el 49.9 %, alimentaci\u00f3n con el 45.5 %, acceso a internet con el 40.8 %, capacitar docentes con el 31.1 % y construir instituciones con el 29.1 %; lo que va de la mano con el trabajo que se adelanta en la actual administraci\u00f3n a trav\u00e9s de la Secretar\u00eda de Educaci\u00f3n.<\/p>\n","protected":false},"excerpt":{"rendered":"<p>La encuesta sobre la percepci\u00f3n en educaci\u00f3n revel\u00f3 que en la ciudad disminuyeron los indicadores de deserci\u00f3n y reprobaci\u00f3n. Seg\u00fan los datos, el mayor inter\u00e9s acad\u00e9mico de los j\u00f3venes de Medell\u00edn es ser profesionales universitarios. &#8230;<\/p>\n","protected":false},"author":21,"featured_media":249199,"comment_status":"open","ping_status":"open","sticky":false,"template":"","format":"standard","meta":[],"categories":[4],"tags":[431],"formato_nota":[],"programas_tax":[],"acf":[],"_links":{"self":[{"href":"https:\/\/www.medellin.gov.co\/es\/wp-json\/wp\/v2\/posts\/249197"}],"collection":[{"href":"https:\/\/www.medellin.gov.co\/es\/wp-json\/wp\/v2\/posts"}],"about":[{"href":"https:\/\/www.medellin.gov.co\/es\/wp-json\/wp\/v2\/types\/post"}],"author":[{"embeddable":true,"href":"https:\/\/www.medellin.gov.co\/es\/wp-json\/wp\/v2\/users\/21"}],"replies":[{"embeddable":true,"href":"https:\/\/www.medellin.gov.co\/es\/wp-json\/wp\/v2\/comments?post=249197"}],"version-history":[{"count":1,"href":"https:\/\/www.medellin.gov.co\/es\/wp-json\/wp\/v2\/posts\/249197\/revisions"}],"predecessor-version":[{"id":249209,"href":"https:\/\/www.medellin.gov.co\/es\/wp-json\/wp\/v2\/posts\/249197\/revisions\/249209"}],"wp:featuredmedia":[{"embeddable":true,"href":"https:\/\/www.medellin.gov.co\/es\/wp-json\/wp\/v2\/media\/249199"}],"wp:attachment":[{"href":"https:\/\/www.medellin.gov.co\/es\/wp-json\/wp\/v2\/media?parent=249197"}],"wp:term":[{"taxonomy":"category","embeddable":true,"href":"https:\/\/www.medellin.gov.co\/es\/wp-json\/wp\/v2\/categories?post=249197"},{"taxonomy":"post_tag","embeddable":true,"href":"https:\/\/www.medellin.gov.co\/es\/wp-json\/wp\/v2\/tags?post=249197"},{"taxonomy":"formato_nota","embeddable":true,"href":"https:\/\/www.medellin.gov.co\/es\/wp-json\/wp\/v2\/formato_nota?post=249197"},{"taxonomy":"programas_tax","embeddable":true,"href":"https:\/\/www.medellin.gov.co\/es\/wp-json\/wp\/v2\/programas_tax?post=249197"}],"curies":[{"name":"wp","href":"https:\/\/api.w.org\/{rel}","templated":true}]}}