{"id":249210,"date":"2023-09-12T11:33:43","date_gmt":"2023-09-12T16:33:43","guid":{"rendered":"https:\/\/www.medellin.gov.co\/es\/?p=249210"},"modified":"2023-09-12T11:33:43","modified_gmt":"2023-09-12T16:33:43","slug":"el-parque-principal-de-san-antonio-de-prado-tendra-cambios-de-sentido-vial-para-mejorar-la-movilidad-y-proteger-a-los-peatones","status":"publish","type":"post","link":"https:\/\/www.medellin.gov.co\/es\/sala-de-prensa\/noticias\/el-parque-principal-de-san-antonio-de-prado-tendra-cambios-de-sentido-vial-para-mejorar-la-movilidad-y-proteger-a-los-peatones\/","title":{"rendered":"El parque principal de San Antonio de Prado tendr\u00e1 cambios de sentido vial para mejorar la movilidad y proteger a los peatones"},"content":{"rendered":"<ul>\n<li>Cuidar la vida de los peatones, prevenir la incidentalidad y generar mayor apropiaci\u00f3n del espacio p\u00fablico son los objetivos de la medida.<\/li>\n<li>\u00a0Las v\u00edas intervenidas tendr\u00e1n un solo sentido de circulaci\u00f3n.<\/li>\n<\/ul>\n<!--[if lt IE 9]><script>document.createElement('audio');<\/script><![endif]-->\n\t<div class=\"wp-playlist wp-audio-playlist wp-playlist-light\">\n\t\t\t<div class=\"wp-playlist-current-item\"><\/div>\n\t\t<audio controls=\"controls\" preload=\"none\" width=\"640\"\n\t\t\t><\/audio>\n\t<div class=\"wp-playlist-next\"><\/div>\n\t<div class=\"wp-playlist-prev\"><\/div>\n\t<noscript>\n\t<ol>\n\t\t<li><a href='https:\/\/www.medellin.gov.co\/es\/wp-content\/uploads\/2023\/09\/Movilidad-San-Antonio-de-Prado-01.mp3'>Palabras de Mauricio Zuleta Estrada, subsecretario t\u00e9cnico de Movilidad<\/a><\/li><li><a href='https:\/\/www.medellin.gov.co\/es\/wp-content\/uploads\/2023\/09\/Movilidad-San-Antonio-de-Prado-02.mp3'>Palabras de Luis Antonio Aguirre Vasco, habitante de San Antonio de Prado<\/a><\/li>\t<\/ol>\n\t<\/noscript>\n\t<script type=\"application\/json\" class=\"wp-playlist-script\">{\"type\":\"audio\",\"tracklist\":true,\"tracknumbers\":true,\"images\":true,\"artists\":true,\"tracks\":[{\"src\":\"https:\\\/\\\/www.medellin.gov.co\\\/es\\\/wp-content\\\/uploads\\\/2023\\\/09\\\/Movilidad-San-Antonio-de-Prado-01.mp3\",\"type\":\"audio\\\/mpeg\",\"title\":\"Palabras de Mauricio Zuleta Estrada, subsecretario t\\u00e9cnico de Movilidad\",\"caption\":\"\",\"description\":\"Palabras de Mauricio Zuleta Estrada, subsecretario t\\u00e9cnico de Movilidad\\u00bb.\",\"meta\":{\"length_formatted\":\"0:58\"},\"image\":{\"src\":\"https:\\\/\\\/www.medellin.gov.co\\\/es\\\/wp-includes\\\/images\\\/media\\\/audio.png\",\"width\":48,\"height\":64},\"thumb\":{\"src\":\"https:\\\/\\\/www.medellin.gov.co\\\/es\\\/wp-includes\\\/images\\\/media\\\/audio.png\",\"width\":48,\"height\":64}},{\"src\":\"https:\\\/\\\/www.medellin.gov.co\\\/es\\\/wp-content\\\/uploads\\\/2023\\\/09\\\/Movilidad-San-Antonio-de-Prado-02.mp3\",\"type\":\"audio\\\/mpeg\",\"title\":\"Palabras de Luis Antonio Aguirre Vasco, habitante de San Antonio de Prado\",\"caption\":\"\",\"description\":\"\\u00abPalabras de Luis Antonio Aguirre Vasco, habitante de San Antonio de Prado\\u00bb.\",\"meta\":{\"length_formatted\":\"0:23\"},\"image\":{\"src\":\"https:\\\/\\\/www.medellin.gov.co\\\/es\\\/wp-includes\\\/images\\\/media\\\/audio.png\",\"width\":48,\"height\":64},\"thumb\":{\"src\":\"https:\\\/\\\/www.medellin.gov.co\\\/es\\\/wp-includes\\\/images\\\/media\\\/audio.png\",\"width\":48,\"height\":64}}]}<\/script>\n<\/div>\n\t\n<p>La Administraci\u00f3n Distrital, a trav\u00e9s de la Secretar\u00eda de Movilidad, dispuso el cambio de sentido de las v\u00edas que circundan el parque del corregimiento San Antonio de Prado, con el fin de disminuir la conflictividad vial, mejorar las condiciones de seguridad en la zona y ordenar adecuadamente la circulaci\u00f3n vehicular. Todas quedar\u00e1n con un solo sentido de circulaci\u00f3n, por lo que ya no habr\u00e1 v\u00edas bidireccionales.<\/p>\n<p>Las v\u00edas impactadas con esta medida son la carrera 77 entre las calles 39D sur y la calle 42 sur, que tendr\u00e1 sentido de circulaci\u00f3n norte &#8211; sur; la carrera 78 entre las calles 39D sur y la calle 41 sur, que funcionar\u00e1 de sur a norte; la calle 41 sur entre las carreras 77 y 78, sentido oriente \u2013 occidente; la calle 41 sur entre las carreras 81 y 82, sentido occidente \u2013 oriente y la calle 42 sur entre las carreras 81 y 82, que ser\u00e1 en sentido oriente \u2013 occidente.<\/p>\n<p>\u201c<em>La Secretar\u00eda de Movilidad, en cumplimiento del plan de desarrollo distrital, viene realizando acciones en el territorio, tales como se\u00f1alizaci\u00f3n horizontal y vertical de las v\u00edas. Estas actividades se vienen haciendo mediante cambios de sentido vial que ayudan a la movilidad, tanto vehicular como peatonal, para evitar el riesgo de incidentalidad. Invitamos a la comunidad a que haga buen uso de esta se\u00f1alizaci\u00f3n horizontal y vertical. Es importante destacar que estas actividades han sido concertadas desde las mesas de movilidad con la comunidad y sus actores<\/em>\u201d, expres\u00f3 el subsecretario t\u00e9cnico, Mauricio Zuleta Estrada.<\/p>\n<div id=\"attachment_249214\" style=\"width: 1290px\" class=\"wp-caption alignnone\"><a href=\"https:\/\/www.medellin.gov.co\/es\/wp-content\/uploads\/2023\/09\/Movilidad-San-Antonio-de-Prado-2.jpg\" target=\"_blank\" rel=\"noopener\"><img aria-describedby=\"caption-attachment-249214\" loading=\"lazy\" class=\"wp-image-249214 size-full\" title=\"El parque principal de San Antonio de Prado tendr\u00e1 cambios de sentido vial para mejorar la movilidad y proteger a los peatones\" src=\"https:\/\/www.medellin.gov.co\/es\/wp-content\/uploads\/2023\/09\/Movilidad-San-Antonio-de-Prado-2.jpg\" alt=\"El parque principal de San Antonio de Prado tendr\u00e1 cambios de sentido vial para mejorar la movilidad y proteger a los peatones\" width=\"1280\" height=\"720\" srcset=\"https:\/\/www.medellin.gov.co\/es\/wp-content\/uploads\/2023\/09\/Movilidad-San-Antonio-de-Prado-2.jpg 1280w, https:\/\/www.medellin.gov.co\/es\/wp-content\/uploads\/2023\/09\/Movilidad-San-Antonio-de-Prado-2-300x169.jpg 300w, https:\/\/www.medellin.gov.co\/es\/wp-content\/uploads\/2023\/09\/Movilidad-San-Antonio-de-Prado-2-1024x576.jpg 1024w, https:\/\/www.medellin.gov.co\/es\/wp-content\/uploads\/2023\/09\/Movilidad-San-Antonio-de-Prado-2-150x84.jpg 150w, https:\/\/www.medellin.gov.co\/es\/wp-content\/uploads\/2023\/09\/Movilidad-San-Antonio-de-Prado-2-768x432.jpg 768w\" sizes=\"(max-width: 1280px) 100vw, 1280px\" \/><\/a><p id=\"caption-attachment-249214\" class=\"wp-caption-text\">El parque principal de San Antonio de Prado tendr\u00e1 cambios de sentido vial para mejorar la movilidad y proteger a los peatones &#8211; Alcald\u00eda de Medell\u00edn<\/p><\/div>\n<p>Estos cambios, que priorizan al peat\u00f3n como actor vial m\u00e1s vulnerable, se realizan como respuesta a las peticiones y solicitudes de la comunidad que, a trav\u00e9s de diferentes canales como las mesas de movilidad, solicit\u00f3 el an\u00e1lisis del tr\u00e1nsito en la centralidad del corregimiento para disminuir la conflictividad entre los diferentes actores por el uso de la v\u00eda, controlando el parqueo irregular y mejorando la experiencia en los desplazamientos de los visitantes.<\/p>\n<p>\u201c<em>De esta manera, se evitan muchos accidentes. Aqu\u00ed han ocurrido muchos accidentes con animales y con nosotros los peatones, y m\u00e1s con los ancianos. Yo estoy de acuerdo con todo lo que van a hacer. Esto es progreso para San Antonio de Prado<\/em>\u201d, asegur\u00f3 Luis Antonio Aguirre Vasco, habitante del corregimiento.<\/p>\n<p>Estas medidas propenden por la apropiaci\u00f3n del parque como espacio p\u00fablico para la socializaci\u00f3n y el encuentro ciudadano, en el cual la afluencia de peatones es permanente, lo que hace necesario la toma de decisiones que protejan a todos los actores viales.<\/p>\n","protected":false},"excerpt":{"rendered":"<p>Cuidar la vida de los peatones, prevenir la incidentalidad y generar mayor apropiaci\u00f3n del espacio p\u00fablico son los objetivos de la medida. \u00a0Las v\u00edas intervenidas tendr\u00e1n un solo sentido de circulaci\u00f3n. La Administraci\u00f3n Distrital, a &#8230;<\/p>\n","protected":false},"author":21,"featured_media":249218,"comment_status":"open","ping_status":"open","sticky":false,"template":"","format":"standard","meta":[],"categories":[24,14],"tags":[447],"formato_nota":[],"programas_tax":[],"acf":[],"_links":{"self":[{"href":"https:\/\/www.medellin.gov.co\/es\/wp-json\/wp\/v2\/posts\/249210"}],"collection":[{"href":"https:\/\/www.medellin.gov.co\/es\/wp-json\/wp\/v2\/posts"}],"about":[{"href":"https:\/\/www.medellin.gov.co\/es\/wp-json\/wp\/v2\/types\/post"}],"author":[{"embeddable":true,"href":"https:\/\/www.medellin.gov.co\/es\/wp-json\/wp\/v2\/users\/21"}],"replies":[{"embeddable":true,"href":"https:\/\/www.medellin.gov.co\/es\/wp-json\/wp\/v2\/comments?post=249210"}],"version-history":[{"count":1,"href":"https:\/\/www.medellin.gov.co\/es\/wp-json\/wp\/v2\/posts\/249210\/revisions"}],"predecessor-version":[{"id":249224,"href":"https:\/\/www.medellin.gov.co\/es\/wp-json\/wp\/v2\/posts\/249210\/revisions\/249224"}],"wp:featuredmedia":[{"embeddable":true,"href":"https:\/\/www.medellin.gov.co\/es\/wp-json\/wp\/v2\/media\/249218"}],"wp:attachment":[{"href":"https:\/\/www.medellin.gov.co\/es\/wp-json\/wp\/v2\/media?parent=249210"}],"wp:term":[{"taxonomy":"category","embeddable":true,"href":"https:\/\/www.medellin.gov.co\/es\/wp-json\/wp\/v2\/categories?post=249210"},{"taxonomy":"post_tag","embeddable":true,"href":"https:\/\/www.medellin.gov.co\/es\/wp-json\/wp\/v2\/tags?post=249210"},{"taxonomy":"formato_nota","embeddable":true,"href":"https:\/\/www.medellin.gov.co\/es\/wp-json\/wp\/v2\/formato_nota?post=249210"},{"taxonomy":"programas_tax","embeddable":true,"href":"https:\/\/www.medellin.gov.co\/es\/wp-json\/wp\/v2\/programas_tax?post=249210"}],"curies":[{"name":"wp","href":"https:\/\/api.w.org\/{rel}","templated":true}]}}