{"id":249237,"date":"2023-09-12T11:39:48","date_gmt":"2023-09-12T16:39:48","guid":{"rendered":"https:\/\/www.medellin.gov.co\/es\/?p=249237"},"modified":"2023-09-12T11:39:48","modified_gmt":"2023-09-12T16:39:48","slug":"medellin-y-el-gobierno-britanico-abren-convocatoria-para-apoyar-emprendimientos-de-base-tecnologica","status":"publish","type":"post","link":"https:\/\/www.medellin.gov.co\/es\/sala-de-prensa\/noticias\/medellin-y-el-gobierno-britanico-abren-convocatoria-para-apoyar-emprendimientos-de-base-tecnologica\/","title":{"rendered":"Medell\u00edn y el Gobierno Brit\u00e1nico abren convocatoria para apoyar emprendimientos de base tecnol\u00f3gica"},"content":{"rendered":"<ul>\n<li>Colombia es el \u00fanico pa\u00eds de Am\u00e9rica seleccionado para participar en la edici\u00f3n de LIF, programa de desarrollo empresarial y tecnol\u00f3gico de la RAEng.<\/li>\n<li>La convocatoria estar\u00e1 abierta hasta el 16 de octubre.<\/li>\n<li>\u00a0Para formar parte de este programa, que reconoce el poder transformador de la ciencia, la tecnolog\u00eda y la innovaci\u00f3n en Colombia y Medell\u00edn, se puede consultar m\u00e1s informaci\u00f3n en <a href=\"https:\/\/bit.ly\/LIFGLOBAL2024_\" target=\"_blank\" rel=\"noopener\">https:\/\/bit.ly\/LIFGLOBAL2024_<\/a><\/li>\n<\/ul>\n<!--[if lt IE 9]><script>document.createElement('audio');<\/script><![endif]-->\n\t<div class=\"wp-playlist wp-audio-playlist wp-playlist-light\">\n\t\t\t<div class=\"wp-playlist-current-item\"><\/div>\n\t\t<audio controls=\"controls\" preload=\"none\" width=\"640\"\n\t\t\t><\/audio>\n\t<div class=\"wp-playlist-next\"><\/div>\n\t<div class=\"wp-playlist-prev\"><\/div>\n\t<noscript>\n\t<ol>\n\t\t<li><a href='https:\/\/www.medellin.gov.co\/es\/wp-content\/uploads\/2023\/09\/EmprendimientosTecnologicos-01.mp3'>Palabras de Mar\u00eda Isabel Sierra, directora de operaciones de la Corporaci\u00f3n Ruta N.<\/a><\/li><li><a href='https:\/\/www.medellin.gov.co\/es\/wp-content\/uploads\/2023\/09\/EmprendimientosTecnologicos-02.mp3'>Palabras de Carolina Montoya, antigua beneficiaria del programa<\/a><\/li>\t<\/ol>\n\t<\/noscript>\n\t<script type=\"application\/json\" class=\"wp-playlist-script\">{\"type\":\"audio\",\"tracklist\":true,\"tracknumbers\":true,\"images\":true,\"artists\":true,\"tracks\":[{\"src\":\"https:\\\/\\\/www.medellin.gov.co\\\/es\\\/wp-content\\\/uploads\\\/2023\\\/09\\\/EmprendimientosTecnologicos-01.mp3\",\"type\":\"audio\\\/mpeg\",\"title\":\"Palabras de Mar\\u00eda Isabel Sierra, directora de operaciones de la Corporaci\\u00f3n Ruta N.\",\"caption\":\"\",\"description\":\"\\u00abPalabras de Mar\\u00eda Isabel Sierra, directora de operaciones de la Corporaci\\u00f3n Ruta N.\\u00bb.\",\"meta\":{\"year\":\"2023\",\"length_formatted\":\"0:55\"},\"image\":{\"src\":\"https:\\\/\\\/www.medellin.gov.co\\\/es\\\/wp-includes\\\/images\\\/media\\\/audio.png\",\"width\":48,\"height\":64},\"thumb\":{\"src\":\"https:\\\/\\\/www.medellin.gov.co\\\/es\\\/wp-includes\\\/images\\\/media\\\/audio.png\",\"width\":48,\"height\":64}},{\"src\":\"https:\\\/\\\/www.medellin.gov.co\\\/es\\\/wp-content\\\/uploads\\\/2023\\\/09\\\/EmprendimientosTecnologicos-02.mp3\",\"type\":\"audio\\\/mpeg\",\"title\":\"Palabras de Carolina Montoya, antigua beneficiaria del programa\",\"caption\":\"\",\"description\":\"\\u00abPalabras de Carolina Montoya, antigua beneficiaria del programa\\u00bb. \",\"meta\":{\"year\":\"2023\",\"length_formatted\":\"1:23\"},\"image\":{\"src\":\"https:\\\/\\\/www.medellin.gov.co\\\/es\\\/wp-includes\\\/images\\\/media\\\/audio.png\",\"width\":48,\"height\":64},\"thumb\":{\"src\":\"https:\\\/\\\/www.medellin.gov.co\\\/es\\\/wp-includes\\\/images\\\/media\\\/audio.png\",\"width\":48,\"height\":64}}]}<\/script>\n<\/div>\n\t\n<p>Colombia es el \u00fanico pa\u00eds del continente seleccionado para participar en una nueva edici\u00f3n de Leaders in Innovation Fellowships (LIF), un programa de la Real Academia Brit\u00e1nica de Ingenier\u00eda (RAEng), en alianza con Ruta N y el Distrito de Medell\u00edn, que busca desarrollar las capacidades empresariales para comercializar soluciones innovadoras a gran escala en el mundo.<\/p>\n<p>Por eso, est\u00e1 abierta la convocatoria que apoyar\u00e1 emprendimientos de base tecnol\u00f3gica en la regi\u00f3n.\u00a0 El proceso se podr\u00e1 realizar hasta el 16 de octubre a las 5:00 p. m., hora del Reino Unido, y 11:00 a. m hora colombiana.<\/p>\n<p>\u201c<em>En este programa se seleccionar\u00e1n 60 innovadores de ocho pa\u00edses. Entre ellos, el \u00fanico de Latinoam\u00e9rica es Colombia, gracias a la alianza que tiene Ruta N con el Reino Unido. Estos innovadores y cient\u00edficos tendr\u00e1n un programa de acompa\u00f1amiento de siete meses en habilidades de negocio para potencializar sus ideas<\/em>\u201d, dijo la directora de operaciones de la Corporaci\u00f3n Ruta N, Mar\u00eda Isabel Sierra.<\/p>\n<p>Para participar en la convocatoria, el proyecto postulado debe abordar un desaf\u00edo global que impacte alguno de los 17 Objetivos de Desarrollo Sostenible (ODS), se debe tener excelente dominio de ingl\u00e9s, contar con resultados de investigaci\u00f3n para comercializaci\u00f3n o potencial de negocio de base tecnol\u00f3gica y tener un prototipo m\u00ednimo viable en proceso de validaci\u00f3n (peque\u00f1a escala TRL4).<\/p>\n<div id=\"attachment_249239\" style=\"width: 1290px\" class=\"wp-caption alignnone\"><a href=\"https:\/\/www.medellin.gov.co\/es\/wp-content\/uploads\/2023\/09\/EmprendimientosTecnologicos-2.jpg\" target=\"_blank\" rel=\"noopener\"><img aria-describedby=\"caption-attachment-249239\" loading=\"lazy\" class=\"wp-image-249239 size-full\" title=\"Medell\u00edn y el Gobierno Brit\u00e1nico abren convocatoria para apoyar emprendimientos de base tecnol\u00f3gica\" src=\"https:\/\/www.medellin.gov.co\/es\/wp-content\/uploads\/2023\/09\/EmprendimientosTecnologicos-2.jpg\" alt=\"Medell\u00edn y el Gobierno Brit\u00e1nico abren convocatoria para apoyar emprendimientos de base tecnol\u00f3gica\" width=\"1280\" height=\"853\" srcset=\"https:\/\/www.medellin.gov.co\/es\/wp-content\/uploads\/2023\/09\/EmprendimientosTecnologicos-2.jpg 1280w, https:\/\/www.medellin.gov.co\/es\/wp-content\/uploads\/2023\/09\/EmprendimientosTecnologicos-2-300x200.jpg 300w, https:\/\/www.medellin.gov.co\/es\/wp-content\/uploads\/2023\/09\/EmprendimientosTecnologicos-2-1024x682.jpg 1024w, https:\/\/www.medellin.gov.co\/es\/wp-content\/uploads\/2023\/09\/EmprendimientosTecnologicos-2-150x100.jpg 150w, https:\/\/www.medellin.gov.co\/es\/wp-content\/uploads\/2023\/09\/EmprendimientosTecnologicos-2-768x512.jpg 768w\" sizes=\"(max-width: 1280px) 100vw, 1280px\" \/><\/a><p id=\"caption-attachment-249239\" class=\"wp-caption-text\">Medell\u00edn y el Gobierno Brit\u00e1nico abren convocatoria para apoyar emprendimientos de base tecnol\u00f3gica &#8211; Alcald\u00eda de Medell\u00edn<\/p><\/div>\n<p>La comunicaci\u00f3n a los candidatos preseleccionados se har\u00e1 en la semana del 13 de noviembre. La comunicaci\u00f3n a los candidatos seleccionados en LIF se llevar\u00e1 a cabo el 1 de diciembre. El inicio del programa ser\u00e1 el 13 de diciembre y el viaje a Londres ser\u00e1 en julio de 2024.<\/p>\n<p>En el programa, Medell\u00edn, como \u00fanico Distrito de Ciencia, Tecnolog\u00eda e Innovaci\u00f3n de Colombia, ha desempe\u00f1ado un papel determinante. El a\u00f1o pasado, la RAEng eligi\u00f3 a la Corporaci\u00f3n Ruta N como el epicentro para desarrollar el In-Country Event, un encuentro entre expertos en emprendimiento e innovaci\u00f3n con startups de Colombia para capacitarlas de manera intensiva en temas de su inter\u00e9s, como construcci\u00f3n de pitch, comercializaci\u00f3n y la maximizaci\u00f3n del impacto de la tecnolog\u00eda en la sociedad.<\/p>\n<p>La \u00faltima edici\u00f3n de LIF Colombia cont\u00f3 con la participaci\u00f3n de nueve startups, ocho de las cuales nacieron y se impulsaron en Medell\u00edn. Los representantes de estos negocios se formaron intensivamente y adem\u00e1s viajaron al Reino Unido para sumergirse en el ecosistema de innovaci\u00f3n de Londres y ciudades cercanas.<\/p>\n<p>\u201c<em>Pertenecer a este programa te abre mucho la mente y te permite conectar con otros cient\u00edficos. Entender que la ciencia es una, a pesar de que seamos de diferentes naciones y diferentes culturas. Es un programa que yo dir\u00eda que te parte la vida en dos porque te muestra que tenemos mucho talento en Colombia, y que en Colombia se hace ciencia de verdad y que los cient\u00edficos tenemos que saber c\u00f3mo vender y comercializar nuestro conocimiento, c\u00f3mo conectar nuestro conocimiento con la industria, c\u00f3mo hallar aliados, partners, inversionistas y clientes que necesiten de nuestras soluciones<\/em>\u201d, expres\u00f3 Carolina Montoya, antigua beneficiaria del programa.<\/p>\n<p>Los pa\u00edses participantes en esta edici\u00f3n de LIF son: Colombia, como \u00fanico representante de Am\u00e9rica, Malasia, India, Jordania, Filipinas, Sud\u00e1frica, Tailandia y Turqu\u00eda.<\/p>\n<p>Que Colombia sea el \u00fanico pa\u00eds del continente seleccionado para esta edici\u00f3n n\u00famero 10 de LIF demuestra que los esfuerzos por promover la ciencia, la tecnolog\u00eda y la innovaci\u00f3n en el pa\u00eds y en Medell\u00edn no han sido en vano. En Colombia, y sobre todo en el Distrito de Ciencia, Tecnolog\u00eda e Innovaci\u00f3n, hay un gran poder de transformar, que se reconoce dentro y fuera del pa\u00eds.<\/p>\n<p>Para inscribirse y conocer los t\u00e9rminos y condiciones se puede visitar el siguiente enlace <a href=\"https:\/\/bit.ly\/LIFGLOBAL2024_\" target=\"_blank\" rel=\"noopener\">https:\/\/bit.ly\/LIFGLOBAL2024_<\/a><\/p>\n","protected":false},"excerpt":{"rendered":"<p>Colombia es el \u00fanico pa\u00eds de Am\u00e9rica seleccionado para participar en la edici\u00f3n de LIF, programa de desarrollo empresarial y tecnol\u00f3gico de la RAEng. La convocatoria estar\u00e1 abierta hasta el 16 de octubre. \u00a0Para formar &#8230;<\/p>\n","protected":false},"author":21,"featured_media":249242,"comment_status":"open","ping_status":"open","sticky":false,"template":"","format":"standard","meta":[],"categories":[17],"tags":[634],"formato_nota":[],"programas_tax":[],"acf":[],"_links":{"self":[{"href":"https:\/\/www.medellin.gov.co\/es\/wp-json\/wp\/v2\/posts\/249237"}],"collection":[{"href":"https:\/\/www.medellin.gov.co\/es\/wp-json\/wp\/v2\/posts"}],"about":[{"href":"https:\/\/www.medellin.gov.co\/es\/wp-json\/wp\/v2\/types\/post"}],"author":[{"embeddable":true,"href":"https:\/\/www.medellin.gov.co\/es\/wp-json\/wp\/v2\/users\/21"}],"replies":[{"embeddable":true,"href":"https:\/\/www.medellin.gov.co\/es\/wp-json\/wp\/v2\/comments?post=249237"}],"version-history":[{"count":1,"href":"https:\/\/www.medellin.gov.co\/es\/wp-json\/wp\/v2\/posts\/249237\/revisions"}],"predecessor-version":[{"id":249246,"href":"https:\/\/www.medellin.gov.co\/es\/wp-json\/wp\/v2\/posts\/249237\/revisions\/249246"}],"wp:featuredmedia":[{"embeddable":true,"href":"https:\/\/www.medellin.gov.co\/es\/wp-json\/wp\/v2\/media\/249242"}],"wp:attachment":[{"href":"https:\/\/www.medellin.gov.co\/es\/wp-json\/wp\/v2\/media?parent=249237"}],"wp:term":[{"taxonomy":"category","embeddable":true,"href":"https:\/\/www.medellin.gov.co\/es\/wp-json\/wp\/v2\/categories?post=249237"},{"taxonomy":"post_tag","embeddable":true,"href":"https:\/\/www.medellin.gov.co\/es\/wp-json\/wp\/v2\/tags?post=249237"},{"taxonomy":"formato_nota","embeddable":true,"href":"https:\/\/www.medellin.gov.co\/es\/wp-json\/wp\/v2\/formato_nota?post=249237"},{"taxonomy":"programas_tax","embeddable":true,"href":"https:\/\/www.medellin.gov.co\/es\/wp-json\/wp\/v2\/programas_tax?post=249237"}],"curies":[{"name":"wp","href":"https:\/\/api.w.org\/{rel}","templated":true}]}}