{"id":249994,"date":"2023-09-13T13:22:09","date_gmt":"2023-09-13T18:22:09","guid":{"rendered":"https:\/\/www.medellin.gov.co\/es\/?p=249994"},"modified":"2023-09-13T13:22:09","modified_gmt":"2023-09-13T18:22:09","slug":"alcaldia-de-medellin-fortalecera-procesos-de-la-plaza-minorista-con-la-implementacion-de-emprendimientos-de-base-tecnologica","status":"publish","type":"post","link":"https:\/\/www.medellin.gov.co\/es\/sala-de-prensa\/noticias\/alcaldia-de-medellin-fortalecera-procesos-de-la-plaza-minorista-con-la-implementacion-de-emprendimientos-de-base-tecnologica\/","title":{"rendered":"Alcald\u00eda de Medell\u00edn fortalecer\u00e1 procesos de La Plaza Minorista con la implementaci\u00f3n de emprendimientos de base tecnol\u00f3gica"},"content":{"rendered":"<ul>\n<li>Empresas que participaron ofrecen servicios de financiaci\u00f3n de proyectos de energ\u00eda solar y ayudan a vender productos a trav\u00e9s de inteligencia artificial.<\/li>\n<li>La Alcald\u00eda de Medell\u00edn llev\u00f3 su oferta institucional y talleres sobre servicio al cliente, educaci\u00f3n financiera, formalizaci\u00f3n y facturaci\u00f3n electr\u00f3nica.<\/li>\n<li>El evento se hizo con la Cooperativa de Comerciantes de la Plaza Minorista (COOMERCA).<\/li>\n<\/ul>\n<!--[if lt IE 9]><script>document.createElement('audio');<\/script><![endif]-->\n\t<div class=\"wp-playlist wp-audio-playlist wp-playlist-light\">\n\t\t\t<div class=\"wp-playlist-current-item\"><\/div>\n\t\t<audio controls=\"controls\" preload=\"none\" width=\"640\"\n\t\t\t><\/audio>\n\t<div class=\"wp-playlist-next\"><\/div>\n\t<div class=\"wp-playlist-prev\"><\/div>\n\t<noscript>\n\t<ol>\n\t\t<li><a href='https:\/\/www.medellin.gov.co\/es\/wp-content\/uploads\/2023\/09\/plaza-minorista.mp3'>Palabras de Mauricio Valencia, secretario de Desarrollo Econ\u00f3mico..<\/a><\/li>\t<\/ol>\n\t<\/noscript>\n\t<script type=\"application\/json\" class=\"wp-playlist-script\">{\"type\":\"audio\",\"tracklist\":true,\"tracknumbers\":true,\"images\":true,\"artists\":true,\"tracks\":[{\"src\":\"https:\\\/\\\/www.medellin.gov.co\\\/es\\\/wp-content\\\/uploads\\\/2023\\\/09\\\/plaza-minorista.mp3\",\"type\":\"audio\\\/mpeg\",\"title\":\"Palabras de Mauricio Valencia, secretario de Desarrollo Econ\\u00f3mico..\",\"caption\":\"\",\"description\":\"Palabras de Mauricio Valencia, secretario de Desarrollo Econ\\u00f3mico..\",\"meta\":{\"length_formatted\":\"0:43\"},\"image\":{\"src\":\"https:\\\/\\\/www.medellin.gov.co\\\/es\\\/wp-includes\\\/images\\\/media\\\/audio.png\",\"width\":48,\"height\":64},\"thumb\":{\"src\":\"https:\\\/\\\/www.medellin.gov.co\\\/es\\\/wp-includes\\\/images\\\/media\\\/audio.png\",\"width\":48,\"height\":64}}]}<\/script>\n<\/div>\n\t\n<p><span style=\"font-weight: 400;\">Para acercar a los comerciantes de La Minorista a emprendimientos de base tecnol\u00f3gica, acompa\u00f1ados por la Ruta del Emprendimiento, la Alcald\u00eda de Medell\u00edn realiz\u00f3 un evento que conecta estos sectores para llevar innovaci\u00f3n y sostenibilidad a este centro ic\u00f3nico y as\u00ed optimizar procesos de marketing digital, siembra responsable, entre otros.\u00a0<\/span><\/p>\n<p><i><span style=\"font-weight: 400;\">\u201cTrajimos la oferta institucional a la Plaza Minorista, un lugar donde hay m\u00e1s de 3.300 comerciantes que generan unos 10.000 empleos. Trajimos las startups m\u00e1s pertinentes para transformar cada uno de estos negocios con e-commerce, rob\u00f3tica y muchas otras, que van a permitir que estos negocios sean m\u00e1s competitivos y productivos. Con esto seguimos transformando cada rinc\u00f3n de Medell\u00edn\u201d, <\/span><\/i><span style=\"font-weight: 400;\">expres\u00f3 el secretario de Desarrollo Econ\u00f3mico, Mauricio Valencia.\u00a0<\/span><\/p>\n<p><span style=\"font-weight: 400;\">En el evento estuvieron iniciativas como <\/span><i><span style=\"font-weight: 400;\">Unergy <\/span><\/i><span style=\"font-weight: 400;\">(energ\u00eda solar), <\/span><i><span style=\"font-weight: 400;\">Drones<\/span><\/i> <i><span style=\"font-weight: 400;\">Sky Solutions<\/span><\/i><span style=\"font-weight: 400;\"> (servicios de fotogrametr\u00eda para recorridos virtuales 360\u00b0 e inspecciones para prevenir da\u00f1os, reducir costos y tiempo) y <\/span><i><span style=\"font-weight: 400;\">EatCloud<\/span><\/i><span style=\"font-weight: 400;\"> (plataforma digital que conecta la industria de alimentos, supermercados, restaurantes, hoteles, y productores agr\u00edcolas con bancos de alimentos y fundaciones que atienden poblaci\u00f3n vulnerable).\u00a0<\/span><\/p>\n<p><i><span style=\"font-weight: 400;\">\u201cNos parece muy importante participar, porque con EatCloud ponemos tecnolog\u00eda que ayuda a todo este gremio a solucionar un problema muy importante que es el desperdicio de alimentos y, adem\u00e1s, contribuimos a disminuir el hambre y a proteger el medio ambiente. Por eso es que realizar conexiones, venir ac\u00e1, es muy importante. Agradecemos a la alcald\u00eda por esta invitaci\u00f3n, dado que es fundamental sumar a toda esta comunidad al uso de las tecnolog\u00edas para combatir problem\u00e1ticas\u201d, <\/span><\/i><span style=\"font-weight: 400;\">indic\u00f3 el director de tecnolog\u00eda de EatCloud, Juan David Correa.<\/span><span style=\"font-weight: 400;\">\u00a0<\/span><\/p>\n<p><span style=\"font-weight: 400;\">Con la oferta institucional, los comerciantes de La Minorista conocieron y accedieron a becas de ingl\u00e9s, financiamiento del Banco Distrital de Medell\u00edn y recibieron asesor\u00eda para vincularse a <\/span><i><span style=\"font-weight: 400;\">Compra Hecho en Medell\u00edn<\/span><\/i><span style=\"font-weight: 400;\">, programa para los emprendedores locales.\u00a0<\/span><\/p>\n<p><i><span style=\"font-weight: 400;\">\u201cMe pareci\u00f3 importante este evento, porque vamos a estar a la vanguardia, vamos a dar a conocer m\u00e1s nuestros productos, mejorar la econom\u00eda para muchos de nuestros comerciantes que no tienen los recursos para mejorar sus locales y tener la competitividad con las dem\u00e1s esferas comerciales que hay en la ciudad, como los grandes almacenes de cadena\u201d<\/span><\/i><span style=\"font-weight: 400;\">, afirm\u00f3 la comerciante Adriana Rodr\u00edguez.<\/span><\/p>\n<p><span style=\"font-weight: 400;\">Quienes trabajan en la plaza de mercado tambi\u00e9n asistieron a talleres sobre servicio al cliente, educaci\u00f3n financiera, formalizaci\u00f3n y facturaci\u00f3n electr\u00f3nica, organizados por los Centros del Valle del Software.\u00a0<\/span><\/p>\n<p><span style=\"font-weight: 400;\">Con estas acciones, que conectan a los emprendimientos de base tecnol\u00f3gica con los negocios tradicionales, Medell\u00edn avanza en su consolidaci\u00f3n como <\/span><i><span style=\"font-weight: 400;\">Valle del Software<\/span><\/i><span style=\"font-weight: 400;\">. <\/span><\/p>\n","protected":false},"excerpt":{"rendered":"<p>Empresas que participaron ofrecen servicios de financiaci\u00f3n de proyectos de energ\u00eda solar y ayudan a vender productos a trav\u00e9s de inteligencia artificial. La Alcald\u00eda de Medell\u00edn llev\u00f3 su oferta institucional y talleres sobre servicio al &#8230;<\/p>\n","protected":false},"author":4,"featured_media":249998,"comment_status":"open","ping_status":"open","sticky":false,"template":"","format":"standard","meta":[],"categories":[3,19],"tags":[451,433],"formato_nota":[],"programas_tax":[],"acf":[],"_links":{"self":[{"href":"https:\/\/www.medellin.gov.co\/es\/wp-json\/wp\/v2\/posts\/249994"}],"collection":[{"href":"https:\/\/www.medellin.gov.co\/es\/wp-json\/wp\/v2\/posts"}],"about":[{"href":"https:\/\/www.medellin.gov.co\/es\/wp-json\/wp\/v2\/types\/post"}],"author":[{"embeddable":true,"href":"https:\/\/www.medellin.gov.co\/es\/wp-json\/wp\/v2\/users\/4"}],"replies":[{"embeddable":true,"href":"https:\/\/www.medellin.gov.co\/es\/wp-json\/wp\/v2\/comments?post=249994"}],"version-history":[{"count":1,"href":"https:\/\/www.medellin.gov.co\/es\/wp-json\/wp\/v2\/posts\/249994\/revisions"}],"predecessor-version":[{"id":250000,"href":"https:\/\/www.medellin.gov.co\/es\/wp-json\/wp\/v2\/posts\/249994\/revisions\/250000"}],"wp:featuredmedia":[{"embeddable":true,"href":"https:\/\/www.medellin.gov.co\/es\/wp-json\/wp\/v2\/media\/249998"}],"wp:attachment":[{"href":"https:\/\/www.medellin.gov.co\/es\/wp-json\/wp\/v2\/media?parent=249994"}],"wp:term":[{"taxonomy":"category","embeddable":true,"href":"https:\/\/www.medellin.gov.co\/es\/wp-json\/wp\/v2\/categories?post=249994"},{"taxonomy":"post_tag","embeddable":true,"href":"https:\/\/www.medellin.gov.co\/es\/wp-json\/wp\/v2\/tags?post=249994"},{"taxonomy":"formato_nota","embeddable":true,"href":"https:\/\/www.medellin.gov.co\/es\/wp-json\/wp\/v2\/formato_nota?post=249994"},{"taxonomy":"programas_tax","embeddable":true,"href":"https:\/\/www.medellin.gov.co\/es\/wp-json\/wp\/v2\/programas_tax?post=249994"}],"curies":[{"name":"wp","href":"https:\/\/api.w.org\/{rel}","templated":true}]}}