{"id":250682,"date":"2023-09-13T21:21:47","date_gmt":"2023-09-14T02:21:47","guid":{"rendered":"https:\/\/www.medellin.gov.co\/es\/?p=250682"},"modified":"2023-09-13T21:22:43","modified_gmt":"2023-09-14T02:22:43","slug":"culmino-la-segunda-edicion-del-mundialito-para-la-inclusion-con-un-legado-de-transformacion-para-190-participantes","status":"publish","type":"post","link":"https:\/\/www.medellin.gov.co\/es\/sala-de-prensa\/noticias\/culmino-la-segunda-edicion-del-mundialito-para-la-inclusion-con-un-legado-de-transformacion-para-190-participantes\/","title":{"rendered":"Culmin\u00f3 la segunda edici\u00f3n del Mundialito para la Inclusi\u00f3n, con un legado de transformaci\u00f3n para 190 participantes"},"content":{"rendered":"<ul>\n<li>El certamen termin\u00f3 con la disputa por el primer puesto entre Brasil y Argentina en masculino, e Italia y Alemania en femenino.<\/li>\n<li>En total, se jugaron 35 partidos de f\u00fatbol entre 19 equipos.<\/li>\n<li>El torneo cont\u00f3 con la participaci\u00f3n de ciudadanas y ciudadanos, habitantes de calle, profesionales de la Secretar\u00eda de Inclusi\u00f3n Social y representantes de organizaciones sociales y del INDER Medell\u00edn, entre otros.<\/li>\n<\/ul>\n<!--[if lt IE 9]><script>document.createElement('audio');<\/script><![endif]-->\n\t<div class=\"wp-playlist wp-audio-playlist wp-playlist-light\">\n\t\t\t<div class=\"wp-playlist-current-item\"><\/div>\n\t\t<audio controls=\"controls\" preload=\"none\" width=\"640\"\n\t\t\t><\/audio>\n\t<div class=\"wp-playlist-next\"><\/div>\n\t<div class=\"wp-playlist-prev\"><\/div>\n\t<noscript>\n\t<ol>\n\t\t<li><a href='https:\/\/www.medellin.gov.co\/es\/wp-content\/uploads\/2023\/09\/cierre-mundialito-01.mp3'>Palabras de Isabel Cristina Cadavid, secretaria de Inclusi\u00f3n Social, Familia y Derechos Humanos.<\/a><\/li><li><a href='https:\/\/www.medellin.gov.co\/es\/wp-content\/uploads\/2023\/09\/cierre-mundialito-02.mp3'>Palabras de Henry Aguirre, subdirector de Fomento Deportivo y Recreativo del INDER Medell\u00edn.<\/a><\/li>\t<\/ol>\n\t<\/noscript>\n\t<script type=\"application\/json\" class=\"wp-playlist-script\">{\"type\":\"audio\",\"tracklist\":true,\"tracknumbers\":true,\"images\":true,\"artists\":true,\"tracks\":[{\"src\":\"https:\\\/\\\/www.medellin.gov.co\\\/es\\\/wp-content\\\/uploads\\\/2023\\\/09\\\/cierre-mundialito-01.mp3\",\"type\":\"audio\\\/mpeg\",\"title\":\"Palabras de Isabel Cristina Cadavid, secretaria de Inclusi\\u00f3n Social, Familia y Derechos Humanos.\",\"caption\":\"\",\"description\":\"Palabras de Isabel Cristina Cadavid, secretaria de Inclusi\\u00f3n Social, Familia y Derechos Humanos.\",\"meta\":{\"year\":\"2023\",\"length_formatted\":\"0:40\"},\"image\":{\"src\":\"https:\\\/\\\/www.medellin.gov.co\\\/es\\\/wp-includes\\\/images\\\/media\\\/audio.png\",\"width\":48,\"height\":64},\"thumb\":{\"src\":\"https:\\\/\\\/www.medellin.gov.co\\\/es\\\/wp-includes\\\/images\\\/media\\\/audio.png\",\"width\":48,\"height\":64}},{\"src\":\"https:\\\/\\\/www.medellin.gov.co\\\/es\\\/wp-content\\\/uploads\\\/2023\\\/09\\\/cierre-mundialito-02.mp3\",\"type\":\"audio\\\/mpeg\",\"title\":\"Palabras de Henry Aguirre, subdirector de Fomento Deportivo y Recreativo del INDER Medell\\u00edn.\",\"caption\":\"\",\"description\":\"Palabras de Henry Aguirre, subdirector de Fomento Deportivo y Recreativo del INDER Medell\\u00edn.\",\"meta\":{\"length_formatted\":\"1:29\"},\"image\":{\"src\":\"https:\\\/\\\/www.medellin.gov.co\\\/es\\\/wp-includes\\\/images\\\/media\\\/audio.png\",\"width\":48,\"height\":64},\"thumb\":{\"src\":\"https:\\\/\\\/www.medellin.gov.co\\\/es\\\/wp-includes\\\/images\\\/media\\\/audio.png\",\"width\":48,\"height\":64}}]}<\/script>\n<\/div>\n\t\n<p><span style=\"font-weight: 400;\">Para continuar fortaleciendo los procesos de inclusi\u00f3n y resocializaci\u00f3n por medio del deporte, el Mundialito para la Inclusi\u00f3n cerr\u00f3 su segunda edici\u00f3n con la participaci\u00f3n de m\u00e1s de 190 deportistas, quienes disputaron 35 partidos de f\u00fatbol. Entre los jugadores se encontraban habitantes de calle y profesionales de la Alcald\u00eda de Medell\u00edn.<\/span><\/p>\n<p><span style=\"font-weight: 400;\">El Mundialito para la Inclusi\u00f3n lleg\u00f3 a su fin con la representaci\u00f3n femenina del &#8216;gran cl\u00e1sico&#8217; europeo Italia (Centro D\u00eda Dos) y Alemania (Apcd &#8211; Inclusi\u00f3n Social), en el cual sali\u00f3 victorioso el equipo de Alemania, que se destac\u00f3 por sus habilidades, lo cual motiva a estas personas a seguir transformando su vida por medio del deporte.\u00a0<\/span><\/p>\n<p><i><span style=\"font-weight: 400;\">\u201cLe apostamos a la integraci\u00f3n para la garant\u00eda de los derechos de la poblaci\u00f3n habitante de calle. A trav\u00e9s del deporte y la recreaci\u00f3n seguimos fortaleciendo su proceso de resocializaci\u00f3n, y es all\u00ed donde nos damos cuenta del gran potencial que tienen estas personas para salir adelante\u201d, <\/span><\/i><span style=\"font-weight: 400;\">afirm\u00f3 la secretaria de Inclusi\u00f3n Social, Familia y Derechos Humanos, Isabel Cristina Cadavid.\u00a0<\/span><\/p>\n<p><span style=\"font-weight: 400;\">Todos los partidos se llevaron a cabo en los escenarios del INDER Medell\u00edn, el principal aliado de esta iniciativa. Adem\u00e1s, el instituto ha acompa\u00f1ado este a\u00f1o a 1.341 usuarios que pertenecen al sistema de habitante de calle del Distrito y que hacen parte del programa Mientras Volvemos a Casa, con acciones como torneos de voleibol y de microf\u00fatbol, entre otras actividades f\u00edsicas.<\/span><\/p>\n<p><i><span style=\"font-weight: 400;\">\u201cEl INDER es el responsable de garantizar el derecho al deporte, la recreaci\u00f3n y la actividad f\u00edsica en el Distrito, y en esa premisa, nos esforzamos d\u00eda a d\u00eda para brindarles herramientas a las personas de y en situaci\u00f3n de calle. Mientras Volvemos a Casa es nuestra estrategia que se ha enfocado y preocupado por restablecer los derechos de las personas vulnerables de Medell\u00edn\u201d, <\/span><\/i><span style=\"font-weight: 400;\">manifest\u00f3 el subdirector de Fomento Deportivo y Recreativo del INDER Medell\u00edn, Henry Aguirre.\u00a0<\/span><\/p>\n<div id=\"attachment_250688\" style=\"width: 1210px\" class=\"wp-caption alignnone\"><img aria-describedby=\"caption-attachment-250688\" loading=\"lazy\" class=\"size-full wp-image-250688\" src=\"https:\/\/www.medellin.gov.co\/es\/wp-content\/uploads\/2023\/09\/cierre-mundialito.jpg\" alt=\"Cierre mundialito para la inclusi\u00f3n\" width=\"1200\" height=\"867\" srcset=\"https:\/\/www.medellin.gov.co\/es\/wp-content\/uploads\/2023\/09\/cierre-mundialito.jpg 1200w, https:\/\/www.medellin.gov.co\/es\/wp-content\/uploads\/2023\/09\/cierre-mundialito-300x217.jpg 300w, https:\/\/www.medellin.gov.co\/es\/wp-content\/uploads\/2023\/09\/cierre-mundialito-1024x740.jpg 1024w, https:\/\/www.medellin.gov.co\/es\/wp-content\/uploads\/2023\/09\/cierre-mundialito-150x108.jpg 150w, https:\/\/www.medellin.gov.co\/es\/wp-content\/uploads\/2023\/09\/cierre-mundialito-768x555.jpg 768w\" sizes=\"(max-width: 1200px) 100vw, 1200px\" \/><p id=\"caption-attachment-250688\" class=\"wp-caption-text\">Cierre mundialito para la inclusi\u00f3n &#8211; Foto: Alcald\u00eda de Medell\u00edn<\/p><\/div>\n<p><span style=\"font-weight: 400;\">Con esta estrategia, el instituto busca garantizar el restablecimiento de los derechos a la recreaci\u00f3n y al deporte para estos grupos especiales de atenci\u00f3n, por medio de integraci\u00f3n y actividad f\u00edsica, en este caso para los habitantes de calle.\u00a0<\/span><\/p>\n<p><span style=\"font-weight: 400;\">Desde la Administraci\u00f3n Distrital se reconocen los talentos y la transformaci\u00f3n de cada jugador; por ello, se otorg\u00f3 un reconocimiento simb\u00f3lico para destacar el trabajo en equipo, el esfuerzo y el potencial para transformar sus vidas desde el deporte.<\/span><\/p>\n<p><i><span style=\"font-weight: 400;\">\u201cMuy ch\u00e9vere el torneo. Nos divertimos mucho y se nos dio la final. Este espacio es importante porque ocupamos la mente en otras cosas. En mi proceso me sirvi\u00f3 para alejarme de la drogadicci\u00f3n y me ha dado bases para salir adelante. Yo le agradezco mucho a la Alcald\u00eda de Medell\u00edn y al INDER por estos espacios\u201d, <\/span><\/i><span style=\"font-weight: 400;\">expres\u00f3 Lina Mar\u00eda Monsalve, integrante del equipo femenino de Alemania.<\/span><\/p>\n<p><span style=\"font-weight: 400;\">Dentro de los equipos, 16 fueron masculinos y 3 femeninos, los cuales demostraron sus habilidades y fortalezas, al vivir el f\u00fatbol como un deporte mixto y sin g\u00e9nero, en el que representaron a pa\u00edses como Colombia, Francia, Italia, Alemania, Croacia, Argentina y Brasil, entre otros.\u00a0<\/span><\/p>\n<p><span style=\"font-weight: 400;\">Desde la Unidad de Programas Sociales Especiales, de la Secretar\u00eda de Inclusi\u00f3n Social, Familia y Derechos Humanos, se beneficia diariamente a un promedio de 1.600 habitantes de calle con atenci\u00f3n b\u00e1sica, lo que incluye autocuidado, alimentaci\u00f3n, dormitorio, atenci\u00f3n psicosocial y prehospitalaria; adem\u00e1s, 475 habitantes de calle han culminado su proceso de resocializaci\u00f3n en lo corrido del cuatrienio.<\/span><\/p>\n<p><span style=\"font-weight: 400;\">La Administraci\u00f3n Distrital seguir\u00e1 trabajando para crear una Medell\u00edn m\u00e1s inclusiva, en la que cada individuo tenga la oportunidad de transformar su vida.<\/span><\/p>\n","protected":false},"excerpt":{"rendered":"<p>El certamen termin\u00f3 con la disputa por el primer puesto entre Brasil y Argentina en masculino, e Italia y Alemania en femenino. En total, se jugaron 35 partidos de f\u00fatbol entre 19 equipos. El torneo &#8230;<\/p>\n","protected":false},"author":4,"featured_media":250689,"comment_status":"open","ping_status":"open","sticky":false,"template":"","format":"standard","meta":[],"categories":[17],"tags":[634,428],"formato_nota":[],"programas_tax":[],"acf":[],"_links":{"self":[{"href":"https:\/\/www.medellin.gov.co\/es\/wp-json\/wp\/v2\/posts\/250682"}],"collection":[{"href":"https:\/\/www.medellin.gov.co\/es\/wp-json\/wp\/v2\/posts"}],"about":[{"href":"https:\/\/www.medellin.gov.co\/es\/wp-json\/wp\/v2\/types\/post"}],"author":[{"embeddable":true,"href":"https:\/\/www.medellin.gov.co\/es\/wp-json\/wp\/v2\/users\/4"}],"replies":[{"embeddable":true,"href":"https:\/\/www.medellin.gov.co\/es\/wp-json\/wp\/v2\/comments?post=250682"}],"version-history":[{"count":2,"href":"https:\/\/www.medellin.gov.co\/es\/wp-json\/wp\/v2\/posts\/250682\/revisions"}],"predecessor-version":[{"id":250695,"href":"https:\/\/www.medellin.gov.co\/es\/wp-json\/wp\/v2\/posts\/250682\/revisions\/250695"}],"wp:featuredmedia":[{"embeddable":true,"href":"https:\/\/www.medellin.gov.co\/es\/wp-json\/wp\/v2\/media\/250689"}],"wp:attachment":[{"href":"https:\/\/www.medellin.gov.co\/es\/wp-json\/wp\/v2\/media?parent=250682"}],"wp:term":[{"taxonomy":"category","embeddable":true,"href":"https:\/\/www.medellin.gov.co\/es\/wp-json\/wp\/v2\/categories?post=250682"},{"taxonomy":"post_tag","embeddable":true,"href":"https:\/\/www.medellin.gov.co\/es\/wp-json\/wp\/v2\/tags?post=250682"},{"taxonomy":"formato_nota","embeddable":true,"href":"https:\/\/www.medellin.gov.co\/es\/wp-json\/wp\/v2\/formato_nota?post=250682"},{"taxonomy":"programas_tax","embeddable":true,"href":"https:\/\/www.medellin.gov.co\/es\/wp-json\/wp\/v2\/programas_tax?post=250682"}],"curies":[{"name":"wp","href":"https:\/\/api.w.org\/{rel}","templated":true}]}}