{"id":251703,"date":"2023-09-17T14:54:41","date_gmt":"2023-09-17T19:54:41","guid":{"rendered":"https:\/\/www.medellin.gov.co\/es\/?p=251703"},"modified":"2023-09-17T14:54:41","modified_gmt":"2023-09-17T19:54:41","slug":"estudiantes-de-medellin-son-sensibilizados-en-calidad-del-aire-y-buenas-practicas-ambientales","status":"publish","type":"post","link":"https:\/\/www.medellin.gov.co\/es\/sala-de-prensa\/noticias\/estudiantes-de-medellin-son-sensibilizados-en-calidad-del-aire-y-buenas-practicas-ambientales\/","title":{"rendered":"Estudiantes de Medell\u00edn son sensibilizados en calidad del aire y buenas pr\u00e1cticas ambientales"},"content":{"rendered":"<ul>\n<li>4.700 alumnos ser\u00e1n multiplicadores de las buenas pr\u00e1cticas en sus entornos.<\/li>\n<li>Las jornadas se adelantaron en instituciones educativas de siete comunas del Distrito.<\/li>\n<\/ul>\n<!--[if lt IE 9]><script>document.createElement('audio');<\/script><![endif]-->\n\t<div class=\"wp-playlist wp-audio-playlist wp-playlist-light\">\n\t\t\t<div class=\"wp-playlist-current-item\"><\/div>\n\t\t<audio controls=\"controls\" preload=\"none\" width=\"640\"\n\t\t\t><\/audio>\n\t<div class=\"wp-playlist-next\"><\/div>\n\t<div class=\"wp-playlist-prev\"><\/div>\n\t<noscript>\n\t<ol>\n\t\t<li><a href='https:\/\/www.medellin.gov.co\/es\/wp-content\/uploads\/2023\/09\/sensibilizacion-estudiantes.mp3'>Palabras de Lina Marcela Rend\u00f3n, subsecretaria de Recursos Naturales Renovables.<\/a><\/li>\t<\/ol>\n\t<\/noscript>\n\t<script type=\"application\/json\" class=\"wp-playlist-script\">{\"type\":\"audio\",\"tracklist\":true,\"tracknumbers\":true,\"images\":true,\"artists\":true,\"tracks\":[{\"src\":\"https:\\\/\\\/www.medellin.gov.co\\\/es\\\/wp-content\\\/uploads\\\/2023\\\/09\\\/sensibilizacion-estudiantes.mp3\",\"type\":\"audio\\\/mpeg\",\"title\":\"Palabras de Lina Marcela Rend\\u00f3n, subsecretaria de Recursos Naturales Renovables.\",\"caption\":\"\",\"description\":\"Palabras de Lina Marcela Rend\\u00f3n, subsecretaria de Recursos Naturales Renovables.\",\"meta\":{\"year\":\"2023\",\"length_formatted\":\"0:51\"},\"image\":{\"src\":\"https:\\\/\\\/www.medellin.gov.co\\\/es\\\/wp-includes\\\/images\\\/media\\\/audio.png\",\"width\":48,\"height\":64},\"thumb\":{\"src\":\"https:\\\/\\\/www.medellin.gov.co\\\/es\\\/wp-includes\\\/images\\\/media\\\/audio.png\",\"width\":48,\"height\":64}}]}<\/script>\n<\/div>\n\t\n<p><span style=\"font-weight: 400;\">En el prop\u00f3sito de la Administraci\u00f3n Distrital de consolidar a Medell\u00edn como una Ecociudad, 4.700 estudiantes de las instituciones educativas de siete comunas han sido sensibilizados este a\u00f1o en buenas pr\u00e1cticas ambientales y en tem\u00e1ticas como la calidad del aire, el tratamiento adecuado de los residuos, el cuidado y protecci\u00f3n de los recursos naturales y el manejo de los niveles de ruido.<\/span><\/p>\n<p><span style=\"font-weight: 400;\">Las jornadas son lideradas por la Unidad de Educaci\u00f3n y Buenas Pr\u00e1cticas Ambientales de la Subsecretar\u00eda de Gesti\u00f3n Ambiental y en ellas se incluyen actividades l\u00fadicas y pedag\u00f3gicas para que los alumnos de primaria y secundaria se familiaricen con la importancia de proteger y cuidar el entorno, y as\u00ed mantener el equilibrio ambiental en sus colegios, escuelas, barrios y sectores.<\/span><\/p>\n<p><i><span style=\"font-weight: 400;\">\u201cCon estas jornadas de sensibilizaci\u00f3n buscamos que los estudiantes de las instituciones educativas del Distrito de Medell\u00edn conozcan c\u00f3mo, con peque\u00f1as acciones, pueden contribuir a la mitigaci\u00f3n del cambio clim\u00e1tico y pueden aportar desde esas peque\u00f1as acciones a mantener el equilibrio ambiental en sus entornos, en sus colegios, barrios y comunas; y para que de manera l\u00fadica puedan entender la importancia de las buenas pr\u00e1cticas ambientales en el cuidado de los recursos naturales y la mitigaci\u00f3n de los efectos del cambio clim\u00e1tico\u201d,<\/span><\/i><span style=\"font-weight: 400;\"> indic\u00f3 la subsecretaria de Recursos Naturales Renovables, Lina Marcela Rend\u00f3n.<\/span><\/p>\n<p><span style=\"font-weight: 400;\">Este a\u00f1o, las jornadas se han adelantado en instituciones educativas de las comunas Santa Cruz, Castilla, Robledo, Villa Hermosa, La Candelaria, San Javier y Bel\u00e9n. En principio, la Unidad de Educaci\u00f3n y Buenas Pr\u00e1cticas Ambientales identifica las problem\u00e1ticas ambientales en los sectores en los que est\u00e1n ubicados los planteles y, con base en la informaci\u00f3n, se priorizan las tem\u00e1ticas.<\/span><\/p>\n<div id=\"attachment_251710\" style=\"width: 1210px\" class=\"wp-caption alignnone\"><img aria-describedby=\"caption-attachment-251710\" loading=\"lazy\" class=\"size-full wp-image-251710\" src=\"https:\/\/www.medellin.gov.co\/es\/wp-content\/uploads\/2023\/09\/sensibilizacion-instituciones-educativas-2.jpg\" alt=\"Sensibilizaci\u00f3n estudiantes calidad del aire\" width=\"1200\" height=\"800\" srcset=\"https:\/\/www.medellin.gov.co\/es\/wp-content\/uploads\/2023\/09\/sensibilizacion-instituciones-educativas-2.jpg 1200w, https:\/\/www.medellin.gov.co\/es\/wp-content\/uploads\/2023\/09\/sensibilizacion-instituciones-educativas-2-300x200.jpg 300w, https:\/\/www.medellin.gov.co\/es\/wp-content\/uploads\/2023\/09\/sensibilizacion-instituciones-educativas-2-1024x683.jpg 1024w, https:\/\/www.medellin.gov.co\/es\/wp-content\/uploads\/2023\/09\/sensibilizacion-instituciones-educativas-2-150x100.jpg 150w, https:\/\/www.medellin.gov.co\/es\/wp-content\/uploads\/2023\/09\/sensibilizacion-instituciones-educativas-2-768x512.jpg 768w\" sizes=\"(max-width: 1200px) 100vw, 1200px\" \/><p id=\"caption-attachment-251710\" class=\"wp-caption-text\">Sensibilizaci\u00f3n estudiantes calidad del aire &#8211; Foto: Alcald\u00eda de Medell\u00edn<\/p><\/div>\n<p><span style=\"font-weight: 400;\">Para los docentes, estos procesos contribuyen a generar conciencia en los alumnos sobre la importancia de cuidar y proteger los recursos naturales. As\u00ed lo expres\u00f3 Yuly Santa, docente, quien agreg\u00f3 que<\/span><i><span style=\"font-weight: 400;\"> \u201csi desde peque\u00f1os sabemos c\u00f3mo podemos cuidar el medio ambiente, seguramente vamos a mitigar el cambio clim\u00e1tico y qu\u00e9 mejor que nuestra Secretar\u00eda de Medio Ambiente nos acompa\u00f1e desarrollando actividades que permitan esa sensibilizaci\u00f3n, y que lo hace de una manera muy did\u00e1ctica y muy din\u00e1mica, lo que permite que los ni\u00f1os inmediatamente se enganchen\u201d.<\/span><\/i><\/p>\n<p><span style=\"font-weight: 400;\">Los estudiantes reciben informaci\u00f3n de las problem\u00e1ticas ambientales que se registran en la ciudad y aprenden las peque\u00f1as acciones que cada uno puede realizar para disminuir los niveles de contaminaci\u00f3n en los entornos y que esto permite mitigar los efectos del cambio clim\u00e1tico.<\/span><\/p>\n<p><span style=\"font-weight: 400;\">\u201c<\/span><i><span style=\"font-weight: 400;\">Estamos en un mundo en destrucci\u00f3n, que nosotros mismos estamos contaminando; entonces, es preferible que nos ense\u00f1en a los j\u00f3venes y a los ni\u00f1os que debemos cuidar el planeta. Este tipo de acciones son importantes para que, desde ni\u00f1os, tengan un buen control del medio ambiente y aprendan c\u00f3mo reciclar. Por esto, las actividades de la Secretar\u00eda de Medio Ambiente, que son tan buenas, hay que aprovecharlas\u201d,<\/span><\/i><span style=\"font-weight: 400;\"> dijo el personero de la Instituci\u00f3n Educativa Rodrigo Arenas Betancur, Juan M\u00e9ndez Agudelo.<\/span><\/p>\n<p><span style=\"font-weight: 400;\">Una de las mayores problem\u00e1ticas en los sectores cercanos a los planteles educativos es la mala disposici\u00f3n de los residuos; por esto, las jornadas incluyen una puesta en escena sobre la importancia del manejo adecuado desde la separaci\u00f3n en la fuente, reciclar y reutilizar, adem\u00e1s de tener en cuenta las frecuencias de d\u00edas y horarios del carro recolector.<\/span><\/p>\n","protected":false},"excerpt":{"rendered":"<p>4.700 alumnos ser\u00e1n multiplicadores de las buenas pr\u00e1cticas en sus entornos. Las jornadas se adelantaron en instituciones educativas de siete comunas del Distrito. En el prop\u00f3sito de la Administraci\u00f3n Distrital de consolidar a Medell\u00edn como &#8230;<\/p>\n","protected":false},"author":4,"featured_media":251708,"comment_status":"open","ping_status":"open","sticky":false,"template":"","format":"standard","meta":[],"categories":[13],"tags":[441,436],"formato_nota":[],"programas_tax":[],"acf":[],"_links":{"self":[{"href":"https:\/\/www.medellin.gov.co\/es\/wp-json\/wp\/v2\/posts\/251703"}],"collection":[{"href":"https:\/\/www.medellin.gov.co\/es\/wp-json\/wp\/v2\/posts"}],"about":[{"href":"https:\/\/www.medellin.gov.co\/es\/wp-json\/wp\/v2\/types\/post"}],"author":[{"embeddable":true,"href":"https:\/\/www.medellin.gov.co\/es\/wp-json\/wp\/v2\/users\/4"}],"replies":[{"embeddable":true,"href":"https:\/\/www.medellin.gov.co\/es\/wp-json\/wp\/v2\/comments?post=251703"}],"version-history":[{"count":1,"href":"https:\/\/www.medellin.gov.co\/es\/wp-json\/wp\/v2\/posts\/251703\/revisions"}],"predecessor-version":[{"id":251711,"href":"https:\/\/www.medellin.gov.co\/es\/wp-json\/wp\/v2\/posts\/251703\/revisions\/251711"}],"wp:featuredmedia":[{"embeddable":true,"href":"https:\/\/www.medellin.gov.co\/es\/wp-json\/wp\/v2\/media\/251708"}],"wp:attachment":[{"href":"https:\/\/www.medellin.gov.co\/es\/wp-json\/wp\/v2\/media?parent=251703"}],"wp:term":[{"taxonomy":"category","embeddable":true,"href":"https:\/\/www.medellin.gov.co\/es\/wp-json\/wp\/v2\/categories?post=251703"},{"taxonomy":"post_tag","embeddable":true,"href":"https:\/\/www.medellin.gov.co\/es\/wp-json\/wp\/v2\/tags?post=251703"},{"taxonomy":"formato_nota","embeddable":true,"href":"https:\/\/www.medellin.gov.co\/es\/wp-json\/wp\/v2\/formato_nota?post=251703"},{"taxonomy":"programas_tax","embeddable":true,"href":"https:\/\/www.medellin.gov.co\/es\/wp-json\/wp\/v2\/programas_tax?post=251703"}],"curies":[{"name":"wp","href":"https:\/\/api.w.org\/{rel}","templated":true}]}}