{"id":255593,"date":"2023-09-27T11:22:50","date_gmt":"2023-09-27T16:22:50","guid":{"rendered":"https:\/\/www.medellin.gov.co\/es\/?p=255593"},"modified":"2023-09-27T11:22:50","modified_gmt":"2023-09-27T16:22:50","slug":"en-operativos-contra-el-homicidio-se-registraron-29-capturas-en-el-ultimo-trimestre-en-medellin","status":"publish","type":"post","link":"https:\/\/www.medellin.gov.co\/es\/sala-de-prensa\/noticias\/en-operativos-contra-el-homicidio-se-registraron-29-capturas-en-el-ultimo-trimestre-en-medellin\/","title":{"rendered":"En operativos contra el homicidio se registraron 29 capturas en el \u00faltimo trimestre en Medell\u00edn"},"content":{"rendered":"<ul>\n<li>Con estas acciones se consolida un nivel de esclarecimiento del 49 %, el m\u00e1s alto de la d\u00e9cada.<\/li>\n<li>En 2023 se han ejecutado 195 capturas por el delito de homicidio en Medell\u00edn, la mayor\u00eda de estas en flagrancia y gracias a la reacci\u00f3n de las autoridades.<\/li>\n<li>En la ciudad se conserva la reducci\u00f3n del 2 % en el homicidio frente al a\u00f1o anterior y del 38 % acumulado desde el a\u00f1o 2020.<\/li>\n<\/ul>\n<!--[if lt IE 9]><script>document.createElement('audio');<\/script><![endif]-->\n\t<div class=\"wp-playlist wp-audio-playlist wp-playlist-light\">\n\t\t\t<div class=\"wp-playlist-current-item\"><\/div>\n\t\t<audio controls=\"controls\" preload=\"none\" width=\"640\"\n\t\t\t><\/audio>\n\t<div class=\"wp-playlist-next\"><\/div>\n\t<div class=\"wp-playlist-prev\"><\/div>\n\t<noscript>\n\t<ol>\n\t\t<li><a href='https:\/\/www.medellin.gov.co\/es\/wp-content\/uploads\/2023\/09\/Capturas-01-1.mp3'>Palabras de Cr. \u00d3mar Rodr\u00edguez Aranda, subsecretario operativo de la Secretar\u00eda de Seguridad y Convivencia<\/a><\/li>\t<\/ol>\n\t<\/noscript>\n\t<script type=\"application\/json\" class=\"wp-playlist-script\">{\"type\":\"audio\",\"tracklist\":true,\"tracknumbers\":true,\"images\":true,\"artists\":true,\"tracks\":[{\"src\":\"https:\\\/\\\/www.medellin.gov.co\\\/es\\\/wp-content\\\/uploads\\\/2023\\\/09\\\/Capturas-01-1.mp3\",\"type\":\"audio\\\/mpeg\",\"title\":\"Palabras de Cr. \\u00d3mar Rodr\\u00edguez Aranda, subsecretario operativo de la Secretar\\u00eda de Seguridad y Convivencia\",\"caption\":\"\",\"description\":\"\\u00abPalabras de Cr. \\u00d3mar Rodr\\u00edguez Aranda, subsecretario operativo de la Secretar\\u00eda de Seguridad y Convivencia\\u00bb.\",\"meta\":{\"length_formatted\":\"1:13\"},\"image\":{\"src\":\"https:\\\/\\\/www.medellin.gov.co\\\/es\\\/wp-includes\\\/images\\\/media\\\/audio.png\",\"width\":48,\"height\":64},\"thumb\":{\"src\":\"https:\\\/\\\/www.medellin.gov.co\\\/es\\\/wp-includes\\\/images\\\/media\\\/audio.png\",\"width\":48,\"height\":64}}]}<\/script>\n<\/div>\n\t\n<p>Como resultado de la Estrategia Articulada contra el Delito, con la Polic\u00eda Metropolitana, la Fiscal\u00eda Seccional y\u00a0 la ayuda de las herramientas tecnol\u00f3gicas con las que dispone el Distrito de Medell\u00edn, se han registrado 29 capturas por el delito de homicidio en el \u00faltimo trimestre, de acuerdo con el balance presentado por las autoridades, en el que se destaca el esclarecimiento de varios casos ocurridos en los \u00faltimos meses.<\/p>\n<p>\u201c<em>Este a\u00f1o, el Distrito de Medell\u00edn cuenta con 102 d\u00edas no consecutivos sin homicidios y si sumamos toda la administraci\u00f3n completamos 492 d\u00edas no consecutivos sin homicidios. Con las operaciones que est\u00e1n reportando, del 41 % el Distrito de Medell\u00edn pasa a un 49 % en esclarecimiento; aproximadamente 140 casos resueltos. Desde la Secretar\u00eda de Seguridad se sigue aportando y ayudando con todos los medios tecnol\u00f3gicos que est\u00e1n disponibles en la ciudad para seguir aumentando el esclarecimiento de este delito de impacto<\/em>\u201d, dijo el subsecretario operativo de la Secretar\u00eda de Seguridad y Convivencia, Cr. \u00d3mar Rodr\u00edguez Aranda.<\/p>\n<div id=\"attachment_255595\" style=\"width: 1290px\" class=\"wp-caption alignnone\"><a href=\"https:\/\/www.medellin.gov.co\/es\/wp-content\/uploads\/2023\/09\/Capturas-2-1.jpg\" target=\"_blank\" rel=\"noopener\"><img aria-describedby=\"caption-attachment-255595\" loading=\"lazy\" class=\"wp-image-255595 size-full\" title=\"En operativos contra el homicidio se registraron 29 capturas en el \u00faltimo trimestre en Medell\u00edn\" src=\"https:\/\/www.medellin.gov.co\/es\/wp-content\/uploads\/2023\/09\/Capturas-2-1.jpg\" alt=\"En operativos contra el homicidio se registraron 29 capturas en el \u00faltimo trimestre en Medell\u00edn\" width=\"1280\" height=\"927\" srcset=\"https:\/\/www.medellin.gov.co\/es\/wp-content\/uploads\/2023\/09\/Capturas-2-1.jpg 1280w, https:\/\/www.medellin.gov.co\/es\/wp-content\/uploads\/2023\/09\/Capturas-2-1-300x217.jpg 300w, https:\/\/www.medellin.gov.co\/es\/wp-content\/uploads\/2023\/09\/Capturas-2-1-1024x742.jpg 1024w, https:\/\/www.medellin.gov.co\/es\/wp-content\/uploads\/2023\/09\/Capturas-2-1-150x109.jpg 150w, https:\/\/www.medellin.gov.co\/es\/wp-content\/uploads\/2023\/09\/Capturas-2-1-768x556.jpg 768w\" sizes=\"(max-width: 1280px) 100vw, 1280px\" \/><\/a><p id=\"caption-attachment-255595\" class=\"wp-caption-text\">En operativos contra el homicidio se registraron 29 capturas en el \u00faltimo trimestre en Medell\u00edn &#8211; Foto Alcald\u00eda de Medell\u00edn<\/p><\/div>\n<p>De estos resultados, las autoridades revelaron la captura de un hombre de 32 a\u00f1os, quien en medio de un hecho de intolerancia, ocurrido el pasado 17 de junio, en el barrio Moravia, agredi\u00f3 a su v\u00edctima con un arma cortopunzante; as\u00ed como la captura de un hombre, quien al intentar hurtar a una persona, la hiri\u00f3 con arma cortopunzante en varias oportunidades hasta causarle la muerte, hechos ocurridos el 25 de mayo de este a\u00f1o en El Poblado; y la captura de un hombre involucrado en la muerte de dos personas por asfixia mec\u00e1nica, el\u00a0 25 de abril, en Barbosa.<\/p>\n<p>Con estas capturas y la judicializaci\u00f3n de los presuntos responsables, la ciudad alcanza un 49 % en el esclarecimiento de los homicidios en 2023, lo que se consolida como un r\u00e9cord en la \u00faltima d\u00e9cada y lo que significa que casi la mitad de los casos ocurridos tienen una resoluci\u00f3n con individualizaci\u00f3n y judicializaci\u00f3n de los responsables.<\/p>\n<p>Sigue vigente la estrategia de ofrecimiento de recompensas por informaci\u00f3n que lleve a la captura de cualquier responsable en casos de homicidio de hasta $100 millones y de hasta $200 millones en casos de feminicidio y homicidios de poblaci\u00f3n LGBTIQ+.<\/p>\n","protected":false},"excerpt":{"rendered":"<p>Con estas acciones se consolida un nivel de esclarecimiento del 49 %, el m\u00e1s alto de la d\u00e9cada. En 2023 se han ejecutado 195 capturas por el delito de homicidio en Medell\u00edn, la mayor\u00eda de &#8230;<\/p>\n","protected":false},"author":21,"featured_media":255599,"comment_status":"open","ping_status":"open","sticky":false,"template":"","format":"standard","meta":[],"categories":[21],"tags":[619],"formato_nota":[],"programas_tax":[],"acf":[],"_links":{"self":[{"href":"https:\/\/www.medellin.gov.co\/es\/wp-json\/wp\/v2\/posts\/255593"}],"collection":[{"href":"https:\/\/www.medellin.gov.co\/es\/wp-json\/wp\/v2\/posts"}],"about":[{"href":"https:\/\/www.medellin.gov.co\/es\/wp-json\/wp\/v2\/types\/post"}],"author":[{"embeddable":true,"href":"https:\/\/www.medellin.gov.co\/es\/wp-json\/wp\/v2\/users\/21"}],"replies":[{"embeddable":true,"href":"https:\/\/www.medellin.gov.co\/es\/wp-json\/wp\/v2\/comments?post=255593"}],"version-history":[{"count":1,"href":"https:\/\/www.medellin.gov.co\/es\/wp-json\/wp\/v2\/posts\/255593\/revisions"}],"predecessor-version":[{"id":255611,"href":"https:\/\/www.medellin.gov.co\/es\/wp-json\/wp\/v2\/posts\/255593\/revisions\/255611"}],"wp:featuredmedia":[{"embeddable":true,"href":"https:\/\/www.medellin.gov.co\/es\/wp-json\/wp\/v2\/media\/255599"}],"wp:attachment":[{"href":"https:\/\/www.medellin.gov.co\/es\/wp-json\/wp\/v2\/media?parent=255593"}],"wp:term":[{"taxonomy":"category","embeddable":true,"href":"https:\/\/www.medellin.gov.co\/es\/wp-json\/wp\/v2\/categories?post=255593"},{"taxonomy":"post_tag","embeddable":true,"href":"https:\/\/www.medellin.gov.co\/es\/wp-json\/wp\/v2\/tags?post=255593"},{"taxonomy":"formato_nota","embeddable":true,"href":"https:\/\/www.medellin.gov.co\/es\/wp-json\/wp\/v2\/formato_nota?post=255593"},{"taxonomy":"programas_tax","embeddable":true,"href":"https:\/\/www.medellin.gov.co\/es\/wp-json\/wp\/v2\/programas_tax?post=255593"}],"curies":[{"name":"wp","href":"https:\/\/api.w.org\/{rel}","templated":true}]}}