{"id":257294,"date":"2023-10-03T10:54:11","date_gmt":"2023-10-03T15:54:11","guid":{"rendered":"https:\/\/www.medellin.gov.co\/es\/?p=257294"},"modified":"2023-10-03T10:54:11","modified_gmt":"2023-10-03T15:54:11","slug":"con-el-inicio-de-las-obras-de-mejoramiento-en-la-i-e-tricentenario-se-cumplio-el-plan-de-infraestructura-en-la-comuna-5","status":"publish","type":"post","link":"https:\/\/www.medellin.gov.co\/es\/sala-de-prensa\/noticias\/con-el-inicio-de-las-obras-de-mejoramiento-en-la-i-e-tricentenario-se-cumplio-el-plan-de-infraestructura-en-la-comuna-5\/","title":{"rendered":"Con el inicio de las obras de mejoramiento en la I. E. Tricentenario, se cumpli\u00f3 el plan de infraestructura en la comuna 5"},"content":{"rendered":"<ul>\n<li>En esta comuna se intervendr\u00e1n 31 sedes educativas en las vigencias 2023 y 2024.<\/li>\n<li>La inversi\u00f3n en estos dos periodos supera los $39.000 millones.<\/li>\n<li>Las sedes con mayor avance son la S. E. Imperio del Jap\u00f3n, con un 63 %, y la I. E. Diego Echavarr\u00eda Misas, con un 58 %.<\/li>\n<\/ul>\n<!--[if lt IE 9]><script>document.createElement('audio');<\/script><![endif]-->\n\t<div class=\"wp-playlist wp-audio-playlist wp-playlist-light\">\n\t\t\t<div class=\"wp-playlist-current-item\"><\/div>\n\t\t<audio controls=\"controls\" preload=\"none\" width=\"640\"\n\t\t\t><\/audio>\n\t<div class=\"wp-playlist-next\"><\/div>\n\t<div class=\"wp-playlist-prev\"><\/div>\n\t<noscript>\n\t<ol>\n\t\t<li><a href='https:\/\/www.medellin.gov.co\/es\/wp-content\/uploads\/2023\/10\/Mejoramiento-Instituciones-Educativas-01.mp3'>MPalabras de Margarita Contreras, subgerente de Ejecuci\u00f3n de Proyectos<\/a><\/li><li><a href='https:\/\/www.medellin.gov.co\/es\/wp-content\/uploads\/2023\/10\/Mejoramiento-Instituciones-Educativas-02.mp3'>Palabras de Jhon Henry Londo\u00f1o Villa, trabajador de la secci\u00f3n escuela Imperio del Jap\u00f3n<\/a><\/li>\t<\/ol>\n\t<\/noscript>\n\t<script type=\"application\/json\" class=\"wp-playlist-script\">{\"type\":\"audio\",\"tracklist\":true,\"tracknumbers\":true,\"images\":true,\"artists\":true,\"tracks\":[{\"src\":\"https:\\\/\\\/www.medellin.gov.co\\\/es\\\/wp-content\\\/uploads\\\/2023\\\/10\\\/Mejoramiento-Instituciones-Educativas-01.mp3\",\"type\":\"audio\\\/mpeg\",\"title\":\"MPalabras de Margarita Contreras, subgerente de Ejecuci\\u00f3n de Proyectos\",\"caption\":\"\",\"description\":\"\\u00abMejoramiento-Instituciones-Educativas-01\\u00bb. Lanzamiento: 2023.\",\"meta\":{\"year\":\"2023\",\"length_formatted\":\"0:39\"},\"image\":{\"src\":\"https:\\\/\\\/www.medellin.gov.co\\\/es\\\/wp-includes\\\/images\\\/media\\\/audio.png\",\"width\":48,\"height\":64},\"thumb\":{\"src\":\"https:\\\/\\\/www.medellin.gov.co\\\/es\\\/wp-includes\\\/images\\\/media\\\/audio.png\",\"width\":48,\"height\":64}},{\"src\":\"https:\\\/\\\/www.medellin.gov.co\\\/es\\\/wp-content\\\/uploads\\\/2023\\\/10\\\/Mejoramiento-Instituciones-Educativas-02.mp3\",\"type\":\"audio\\\/mpeg\",\"title\":\"Palabras de Jhon Henry Londo\\u00f1o Villa, trabajador de la secci\\u00f3n escuela Imperio del Jap\\u00f3n\",\"caption\":\"\",\"description\":\"\\u00abPalabras de Jhon Henry Londo\\u00f1o Villa, trabajador de la secci\\u00f3n escuela Imperio del Jap\\u00f3n\\u00bb.\",\"meta\":{\"length_formatted\":\"0:46\"},\"image\":{\"src\":\"https:\\\/\\\/www.medellin.gov.co\\\/es\\\/wp-includes\\\/images\\\/media\\\/audio.png\",\"width\":48,\"height\":64},\"thumb\":{\"src\":\"https:\\\/\\\/www.medellin.gov.co\\\/es\\\/wp-includes\\\/images\\\/media\\\/audio.png\",\"width\":48,\"height\":64}}]}<\/script>\n<\/div>\n\t\n<p>Con el inicio de las labores de mantenimiento en la instituci\u00f3n educativa Tricentenario, ya son 16 las sedes que se intervienen como parte del plan de infraestructura en la comuna 5 (Castilla).<\/p>\n<p>La Empresa de Desarrollo Urbano (EDU), entidad que ejecuta los recursos para dicho plan, indic\u00f3 que en esta comuna se intervendr\u00e1n 31 establecimientos educativos en las vigencias 2023 y 2024.<\/p>\n<p>\u201c<em>Con estas 16 que arrancamos estamos cumpliendo el cronograma de 2023, ya que las 15 restantes est\u00e1n programadas para 2024. En Tricentenario haremos el mantenimiento de la fachada del bloque oriental<\/em>\u201d, asegur\u00f3 la subgerente de Ejecuci\u00f3n de Proyectos, Margarita Contreras.<\/p>\n<div id=\"attachment_257301\" style=\"width: 1290px\" class=\"wp-caption alignnone\"><a href=\"https:\/\/www.medellin.gov.co\/es\/wp-content\/uploads\/2023\/10\/Mejoramiento-Instituciones-Educativas-2.jpg\" target=\"_blank\" rel=\"noopener\"><img aria-describedby=\"caption-attachment-257301\" loading=\"lazy\" class=\"wp-image-257301 size-full\" title=\"Con el inicio de las obras de mejoramiento en la I. E. Tricentenario, se cumpli\u00f3 el plan de infraestructura en la comuna 5\" src=\"https:\/\/www.medellin.gov.co\/es\/wp-content\/uploads\/2023\/10\/Mejoramiento-Instituciones-Educativas-2.jpg\" alt=\"Con el inicio de las obras de mejoramiento en la I. E. Tricentenario, se cumpli\u00f3 el plan de infraestructura en la comuna 5\" width=\"1280\" height=\"853\" srcset=\"https:\/\/www.medellin.gov.co\/es\/wp-content\/uploads\/2023\/10\/Mejoramiento-Instituciones-Educativas-2.jpg 1280w, https:\/\/www.medellin.gov.co\/es\/wp-content\/uploads\/2023\/10\/Mejoramiento-Instituciones-Educativas-2-300x200.jpg 300w, https:\/\/www.medellin.gov.co\/es\/wp-content\/uploads\/2023\/10\/Mejoramiento-Instituciones-Educativas-2-1024x682.jpg 1024w, https:\/\/www.medellin.gov.co\/es\/wp-content\/uploads\/2023\/10\/Mejoramiento-Instituciones-Educativas-2-150x100.jpg 150w, https:\/\/www.medellin.gov.co\/es\/wp-content\/uploads\/2023\/10\/Mejoramiento-Instituciones-Educativas-2-768x512.jpg 768w\" sizes=\"(max-width: 1280px) 100vw, 1280px\" \/><\/a><p id=\"caption-attachment-257301\" class=\"wp-caption-text\">Con el inicio de las obras de mejoramiento en la I. E. Tricentenario, se cumpli\u00f3 el plan de infraestructura en la comuna 5 &#8211; Foto Alcald\u00eda de Medell\u00edn<\/p><\/div>\n<p>En la comuna 5 se adelantan intervenciones en los planteles educativos Diego Echavarr\u00eda Misas, Imperio del Jap\u00f3n, Alfonso L\u00f3pez, Rodrigo Correa Palacio, Loyola, Cardenal Crisanto Luque, Manuel G\u00f3mez Serna, Mar\u00eda Montessori, Rep\u00fablica de Uruguay, Jes\u00fas Mar\u00eda El Rosal, Dinamarca y Pedro Claver. Los recursos que se ejecutan actualmente superan los $39.000 millones.<\/p>\n<p>En la secci\u00f3n escuela Imperio del Jap\u00f3n, que cuenta con un avance del 63 %, las obras se han concentrado en la red hidrosanitaria y el mejoramiento de zonas de accesibilidad para personas con movilidad reducida. Tambi\u00e9n se llevan a cabo mantenimientos de pisos, paredes, luminarias, entre otras labores.<\/p>\n<p>En la instituci\u00f3n educativa Diego Echavarr\u00eda Misas se ha trabajado en el cambio de cubierta de aulas, patio sal\u00f3n y tienda escolar, renovaci\u00f3n de piso en los niveles inferiores de la instituci\u00f3n, mejoramiento de la placa polideportiva y construcci\u00f3n de nuevas grader\u00edas. El avance es del 58 %.<\/p>\n<div id=\"attachment_257295\" style=\"width: 1290px\" class=\"wp-caption alignnone\"><a href=\"https:\/\/www.medellin.gov.co\/es\/wp-content\/uploads\/2023\/10\/Mejoramiento-Instituciones-Educativas-3.jpg\" target=\"_blank\" rel=\"noopener\"><img aria-describedby=\"caption-attachment-257295\" loading=\"lazy\" class=\"wp-image-257295 size-full\" title=\"Con el inicio de las obras de mejoramiento en la I. E. Tricentenario, se cumpli\u00f3 el plan de infraestructura en la comuna 5\" src=\"https:\/\/www.medellin.gov.co\/es\/wp-content\/uploads\/2023\/10\/Mejoramiento-Instituciones-Educativas-3.jpg\" alt=\"Con el inicio de las obras de mejoramiento en la I. E. Tricentenario, se cumpli\u00f3 el plan de infraestructura en la comuna 5\" width=\"1280\" height=\"853\" srcset=\"https:\/\/www.medellin.gov.co\/es\/wp-content\/uploads\/2023\/10\/Mejoramiento-Instituciones-Educativas-3.jpg 1280w, https:\/\/www.medellin.gov.co\/es\/wp-content\/uploads\/2023\/10\/Mejoramiento-Instituciones-Educativas-3-300x200.jpg 300w, https:\/\/www.medellin.gov.co\/es\/wp-content\/uploads\/2023\/10\/Mejoramiento-Instituciones-Educativas-3-1024x682.jpg 1024w, https:\/\/www.medellin.gov.co\/es\/wp-content\/uploads\/2023\/10\/Mejoramiento-Instituciones-Educativas-3-150x100.jpg 150w, https:\/\/www.medellin.gov.co\/es\/wp-content\/uploads\/2023\/10\/Mejoramiento-Instituciones-Educativas-3-768x512.jpg 768w\" sizes=\"(max-width: 1280px) 100vw, 1280px\" \/><\/a><p id=\"caption-attachment-257295\" class=\"wp-caption-text\">Con el inicio de las obras de mejoramiento en la I. E. Tricentenario, se cumpli\u00f3 el plan de infraestructura en la comuna 5 &#8211; Foto Alcald\u00eda de Medell\u00edn<\/p><\/div>\n<p>\u201c<em>Yo he trabajado aqu\u00ed desde que esto inici\u00f3. Es muy bueno que piensen en los ni\u00f1os y en mejorar colegios. Esto sirve mucho para la ciudad. La obra va avanzando y va en un ritmo excelente<\/em>\u201d, cont\u00f3 Jhon Henry Londo\u00f1o Villa, trabajador de la secci\u00f3n escuela Imperio del Jap\u00f3n y habitante de la comuna 5.<\/p>\n<p>Otra de las sedes con un avance superior al 40 % es Alfonso L\u00f3pez, donde se ha trabajado en cubiertas, adecuaci\u00f3n de restaurante y comedor escolar, intervenciones en ba\u00f1os y otras actividades de mantenimiento.<\/p>\n<p>Con estas 16 obras se benefician m\u00e1s de 10.400 estudiantes, adem\u00e1s del personal docente y administrativo de las sedes del Distrito.<\/p>\n","protected":false},"excerpt":{"rendered":"<p>En esta comuna se intervendr\u00e1n 31 sedes educativas en las vigencias 2023 y 2024. La inversi\u00f3n en estos dos periodos supera los $39.000 millones. Las sedes con mayor avance son la S. E. Imperio del &#8230;<\/p>\n","protected":false},"author":21,"featured_media":257298,"comment_status":"open","ping_status":"open","sticky":false,"template":"","format":"standard","meta":[],"categories":[4,17],"tags":[431,442],"formato_nota":[],"programas_tax":[],"acf":[],"_links":{"self":[{"href":"https:\/\/www.medellin.gov.co\/es\/wp-json\/wp\/v2\/posts\/257294"}],"collection":[{"href":"https:\/\/www.medellin.gov.co\/es\/wp-json\/wp\/v2\/posts"}],"about":[{"href":"https:\/\/www.medellin.gov.co\/es\/wp-json\/wp\/v2\/types\/post"}],"author":[{"embeddable":true,"href":"https:\/\/www.medellin.gov.co\/es\/wp-json\/wp\/v2\/users\/21"}],"replies":[{"embeddable":true,"href":"https:\/\/www.medellin.gov.co\/es\/wp-json\/wp\/v2\/comments?post=257294"}],"version-history":[{"count":1,"href":"https:\/\/www.medellin.gov.co\/es\/wp-json\/wp\/v2\/posts\/257294\/revisions"}],"predecessor-version":[{"id":257302,"href":"https:\/\/www.medellin.gov.co\/es\/wp-json\/wp\/v2\/posts\/257294\/revisions\/257302"}],"wp:featuredmedia":[{"embeddable":true,"href":"https:\/\/www.medellin.gov.co\/es\/wp-json\/wp\/v2\/media\/257298"}],"wp:attachment":[{"href":"https:\/\/www.medellin.gov.co\/es\/wp-json\/wp\/v2\/media?parent=257294"}],"wp:term":[{"taxonomy":"category","embeddable":true,"href":"https:\/\/www.medellin.gov.co\/es\/wp-json\/wp\/v2\/categories?post=257294"},{"taxonomy":"post_tag","embeddable":true,"href":"https:\/\/www.medellin.gov.co\/es\/wp-json\/wp\/v2\/tags?post=257294"},{"taxonomy":"formato_nota","embeddable":true,"href":"https:\/\/www.medellin.gov.co\/es\/wp-json\/wp\/v2\/formato_nota?post=257294"},{"taxonomy":"programas_tax","embeddable":true,"href":"https:\/\/www.medellin.gov.co\/es\/wp-json\/wp\/v2\/programas_tax?post=257294"}],"curies":[{"name":"wp","href":"https:\/\/api.w.org\/{rel}","templated":true}]}}