{"id":257305,"date":"2023-10-03T10:58:33","date_gmt":"2023-10-03T15:58:33","guid":{"rendered":"https:\/\/www.medellin.gov.co\/es\/?p=257305"},"modified":"2023-10-03T10:58:33","modified_gmt":"2023-10-03T15:58:33","slug":"con-presupuesto-priorizado-por-los-jovenes-iniciaron-encuentros-por-la-salud-publica-en-todo-el-distrito","status":"publish","type":"post","link":"https:\/\/www.medellin.gov.co\/es\/sala-de-prensa\/noticias\/con-presupuesto-priorizado-por-los-jovenes-iniciaron-encuentros-por-la-salud-publica-en-todo-el-distrito\/","title":{"rendered":"Con presupuesto priorizado por los j\u00f3venes, iniciaron\u00a0 encuentros por la salud p\u00fablica en todo el Distrito"},"content":{"rendered":"<ul>\n<li>Estas iniciativas estimulan la participaci\u00f3n activa de la juventud en la promoci\u00f3n de la salud p\u00fablica y en la reflexi\u00f3n sobre sus determinantes sociales.<\/li>\n<li>Se realizar\u00e1n 10 encuentros en cinco zonas y los cinco corregimientos de Medell\u00edn, con el fin de impactar directamente a, m\u00ednimo, 350 j\u00f3venes.<\/li>\n<li>El proyecto hace parte de las iniciativas priorizadas por el Sistema Distrital de Juventudes, con el 5 % del presupuesto de la Secretar\u00eda de la Juventud.<\/li>\n<\/ul>\n<!--[if lt IE 9]><script>document.createElement('audio');<\/script><![endif]-->\n\t<div class=\"wp-playlist wp-audio-playlist wp-playlist-light\">\n\t\t\t<div class=\"wp-playlist-current-item\"><\/div>\n\t\t<audio controls=\"controls\" preload=\"none\" width=\"640\"\n\t\t\t><\/audio>\n\t<div class=\"wp-playlist-next\"><\/div>\n\t<div class=\"wp-playlist-prev\"><\/div>\n\t<noscript>\n\t<ol>\n\t\t<li><a href='https:\/\/www.medellin.gov.co\/es\/wp-content\/uploads\/2023\/10\/Salud-Publica-Jovenes-01.mp3'>Palabras de Byron Miranda, secretario de la Juventud<\/a><\/li><li><a href='https:\/\/www.medellin.gov.co\/es\/wp-content\/uploads\/2023\/10\/Salud-Publica-Jovenes-02.mp3'>Palabras de Ferney V\u00e1squez, joven participante<\/a><\/li>\t<\/ol>\n\t<\/noscript>\n\t<script type=\"application\/json\" class=\"wp-playlist-script\">{\"type\":\"audio\",\"tracklist\":true,\"tracknumbers\":true,\"images\":true,\"artists\":true,\"tracks\":[{\"src\":\"https:\\\/\\\/www.medellin.gov.co\\\/es\\\/wp-content\\\/uploads\\\/2023\\\/10\\\/Salud-Publica-Jovenes-01.mp3\",\"type\":\"audio\\\/mpeg\",\"title\":\"Palabras de Byron Miranda, secretario de la Juventud\",\"caption\":\"\",\"description\":\"\\u00abPalabras de Byron Miranda, secretario de la Juventud\\u00bb.\",\"meta\":{\"length_formatted\":\"0:40\"},\"image\":{\"src\":\"https:\\\/\\\/www.medellin.gov.co\\\/es\\\/wp-includes\\\/images\\\/media\\\/audio.png\",\"width\":48,\"height\":64},\"thumb\":{\"src\":\"https:\\\/\\\/www.medellin.gov.co\\\/es\\\/wp-includes\\\/images\\\/media\\\/audio.png\",\"width\":48,\"height\":64}},{\"src\":\"https:\\\/\\\/www.medellin.gov.co\\\/es\\\/wp-content\\\/uploads\\\/2023\\\/10\\\/Salud-Publica-Jovenes-02.mp3\",\"type\":\"audio\\\/mpeg\",\"title\":\"Palabras de Ferney V\\u00e1squez, joven participante\",\"caption\":\"\",\"description\":\"\\u00abPalabras de Ferney V\\u00e1squez, joven participante\\u00bb.\",\"meta\":{\"length_formatted\":\"0:51\"},\"image\":{\"src\":\"https:\\\/\\\/www.medellin.gov.co\\\/es\\\/wp-includes\\\/images\\\/media\\\/audio.png\",\"width\":48,\"height\":64},\"thumb\":{\"src\":\"https:\\\/\\\/www.medellin.gov.co\\\/es\\\/wp-includes\\\/images\\\/media\\\/audio.png\",\"width\":48,\"height\":64}}]}<\/script>\n<\/div>\n\t\n<p>El Distrito dio inicio al proyecto denominado Encuentros por la Salud P\u00fablica Juvenil, que reconoce la importancia de la comunicaci\u00f3n efectiva con los j\u00f3venes. De esta manera, Medell\u00edn est\u00e1 comprometida con facilitar espacios de participaci\u00f3n y reflexi\u00f3n en temas de salud p\u00fablica.<\/p>\n<p>El Subsistema de Participaci\u00f3n Juvenil prioriz\u00f3 la salud mental como uno de los pilares para la ejecuci\u00f3n\u00a0 del 5% del presupuesto de la Secretar\u00eda de la Juventud.<\/p>\n<p>Los encuentros iniciaron en la zona 1 (comunas 1-Popular, 2-Santa Cruz, 3-Manrique y 4-Aranjuez) y el corregimiento Santa Elena, y se extender\u00e1n hasta octubre a las dem\u00e1s zonas del Distrito.<\/p>\n<p>\u201c<em>Uno de los hitos m\u00e1s importantes de la Secretar\u00eda de la Juventud, en este cuatrienio, fue la priorizaci\u00f3n del 5 % del presupuesto por parte de las juventudes; producto de ello fue el proyecto Encuentros por la Salud P\u00fablica Juvenil, que ha convocado a los j\u00f3venes para hablar y reflexionar sobre diferentes problem\u00e1ticas y fen\u00f3menos de salud; tambi\u00e9n, para mirar la forma en que se pueden abordar e intervenir<\/em>\u201d, dijo el secretario de la Juventud, Byron Miranda.<\/p>\n<p>Estas acciones refuerzan el compromiso de contar con un di\u00e1logo abierto y constructivo con las juventudes, para fortalecer su incidencia en la promoci\u00f3n de la salud y la reflexi\u00f3n sobre sus determinantes sociales.<\/p>\n<div id=\"attachment_257310\" style=\"width: 1290px\" class=\"wp-caption alignnone\"><a href=\"https:\/\/www.medellin.gov.co\/es\/wp-content\/uploads\/2023\/10\/Salud-Publica-Jovenes-2.jpg\" target=\"_blank\" rel=\"noopener\"><img aria-describedby=\"caption-attachment-257310\" loading=\"lazy\" class=\"wp-image-257310 size-full\" title=\"Con presupuesto priorizado por los j\u00f3venes, iniciaron  encuentros por la salud p\u00fablica en todo el Distrito\" src=\"https:\/\/www.medellin.gov.co\/es\/wp-content\/uploads\/2023\/10\/Salud-Publica-Jovenes-2.jpg\" alt=\"Con presupuesto priorizado por los j\u00f3venes, iniciaron  encuentros por la salud p\u00fablica en todo el Distrito\" width=\"1280\" height=\"961\" srcset=\"https:\/\/www.medellin.gov.co\/es\/wp-content\/uploads\/2023\/10\/Salud-Publica-Jovenes-2.jpg 1280w, https:\/\/www.medellin.gov.co\/es\/wp-content\/uploads\/2023\/10\/Salud-Publica-Jovenes-2-300x225.jpg 300w, https:\/\/www.medellin.gov.co\/es\/wp-content\/uploads\/2023\/10\/Salud-Publica-Jovenes-2-1024x769.jpg 1024w, https:\/\/www.medellin.gov.co\/es\/wp-content\/uploads\/2023\/10\/Salud-Publica-Jovenes-2-150x113.jpg 150w, https:\/\/www.medellin.gov.co\/es\/wp-content\/uploads\/2023\/10\/Salud-Publica-Jovenes-2-768x577.jpg 768w\" sizes=\"(max-width: 1280px) 100vw, 1280px\" \/><\/a><p id=\"caption-attachment-257310\" class=\"wp-caption-text\">Con presupuesto priorizado por los j\u00f3venes, iniciaron encuentros por la salud p\u00fablica en todo el Distrito &#8211; Foto Alcald\u00eda de Medell\u00edn<\/p><\/div>\n<p>A trav\u00e9s de performances y otras actividades l\u00fadicas, con enfoque inclusivo, la Secretar\u00eda de la Juventud promueve la participaci\u00f3n activa de j\u00f3venes, teniendo en cuenta los enfoques diferenciales priorizados por la Pol\u00edtica P\u00fablica de Juventud y la estrategia Sello Joven Diverso. Esto garantiza que la diversidad de voces y perspectivas se refleje en las discusiones sobre la salud p\u00fablica.<\/p>\n<p>Se espera que estas expresiones creativas estimulen conversaciones significativas y contribuyan al fortalecimiento del papel de las juventudes en la toma de decisiones. As\u00ed mismo, se plantea en este componente la generaci\u00f3n de un espacio digital que refleje los resultados del proyecto.<\/p>\n<p>\u201c<em>Fue un momento muy agradable porque podemos conocernos con diferentes expresiones, desde otras comunas y \u00e1reas, donde como j\u00f3venes podemos expresarnos sobre la salud y aprendemos de los dem\u00e1s desde lo que vemos en la realidad de nuestros territorios<\/em>\u201d, se\u00f1al\u00f3 Ferney V\u00e1squez, joven participante de los espacios.<\/p>\n<p>Como resultado de los encuentros, se elaborar\u00e1 un Policy Brief, documento que recoger\u00e1 el an\u00e1lisis de las problem\u00e1ticas encontradas en los espacios e identificadas por los j\u00f3venes, y que ser\u00e1 un insumo t\u00e9cnico para la construcci\u00f3n de pol\u00edticas p\u00fablicas en materia de salud.<\/p>\n<p>Las juventudes pueden participar en los encuentros de sus respectivas comunas mediante inscripci\u00f3n previa en <a href=\"https:\/\/forms.office.com\/r\/CbsCywzB8e\" target=\"_blank\" rel=\"noopener\">https:\/\/forms.office.com\/r\/CbsCywzB8e<\/a>. All\u00ed, se confirmar\u00e1 la fecha y el lugar de los encuentros.<\/p>\n","protected":false},"excerpt":{"rendered":"<p>Estas iniciativas estimulan la participaci\u00f3n activa de la juventud en la promoci\u00f3n de la salud p\u00fablica y en la reflexi\u00f3n sobre sus determinantes sociales. Se realizar\u00e1n 10 encuentros en cinco zonas y los cinco corregimientos &#8230;<\/p>\n","protected":false},"author":21,"featured_media":257307,"comment_status":"open","ping_status":"open","sticky":false,"template":"","format":"standard","meta":[],"categories":[12,18],"tags":[452],"formato_nota":[],"programas_tax":[],"acf":[],"_links":{"self":[{"href":"https:\/\/www.medellin.gov.co\/es\/wp-json\/wp\/v2\/posts\/257305"}],"collection":[{"href":"https:\/\/www.medellin.gov.co\/es\/wp-json\/wp\/v2\/posts"}],"about":[{"href":"https:\/\/www.medellin.gov.co\/es\/wp-json\/wp\/v2\/types\/post"}],"author":[{"embeddable":true,"href":"https:\/\/www.medellin.gov.co\/es\/wp-json\/wp\/v2\/users\/21"}],"replies":[{"embeddable":true,"href":"https:\/\/www.medellin.gov.co\/es\/wp-json\/wp\/v2\/comments?post=257305"}],"version-history":[{"count":1,"href":"https:\/\/www.medellin.gov.co\/es\/wp-json\/wp\/v2\/posts\/257305\/revisions"}],"predecessor-version":[{"id":257314,"href":"https:\/\/www.medellin.gov.co\/es\/wp-json\/wp\/v2\/posts\/257305\/revisions\/257314"}],"wp:featuredmedia":[{"embeddable":true,"href":"https:\/\/www.medellin.gov.co\/es\/wp-json\/wp\/v2\/media\/257307"}],"wp:attachment":[{"href":"https:\/\/www.medellin.gov.co\/es\/wp-json\/wp\/v2\/media?parent=257305"}],"wp:term":[{"taxonomy":"category","embeddable":true,"href":"https:\/\/www.medellin.gov.co\/es\/wp-json\/wp\/v2\/categories?post=257305"},{"taxonomy":"post_tag","embeddable":true,"href":"https:\/\/www.medellin.gov.co\/es\/wp-json\/wp\/v2\/tags?post=257305"},{"taxonomy":"formato_nota","embeddable":true,"href":"https:\/\/www.medellin.gov.co\/es\/wp-json\/wp\/v2\/formato_nota?post=257305"},{"taxonomy":"programas_tax","embeddable":true,"href":"https:\/\/www.medellin.gov.co\/es\/wp-json\/wp\/v2\/programas_tax?post=257305"}],"curies":[{"name":"wp","href":"https:\/\/api.w.org\/{rel}","templated":true}]}}