{"id":257315,"date":"2023-10-03T11:02:24","date_gmt":"2023-10-03T16:02:24","guid":{"rendered":"https:\/\/www.medellin.gov.co\/es\/?p=257315"},"modified":"2023-10-03T11:02:24","modified_gmt":"2023-10-03T16:02:24","slug":"en-medellin-se-realizara-el-primer-congreso-iberoamericano-de-destinos-turisticos-inteligentes","status":"publish","type":"post","link":"https:\/\/www.medellin.gov.co\/es\/sala-de-prensa\/noticias\/en-medellin-se-realizara-el-primer-congreso-iberoamericano-de-destinos-turisticos-inteligentes\/","title":{"rendered":"En Medell\u00edn se realizar\u00e1 el primer Congreso Iberoamericano de Destinos Tur\u00edsticos Inteligentes"},"content":{"rendered":"<ul>\n<li>El evento es organizado y liderado por el Distrito de Medell\u00edn, Plaza Mayor y el Greater Medell\u00edn Convention &amp; Visitors Bureau, en articulaci\u00f3n con SEGITTUR, la sociedad estatal espa\u00f1ola dedicada a la gesti\u00f3n de la innovaci\u00f3n y las tecnolog\u00edas tur\u00edsticas.<\/li>\n<li>La agenda acad\u00e9mica ser\u00e1 dirigida por 19 ponentes de pa\u00edses como Argentina, Brasil, Colombia, El Salvador, Espa\u00f1a y Uruguay.<\/li>\n<li>Medell\u00edn fue la primera ciudad de Colombia y la segunda en Latinoam\u00e9rica en consolidarse como Distinto Tur\u00edstico Inteligente.<\/li>\n<\/ul>\n<!--[if lt IE 9]><script>document.createElement('audio');<\/script><![endif]-->\n\t<div class=\"wp-playlist wp-audio-playlist wp-playlist-light\">\n\t\t\t<div class=\"wp-playlist-current-item\"><\/div>\n\t\t<audio controls=\"controls\" preload=\"none\" width=\"640\"\n\t\t\t><\/audio>\n\t<div class=\"wp-playlist-next\"><\/div>\n\t<div class=\"wp-playlist-prev\"><\/div>\n\t<noscript>\n\t<ol>\n\t\t<li><a href='https:\/\/www.medellin.gov.co\/es\/wp-content\/uploads\/2023\/10\/Destinos-Turisticos-Inteligentes-01.mp3'>Palabras de Mauricio Valencia, secretario de Desarrollo Econ\u00f3mico<\/a><\/li><li><a href='https:\/\/www.medellin.gov.co\/es\/wp-content\/uploads\/2023\/10\/Destinos-Turisticos-Inteligentes-02.mp3'>Palabras de Betina Anzilutti, CEO de Noun Eventos & Capacitaci\u00f3n Ejecutiva de Argentina<\/a><\/li>\t<\/ol>\n\t<\/noscript>\n\t<script type=\"application\/json\" class=\"wp-playlist-script\">{\"type\":\"audio\",\"tracklist\":true,\"tracknumbers\":true,\"images\":true,\"artists\":true,\"tracks\":[{\"src\":\"https:\\\/\\\/www.medellin.gov.co\\\/es\\\/wp-content\\\/uploads\\\/2023\\\/10\\\/Destinos-Turisticos-Inteligentes-01.mp3\",\"type\":\"audio\\\/mpeg\",\"title\":\"Palabras de Mauricio Valencia, secretario de Desarrollo Econ\\u00f3mico\",\"caption\":\"\",\"description\":\"\\u00abDestinos-Turisticos-Inteligentes-01\\u00bb.\",\"meta\":{\"length_formatted\":\"0:48\"},\"image\":{\"src\":\"https:\\\/\\\/www.medellin.gov.co\\\/es\\\/wp-includes\\\/images\\\/media\\\/audio.png\",\"width\":48,\"height\":64},\"thumb\":{\"src\":\"https:\\\/\\\/www.medellin.gov.co\\\/es\\\/wp-includes\\\/images\\\/media\\\/audio.png\",\"width\":48,\"height\":64}},{\"src\":\"https:\\\/\\\/www.medellin.gov.co\\\/es\\\/wp-content\\\/uploads\\\/2023\\\/10\\\/Destinos-Turisticos-Inteligentes-02.mp3\",\"type\":\"audio\\\/mpeg\",\"title\":\"Palabras de Betina Anzilutti, CEO de Noun Eventos & Capacitaci\\u00f3n Ejecutiva de Argentina\",\"caption\":\"\",\"description\":\"\\u00abPalabras de Betina Anzilutti, CEO de Noun Eventos & Capacitaci\\u00f3n Ejecutiva de Argentina\\u00bb.\",\"meta\":{\"length_formatted\":\"0:38\"},\"image\":{\"src\":\"https:\\\/\\\/www.medellin.gov.co\\\/es\\\/wp-includes\\\/images\\\/media\\\/audio.png\",\"width\":48,\"height\":64},\"thumb\":{\"src\":\"https:\\\/\\\/www.medellin.gov.co\\\/es\\\/wp-includes\\\/images\\\/media\\\/audio.png\",\"width\":48,\"height\":64}}]}<\/script>\n<\/div>\n\t\n<p>El Distrito de Medell\u00edn liderar\u00e1 el primer Congreso Iberoamericano de Destinos Tur\u00edsticos Inteligentes, evento que se realizar\u00e1 en Plaza Mayor, el 9, 10 y 11 de octubre. Los asistentes podr\u00e1n acceder a la agenda acad\u00e9mica, zonas de networking y smart talks. Los interesados en asistir pueden encontrar la informaci\u00f3n en la p\u00e1gina web <a href=\"http:\/\/www.congresoiberoamericanodti.com.co\" target=\"_blank\" rel=\"noopener\">www.congresoiberoamericanodti.com.co<\/a>.<\/p>\n<p>\u201c<em>Para Medell\u00edn es un orgullo ser el primer destino tur\u00edstico inteligente de Suram\u00e9rica y el segundo en Am\u00e9rica y ahora vamos a celebrar que tendremos el primer congreso Iberoamericano de Destinos Tur\u00edsticos Inteligentes en Colombia. Esto es fundamental porque Medell\u00edn se vuelve el epicentro de DTI. Vamos a tener ponentes de diferentes partes del mundo, contando diferentes visiones del turismo, haciendo transferencia de conocimiento, contando buenas pr\u00e1cticas, cu\u00e1les tecnolog\u00edas se est\u00e1n apropiando en los diferentes productos tur\u00edsticos, c\u00f3mo se est\u00e1 innovando y c\u00f3mo le estamos apostando a un turismo sostenible, social, econ\u00f3mico y ambiental<\/em>\u201d, expres\u00f3 el secretario de Desarrollo Econ\u00f3mico, Mauricio Valencia.<\/p>\n<p>El congreso contar\u00e1 con cinco ejes tem\u00e1ticos: gobernanza, tecnolog\u00eda, sostenibilidad, innovaci\u00f3n y accesibilidad. En el eje de gobernanza, se abordar\u00e1 la importancia de la cooperaci\u00f3n entre los sectores p\u00fablicos y privados para garantizar una gesti\u00f3n eficiente, transparente y participativa. En tecnolog\u00eda, se analizar\u00e1n las nuevas tecnolog\u00edas aplicadas a la gesti\u00f3n y optimizaci\u00f3n de los destinos tur\u00edsticos.<\/p>\n<p>El eje de sostenibilidad se enfocar\u00e1 en la gesti\u00f3n de recursos para asegurar la sostenibilidad, tanto sociocultural, como econ\u00f3mica y medioambiental. En cuanto al eje de innovaci\u00f3n, los temas abordados se enfocar\u00e1n en la aplicaci\u00f3n de la innovaci\u00f3n en procesos, sistemas, recursos y productos tur\u00edsticos. Por \u00faltimo, el eje de accesibilidad examinar\u00e1 la implementaci\u00f3n de pol\u00edticas de accesibilidad universal en productos, servicios y recursos tur\u00edsticos.<\/p>\n<div id=\"attachment_257317\" style=\"width: 1290px\" class=\"wp-caption alignnone\"><a href=\"https:\/\/www.medellin.gov.co\/es\/wp-content\/uploads\/2023\/10\/Destinos-Turisticos-Inteligentes-2.jpg\" target=\"_blank\" rel=\"noopener\"><img aria-describedby=\"caption-attachment-257317\" loading=\"lazy\" class=\"wp-image-257317 size-full\" title=\"En Medell\u00edn se realizar\u00e1 el primer Congreso Iberoamericano de Destinos Tur\u00edsticos Inteligentes\" src=\"https:\/\/www.medellin.gov.co\/es\/wp-content\/uploads\/2023\/10\/Destinos-Turisticos-Inteligentes-2.jpg\" alt=\"En Medell\u00edn se realizar\u00e1 el primer Congreso Iberoamericano de Destinos Tur\u00edsticos Inteligentes\" width=\"1280\" height=\"853\" srcset=\"https:\/\/www.medellin.gov.co\/es\/wp-content\/uploads\/2023\/10\/Destinos-Turisticos-Inteligentes-2.jpg 1280w, https:\/\/www.medellin.gov.co\/es\/wp-content\/uploads\/2023\/10\/Destinos-Turisticos-Inteligentes-2-300x200.jpg 300w, https:\/\/www.medellin.gov.co\/es\/wp-content\/uploads\/2023\/10\/Destinos-Turisticos-Inteligentes-2-1024x682.jpg 1024w, https:\/\/www.medellin.gov.co\/es\/wp-content\/uploads\/2023\/10\/Destinos-Turisticos-Inteligentes-2-150x100.jpg 150w, https:\/\/www.medellin.gov.co\/es\/wp-content\/uploads\/2023\/10\/Destinos-Turisticos-Inteligentes-2-768x512.jpg 768w\" sizes=\"(max-width: 1280px) 100vw, 1280px\" \/><\/a><p id=\"caption-attachment-257317\" class=\"wp-caption-text\">En Medell\u00edn se realizar\u00e1 el primer Congreso Iberoamericano de Destinos Tur\u00edsticos Inteligentes &#8211; Foto Alcald\u00eda de Medell\u00edn<\/p><\/div>\n<p>La agenda acad\u00e9mica estar\u00e1 dirigida por 19 ponentes de pa\u00edses como Argentina, Brasil, Colombia, El Salvador, Espa\u00f1a y Uruguay. Entre ellos est\u00e1 la directora regional de Microsoft en Colombia, Cinthya S\u00e1nchez; el gerente de Latam PriceLabs y experto en Revenue Management, Daniel Zammata; la especialista en turismo del Banco Interamericano de Desarrollo, Juliana Bettini; y el viceministro de Turismo del Ministerio de Comercio, Industria y Turismo de Colombia, Arturo Bravo.<\/p>\n<p>\u201c<em>Los espero en Medell\u00edn para celebrar juntos el primer Congreso Iberoamericano de Destinos Tur\u00edsticos Inteligentes \u00bfSaben que somos 85 millones de latinoamericanos los portadores de discapacidad? Conmigo vamos a aprender c\u00f3mo tratar a un turista con discapacidad para hacer de su experiencia algo accesible e inclusivo<\/em>\u201d, indic\u00f3 Betina Anzilutti, CEO de Noun Eventos &amp; Capacitaci\u00f3n Ejecutiva de Argentina.<\/p>\n<p>En el congreso sesionar\u00e1 la Comisi\u00f3n Plenaria de la Red Iberoamericana de Destinos Tur\u00edsticos Inteligentes, de la cual Medell\u00edn asumi\u00f3 la presidencia este a\u00f1o y que es un espacio de relacionamiento de los miembros titulares, observadores y colaboradores para planear estrategias para el sostenimiento de la red y crear un plan de acci\u00f3n para lo que resta del a\u00f1o.<\/p>\n<p>Adem\u00e1s, se har\u00e1 la tercera edici\u00f3n de los Premios Medell\u00edn Destino Tur\u00edstico Inteligente, creados para reconocer las iniciativas y buenas pr\u00e1cticas del sector tur\u00edstico que aportan a su desarrollo y crecimiento, y que tuvo la postulaci\u00f3n de m\u00e1s de 50 empresas. Tambi\u00e9n, se exaltar\u00e1 a los ganadores del programa de est\u00edmulos 2023.<\/p>\n<p>A la fecha hay m\u00e1s de 176 ciudades que est\u00e1n en el proceso de Destinos Tur\u00edsticos Inteligentes. \u00danicamente siete est\u00e1n certificadas, entre ellas Medell\u00edn y Bogot\u00e1, por Colombia; Tequila, por M\u00e9xico; y Benidorm, Gij\u00f3n, M\u00e1laga, Isla de Tenerife y Santander, por Espa\u00f1a.<\/p>\n","protected":false},"excerpt":{"rendered":"<p>El evento es organizado y liderado por el Distrito de Medell\u00edn, Plaza Mayor y el Greater Medell\u00edn Convention &amp; Visitors Bureau, en articulaci\u00f3n con SEGITTUR, la sociedad estatal espa\u00f1ola dedicada a la gesti\u00f3n de la &#8230;<\/p>\n","protected":false},"author":21,"featured_media":257323,"comment_status":"open","ping_status":"open","sticky":false,"template":"","format":"standard","meta":[],"categories":[3],"tags":[430],"formato_nota":[],"programas_tax":[],"acf":[],"_links":{"self":[{"href":"https:\/\/www.medellin.gov.co\/es\/wp-json\/wp\/v2\/posts\/257315"}],"collection":[{"href":"https:\/\/www.medellin.gov.co\/es\/wp-json\/wp\/v2\/posts"}],"about":[{"href":"https:\/\/www.medellin.gov.co\/es\/wp-json\/wp\/v2\/types\/post"}],"author":[{"embeddable":true,"href":"https:\/\/www.medellin.gov.co\/es\/wp-json\/wp\/v2\/users\/21"}],"replies":[{"embeddable":true,"href":"https:\/\/www.medellin.gov.co\/es\/wp-json\/wp\/v2\/comments?post=257315"}],"version-history":[{"count":1,"href":"https:\/\/www.medellin.gov.co\/es\/wp-json\/wp\/v2\/posts\/257315\/revisions"}],"predecessor-version":[{"id":257329,"href":"https:\/\/www.medellin.gov.co\/es\/wp-json\/wp\/v2\/posts\/257315\/revisions\/257329"}],"wp:featuredmedia":[{"embeddable":true,"href":"https:\/\/www.medellin.gov.co\/es\/wp-json\/wp\/v2\/media\/257323"}],"wp:attachment":[{"href":"https:\/\/www.medellin.gov.co\/es\/wp-json\/wp\/v2\/media?parent=257315"}],"wp:term":[{"taxonomy":"category","embeddable":true,"href":"https:\/\/www.medellin.gov.co\/es\/wp-json\/wp\/v2\/categories?post=257315"},{"taxonomy":"post_tag","embeddable":true,"href":"https:\/\/www.medellin.gov.co\/es\/wp-json\/wp\/v2\/tags?post=257315"},{"taxonomy":"formato_nota","embeddable":true,"href":"https:\/\/www.medellin.gov.co\/es\/wp-json\/wp\/v2\/formato_nota?post=257315"},{"taxonomy":"programas_tax","embeddable":true,"href":"https:\/\/www.medellin.gov.co\/es\/wp-json\/wp\/v2\/programas_tax?post=257315"}],"curies":[{"name":"wp","href":"https:\/\/api.w.org\/{rel}","templated":true}]}}