{"id":257479,"date":"2023-10-03T14:21:01","date_gmt":"2023-10-03T19:21:01","guid":{"rendered":"https:\/\/www.medellin.gov.co\/es\/?p=257479"},"modified":"2023-10-03T14:21:01","modified_gmt":"2023-10-03T19:21:01","slug":"con-acompanamiento-psicosocial-en-medellin-se-fomenta-la-construccion-de-paz-en-familias-con-situacion-carcelaria","status":"publish","type":"post","link":"https:\/\/www.medellin.gov.co\/es\/sala-de-prensa\/noticias\/con-acompanamiento-psicosocial-en-medellin-se-fomenta-la-construccion-de-paz-en-familias-con-situacion-carcelaria\/","title":{"rendered":"Con acompa\u00f1amiento psicosocial, en Medell\u00edn se fomenta la construcci\u00f3n de paz en familias con situaci\u00f3n carcelaria"},"content":{"rendered":"<blockquote><p><em>El Distrito de Medell\u00edn <\/em><em>realiza acompa\u00f1amiento pedag\u00f3gico en temas de paz y reconciliaci\u00f3n a familias con realidad carcelaria y formaci\u00f3n en habilidades para la vida, con el prop\u00f3sito de fortalecer capacidades y contribuir en el desarrollo de nuevas formas de vivir, manejo de emociones y tramitar situaciones de conflicto en poblaci\u00f3n que desea reintegrarse a la sociedad.<\/em><\/p><\/blockquote>\n<p>La <a href=\"https:\/\/www.medellin.gov.co\/es\/secretaria-de-la-no-violencia\/\" target=\"_blank\" rel=\"noopener\">Secretar\u00eda de la No-Violencia de Medell\u00edn<\/a>, desde el componente de c\u00e1rceles realiza talleres en temas de paz y reconciliaci\u00f3n a familiares de personas privadas de la libertad (PPL), lo cual ha permitido impactarlas directa o indirectamente, para superar las barreras de estigmatizaci\u00f3n, acoso y maltratado que afectan su desarrollo econ\u00f3mico.<\/p>\n<p><a href=\"https:\/\/www.medellin.gov.co\/es\/wp-content\/uploads\/2023\/10\/Paz_familias_situacion_carcelaria_2.jpg\" target=\"_blank\" rel=\"noopener\"><img loading=\"lazy\" class=\"alignnone wp-image-257484 size-large\" src=\"https:\/\/www.medellin.gov.co\/es\/wp-content\/uploads\/2023\/10\/Paz_familias_situacion_carcelaria_2-1024x684.jpg\" alt=\"\" width=\"1024\" height=\"684\" srcset=\"https:\/\/www.medellin.gov.co\/es\/wp-content\/uploads\/2023\/10\/Paz_familias_situacion_carcelaria_2-1024x684.jpg 1024w, https:\/\/www.medellin.gov.co\/es\/wp-content\/uploads\/2023\/10\/Paz_familias_situacion_carcelaria_2-300x200.jpg 300w, https:\/\/www.medellin.gov.co\/es\/wp-content\/uploads\/2023\/10\/Paz_familias_situacion_carcelaria_2-150x100.jpg 150w, https:\/\/www.medellin.gov.co\/es\/wp-content\/uploads\/2023\/10\/Paz_familias_situacion_carcelaria_2-768x513.jpg 768w, https:\/\/www.medellin.gov.co\/es\/wp-content\/uploads\/2023\/10\/Paz_familias_situacion_carcelaria_2.jpg 1280w\" sizes=\"(max-width: 1024px) 100vw, 1024px\" \/><\/a><\/p>\n<p>Por eso, desde el proyecto de intervenci\u00f3n social en c\u00e1rceles se cuenta con profesionales psicosociales que realizan un trabajo de tipo social y de acompa\u00f1amiento en la identificaci\u00f3n de las clases de violencia y su efecto en el \u00e1mbito social y psicol\u00f3gico de estas familias y de quienes permanecen en las c\u00e1rceles.<\/p>\n<p><a href=\"https:\/\/www.medellin.gov.co\/es\/wp-content\/uploads\/2023\/10\/Paz_familias_situacion_carcelaria_3.jpg\" target=\"_blank\" rel=\"noopener\"><img loading=\"lazy\" class=\"alignnone wp-image-257483 size-full\" src=\"https:\/\/www.medellin.gov.co\/es\/wp-content\/uploads\/2023\/10\/Paz_familias_situacion_carcelaria_3.jpg\" alt=\"\" width=\"777\" height=\"519\" srcset=\"https:\/\/www.medellin.gov.co\/es\/wp-content\/uploads\/2023\/10\/Paz_familias_situacion_carcelaria_3.jpg 777w, https:\/\/www.medellin.gov.co\/es\/wp-content\/uploads\/2023\/10\/Paz_familias_situacion_carcelaria_3-300x200.jpg 300w, https:\/\/www.medellin.gov.co\/es\/wp-content\/uploads\/2023\/10\/Paz_familias_situacion_carcelaria_3-150x100.jpg 150w, https:\/\/www.medellin.gov.co\/es\/wp-content\/uploads\/2023\/10\/Paz_familias_situacion_carcelaria_3-768x513.jpg 768w\" sizes=\"(max-width: 777px) 100vw, 777px\" \/><\/a><\/p>\n<p>Estas intervenciones o espacios se ofrecen dos veces al mes y diversifican sus tem\u00e1ticas, con el objetivo de fomentar y propiciar la construcci\u00f3n de paz, la no estigmatizaci\u00f3n, la reconciliaci\u00f3n y la no repetici\u00f3n, no solo entre sus participantes, sino tambi\u00e9n con sus familiares en las instituciones carcelarias.<\/p>\n<p><strong>Salir adelante es el objetivo<\/strong><\/p>\n<p>\u201c<em>Al compartir en estos grupos con personas que tienen pr\u00e1cticamente el mismo objetivo de salir adelante y ayudar a los que est\u00e1n privados de la libertad, me siento hoy totalmente mejorada<\/em>\u201d, afirma Cecilia Guti\u00e9rrez, participante de esta estrategia.<\/p>\n<p><a href=\"https:\/\/www.medellin.gov.co\/es\/wp-content\/uploads\/2023\/10\/Paz_familias_situacion_carcelaria_4.jpg\" target=\"_blank\" rel=\"noopener\"><img loading=\"lazy\" class=\"alignnone wp-image-257481 size-large\" src=\"https:\/\/www.medellin.gov.co\/es\/wp-content\/uploads\/2023\/10\/Paz_familias_situacion_carcelaria_4-1024x684.jpg\" alt=\"\" width=\"1024\" height=\"684\" srcset=\"https:\/\/www.medellin.gov.co\/es\/wp-content\/uploads\/2023\/10\/Paz_familias_situacion_carcelaria_4-1024x684.jpg 1024w, https:\/\/www.medellin.gov.co\/es\/wp-content\/uploads\/2023\/10\/Paz_familias_situacion_carcelaria_4-300x200.jpg 300w, https:\/\/www.medellin.gov.co\/es\/wp-content\/uploads\/2023\/10\/Paz_familias_situacion_carcelaria_4-150x100.jpg 150w, https:\/\/www.medellin.gov.co\/es\/wp-content\/uploads\/2023\/10\/Paz_familias_situacion_carcelaria_4-768x513.jpg 768w, https:\/\/www.medellin.gov.co\/es\/wp-content\/uploads\/2023\/10\/Paz_familias_situacion_carcelaria_4.jpg 1280w\" sizes=\"(max-width: 1024px) 100vw, 1024px\" \/><\/a><\/p>\n<p>Cada taller aporta material para la pedagog\u00eda que se desarrolla al interior de las c\u00e1rceles y brinda un valor significativo y sentimental para las personas privadas de la libertad, ya que reconocen los mensajes que escriben sus familiares y sus perspectivas frente a las violencias, adem\u00e1s de sus aportes para la construcci\u00f3n de paz.<\/p>\n<p>Abordar los tipos de violencia, su impacto y socializarlas ante la sociedad, es un compromiso comunitario e institucional que concientiza y brinda formaci\u00f3n sobre la defensa de derechos y promueve cambio social hacia la construcci\u00f3n de un futuro m\u00e1s emp\u00e1tico y justo para todos.<\/p>\n","protected":false},"excerpt":{"rendered":"<p>El Distrito de Medell\u00edn realiza acompa\u00f1amiento pedag\u00f3gico en temas de paz y reconciliaci\u00f3n a familias con realidad carcelaria y formaci\u00f3n en habilidades para la vida, con el prop\u00f3sito de fortalecer capacidades y contribuir en el &#8230;<\/p>\n","protected":false},"author":17,"featured_media":257486,"comment_status":"open","ping_status":"open","sticky":false,"template":"","format":"standard","meta":[],"categories":[20],"tags":[428],"formato_nota":[],"programas_tax":[],"acf":[],"_links":{"self":[{"href":"https:\/\/www.medellin.gov.co\/es\/wp-json\/wp\/v2\/posts\/257479"}],"collection":[{"href":"https:\/\/www.medellin.gov.co\/es\/wp-json\/wp\/v2\/posts"}],"about":[{"href":"https:\/\/www.medellin.gov.co\/es\/wp-json\/wp\/v2\/types\/post"}],"author":[{"embeddable":true,"href":"https:\/\/www.medellin.gov.co\/es\/wp-json\/wp\/v2\/users\/17"}],"replies":[{"embeddable":true,"href":"https:\/\/www.medellin.gov.co\/es\/wp-json\/wp\/v2\/comments?post=257479"}],"version-history":[{"count":1,"href":"https:\/\/www.medellin.gov.co\/es\/wp-json\/wp\/v2\/posts\/257479\/revisions"}],"predecessor-version":[{"id":257487,"href":"https:\/\/www.medellin.gov.co\/es\/wp-json\/wp\/v2\/posts\/257479\/revisions\/257487"}],"wp:featuredmedia":[{"embeddable":true,"href":"https:\/\/www.medellin.gov.co\/es\/wp-json\/wp\/v2\/media\/257486"}],"wp:attachment":[{"href":"https:\/\/www.medellin.gov.co\/es\/wp-json\/wp\/v2\/media?parent=257479"}],"wp:term":[{"taxonomy":"category","embeddable":true,"href":"https:\/\/www.medellin.gov.co\/es\/wp-json\/wp\/v2\/categories?post=257479"},{"taxonomy":"post_tag","embeddable":true,"href":"https:\/\/www.medellin.gov.co\/es\/wp-json\/wp\/v2\/tags?post=257479"},{"taxonomy":"formato_nota","embeddable":true,"href":"https:\/\/www.medellin.gov.co\/es\/wp-json\/wp\/v2\/formato_nota?post=257479"},{"taxonomy":"programas_tax","embeddable":true,"href":"https:\/\/www.medellin.gov.co\/es\/wp-json\/wp\/v2\/programas_tax?post=257479"}],"curies":[{"name":"wp","href":"https:\/\/api.w.org\/{rel}","templated":true}]}}