{"id":257562,"date":"2023-10-03T16:53:47","date_gmt":"2023-10-03T21:53:47","guid":{"rendered":"https:\/\/www.medellin.gov.co\/es\/?p=257562"},"modified":"2023-10-03T16:53:47","modified_gmt":"2023-10-03T21:53:47","slug":"grupo-especial-articulado-de-policia-y-fiscalia-logro-reducir-casos-de-hurto-en-14-en-los-ultimos-40-dias","status":"publish","type":"post","link":"https:\/\/www.medellin.gov.co\/es\/sala-de-prensa\/noticias\/grupo-especial-articulado-de-policia-y-fiscalia-logro-reducir-casos-de-hurto-en-14-en-los-ultimos-40-dias\/","title":{"rendered":"Grupo especial articulado de Polic\u00eda y Fiscal\u00eda logr\u00f3 reducir casos de hurto en 14 % en los \u00faltimos 40 d\u00edas"},"content":{"rendered":"<ul>\n<li>Como parte del Plan de Choque 360\u00b0 se cre\u00f3 el grupo, que con herramientas tecnol\u00f3gicas del Distrito de Medell\u00edn logra los primeros resultados.<\/li>\n<li>El primer balance advierte un quiebre en la tendencia de hurtos a personas, que comparativamente ha bajado en 543 casos.<\/li>\n<li>Se logr\u00f3 la captura de un presunto delincuente conocido con el alias de \u2018Juanda\u2019, se\u00f1alado de hurtos sistem\u00e1ticos de relojes, joyas y celulares.<\/li>\n<\/ul>\n<!--[if lt IE 9]><script>document.createElement('audio');<\/script><![endif]-->\n\t<div class=\"wp-playlist wp-audio-playlist wp-playlist-light\">\n\t\t\t<div class=\"wp-playlist-current-item\"><\/div>\n\t\t<audio controls=\"controls\" preload=\"none\" width=\"640\"\n\t\t\t><\/audio>\n\t<div class=\"wp-playlist-next\"><\/div>\n\t<div class=\"wp-playlist-prev\"><\/div>\n\t<noscript>\n\t<ol>\n\t\t<li><a href='https:\/\/www.medellin.gov.co\/es\/wp-content\/uploads\/2023\/10\/Reduccion-Hurtos-01.mp3'>Palabras de BG. Jos\u00e9 Gerardo Acevedo Ossa, secretario de Seguridad y Convivencia<\/a><\/li>\t<\/ol>\n\t<\/noscript>\n\t<script type=\"application\/json\" class=\"wp-playlist-script\">{\"type\":\"audio\",\"tracklist\":true,\"tracknumbers\":true,\"images\":true,\"artists\":true,\"tracks\":[{\"src\":\"https:\\\/\\\/www.medellin.gov.co\\\/es\\\/wp-content\\\/uploads\\\/2023\\\/10\\\/Reduccion-Hurtos-01.mp3\",\"type\":\"audio\\\/mpeg\",\"title\":\"Palabras de BG. Jos\\u00e9 Gerardo Acevedo Ossa, secretario de Seguridad y Convivencia\",\"caption\":\"\",\"description\":\"\\u00abPalabras de BG. Jos\\u00e9 Gerardo Acevedo Ossa, secretario de Seguridad y Convivencia\\u00bb.\",\"meta\":{\"length_formatted\":\"1:36\"},\"image\":{\"src\":\"https:\\\/\\\/www.medellin.gov.co\\\/es\\\/wp-includes\\\/images\\\/media\\\/audio.png\",\"width\":48,\"height\":64},\"thumb\":{\"src\":\"https:\\\/\\\/www.medellin.gov.co\\\/es\\\/wp-includes\\\/images\\\/media\\\/audio.png\",\"width\":48,\"height\":64}}]}<\/script>\n<\/div>\n\t\n<p>En los primeros 40 d\u00edas de acciones estrat\u00e9gicas, articuladas entre la Polic\u00eda Metropolitana, la Fiscal\u00eda y el Sistema Integrado de Emergencias y Seguridad de Medell\u00edn (SIESM) y en el marco del Plan de Choque 360\u00b0, se revelaron los primeros resultados en la ciudad contra el hurto en todas las modalidades, en particular contra el hurto a personas, que se redujo en 14 %. Son en total 543 casos menos comparado con el periodo inmediatamente anterior.<\/p>\n<p>Para lograr estos resultados se conform\u00f3 un grupo especial estrat\u00e9gico de investigaci\u00f3n, seguimiento, disuasi\u00f3n y reacci\u00f3n de la Polic\u00eda Metropolitana, la Fiscal\u00eda y los sistemas de video vigilancia del Distrito, que ya cuenta con 3.262 c\u00e1maras en las 16 comunas y los cinco corregimientos.<\/p>\n<div id=\"attachment_257568\" style=\"width: 1290px\" class=\"wp-caption alignnone\"><a href=\"https:\/\/www.medellin.gov.co\/es\/wp-content\/uploads\/2023\/10\/Reduccion-Hurtos-2.jpg\" target=\"_blank\" rel=\"noopener\"><img aria-describedby=\"caption-attachment-257568\" loading=\"lazy\" class=\"wp-image-257568 size-full\" title=\"Grupo especial articulado de Polic\u00eda y Fiscal\u00eda logr\u00f3 reducir casos de hurto en 14 % en los \u00faltimos 40 d\u00edas\" src=\"https:\/\/www.medellin.gov.co\/es\/wp-content\/uploads\/2023\/10\/Reduccion-Hurtos-2.jpg\" alt=\"Grupo especial articulado de Polic\u00eda y Fiscal\u00eda logr\u00f3 reducir casos de hurto en 14 % en los \u00faltimos 40 d\u00edas\" width=\"1280\" height=\"725\" srcset=\"https:\/\/www.medellin.gov.co\/es\/wp-content\/uploads\/2023\/10\/Reduccion-Hurtos-2.jpg 1280w, https:\/\/www.medellin.gov.co\/es\/wp-content\/uploads\/2023\/10\/Reduccion-Hurtos-2-300x170.jpg 300w, https:\/\/www.medellin.gov.co\/es\/wp-content\/uploads\/2023\/10\/Reduccion-Hurtos-2-1024x580.jpg 1024w, https:\/\/www.medellin.gov.co\/es\/wp-content\/uploads\/2023\/10\/Reduccion-Hurtos-2-150x85.jpg 150w, https:\/\/www.medellin.gov.co\/es\/wp-content\/uploads\/2023\/10\/Reduccion-Hurtos-2-768x435.jpg 768w\" sizes=\"(max-width: 1280px) 100vw, 1280px\" \/><\/a><p id=\"caption-attachment-257568\" class=\"wp-caption-text\">Grupo especial articulado de Polic\u00eda y Fiscal\u00eda logr\u00f3 reducir casos de hurto en 14 % en los \u00faltimos 40 d\u00edas &#8211; Foto Alcald\u00eda de Medell\u00edn<\/p><\/div>\n<p>\u201c<em>Lo que queremos es seguir generando esas disminuciones e impactando a estos actores delincuenciales que crean esta intranquilidad en algunos sectores de la ciudad. Agradecer a la Polic\u00eda Nacional, a sus investigadores judiciales, a los cuadrantes que est\u00e1n en el territorio, a la Fiscal\u00eda General de la Naci\u00f3n, que ha dispuesto fiscales para el acompa\u00f1amiento y poder generar esas capturas, esos allanamientos y poder acompa\u00f1ar la judicializaci\u00f3n de estos delincuentes<\/em>\u201d, dijo el secretario de Seguridad y Convivencia, BG. Jos\u00e9 Gerardo Acevedo Ossa.<\/p>\n<p>Se destaca la colaboraci\u00f3n de la comunidad, de las redes de participaci\u00f3n ciudadana y del sector privado que brindan informaci\u00f3n a la l\u00ednea de emergencia 123 o por medio del hashtag\u00a0 #PlacaAlterada, que ha sido fundamental para identificar personas o medios utilizados y con esto desestimular el hurto.<\/p>\n<p>En este periodo se quebr\u00f3 la tendencia en hurto de motocicletas en 17 %, de automotores en 30 %, a comercio en 53 % y de celulares en 46 %.<\/p>\n<p>Sobresale la investigaci\u00f3n adelantada por la Sij\u00edn, que logr\u00f3 entregar todos los elementos materiales de prueba y evidencia f\u00edsica para que le fuera expedida una orden de captura a un hombre conocido como \u2018Juanda\u2019, en Villa Hermosa; un buscado \u201cfletero\u201d que, seg\u00fan la investigaci\u00f3n, estaba dedicado al hurto de relojes Rolex y elementos de valor como joyas y celulares, a mano armada, para intimidar a sus v\u00edctimas. Se estableci\u00f3 que usaba motocicletas a las cuales les alteraba las placas con stickers para dificultar la identificaci\u00f3n.<\/p>\n","protected":false},"excerpt":{"rendered":"<p>Como parte del Plan de Choque 360\u00b0 se cre\u00f3 el grupo, que con herramientas tecnol\u00f3gicas del Distrito de Medell\u00edn logra los primeros resultados. El primer balance advierte un quiebre en la tendencia de hurtos a &#8230;<\/p>\n","protected":false},"author":21,"featured_media":257565,"comment_status":"open","ping_status":"open","sticky":false,"template":"","format":"standard","meta":[],"categories":[21],"tags":[619],"formato_nota":[],"programas_tax":[],"acf":[],"_links":{"self":[{"href":"https:\/\/www.medellin.gov.co\/es\/wp-json\/wp\/v2\/posts\/257562"}],"collection":[{"href":"https:\/\/www.medellin.gov.co\/es\/wp-json\/wp\/v2\/posts"}],"about":[{"href":"https:\/\/www.medellin.gov.co\/es\/wp-json\/wp\/v2\/types\/post"}],"author":[{"embeddable":true,"href":"https:\/\/www.medellin.gov.co\/es\/wp-json\/wp\/v2\/users\/21"}],"replies":[{"embeddable":true,"href":"https:\/\/www.medellin.gov.co\/es\/wp-json\/wp\/v2\/comments?post=257562"}],"version-history":[{"count":1,"href":"https:\/\/www.medellin.gov.co\/es\/wp-json\/wp\/v2\/posts\/257562\/revisions"}],"predecessor-version":[{"id":257571,"href":"https:\/\/www.medellin.gov.co\/es\/wp-json\/wp\/v2\/posts\/257562\/revisions\/257571"}],"wp:featuredmedia":[{"embeddable":true,"href":"https:\/\/www.medellin.gov.co\/es\/wp-json\/wp\/v2\/media\/257565"}],"wp:attachment":[{"href":"https:\/\/www.medellin.gov.co\/es\/wp-json\/wp\/v2\/media?parent=257562"}],"wp:term":[{"taxonomy":"category","embeddable":true,"href":"https:\/\/www.medellin.gov.co\/es\/wp-json\/wp\/v2\/categories?post=257562"},{"taxonomy":"post_tag","embeddable":true,"href":"https:\/\/www.medellin.gov.co\/es\/wp-json\/wp\/v2\/tags?post=257562"},{"taxonomy":"formato_nota","embeddable":true,"href":"https:\/\/www.medellin.gov.co\/es\/wp-json\/wp\/v2\/formato_nota?post=257562"},{"taxonomy":"programas_tax","embeddable":true,"href":"https:\/\/www.medellin.gov.co\/es\/wp-json\/wp\/v2\/programas_tax?post=257562"}],"curies":[{"name":"wp","href":"https:\/\/api.w.org\/{rel}","templated":true}]}}