{"id":257572,"date":"2023-10-03T16:59:11","date_gmt":"2023-10-03T21:59:11","guid":{"rendered":"https:\/\/www.medellin.gov.co\/es\/?p=257572"},"modified":"2023-10-03T16:59:11","modified_gmt":"2023-10-03T21:59:11","slug":"con-el-fortalecimiento-de-gestores-territoriales-mas-de-112-000-personas-se-han-beneficiado-de-los-centros-integrales-de-familia","status":"publish","type":"post","link":"https:\/\/www.medellin.gov.co\/es\/sala-de-prensa\/noticias\/con-el-fortalecimiento-de-gestores-territoriales-mas-de-112-000-personas-se-han-beneficiado-de-los-centros-integrales-de-familia\/","title":{"rendered":"Con el fortalecimiento de gestores territoriales, m\u00e1s de 112.000 personas se han beneficiado de los Centros Integrales de Familia"},"content":{"rendered":"<ul>\n<li>M\u00e1s de 31.000 personas reciben atenci\u00f3n psicosocial, familiar y grupal. Otras 81.000 tienen acercamiento de oportunidades a trav\u00e9s de las diferentes estrategias.<\/li>\n<li>Ambos servicios se brindan de lunes a viernes, en las 16 comunas y los cinco corregimientos del Distrito.<\/li>\n<li>La Secretar\u00eda de Inclusi\u00f3n Social, Familia y Derechos Humanos cuenta con m\u00e1s de 500 profesionales en trabajo social y psicolog\u00eda.<\/li>\n<\/ul>\n<!--[if lt IE 9]><script>document.createElement('audio');<\/script><![endif]-->\n\t<div class=\"wp-playlist wp-audio-playlist wp-playlist-light\">\n\t\t\t<div class=\"wp-playlist-current-item\"><\/div>\n\t\t<audio controls=\"controls\" preload=\"none\" width=\"640\"\n\t\t\t><\/audio>\n\t<div class=\"wp-playlist-next\"><\/div>\n\t<div class=\"wp-playlist-prev\"><\/div>\n\t<noscript>\n\t<ol>\n\t\t<li><a href='https:\/\/www.medellin.gov.co\/es\/wp-content\/uploads\/2023\/10\/Centros-Integrales-de-Familia-01.mp3'>Palabras de Isabel Cristina Cadavid \u00c1lvarez, secretaria de Inclusi\u00f3n Social, Familia y Derechos Humanos<\/a><\/li><li><a href='https:\/\/www.medellin.gov.co\/es\/wp-content\/uploads\/2023\/10\/Centros-Integrales-de-Familia-02.mp3'>Palabras de Viviana Ram\u00edrez, beneficiaria del Centro Integral de Familia de Bel\u00e9n<\/a><\/li>\t<\/ol>\n\t<\/noscript>\n\t<script type=\"application\/json\" class=\"wp-playlist-script\">{\"type\":\"audio\",\"tracklist\":true,\"tracknumbers\":true,\"images\":true,\"artists\":true,\"tracks\":[{\"src\":\"https:\\\/\\\/www.medellin.gov.co\\\/es\\\/wp-content\\\/uploads\\\/2023\\\/10\\\/Centros-Integrales-de-Familia-01.mp3\",\"type\":\"audio\\\/mpeg\",\"title\":\"Palabras de Isabel Cristina Cadavid \\u00c1lvarez, secretaria de Inclusi\\u00f3n Social, Familia y Derechos Humanos\",\"caption\":\"\",\"description\":\"\\u00abPalabras de Isabel Cristina Cadavid \\u00c1lvarez, secretaria de Inclusi\\u00f3n Social, Familia y Derechos Humanos\\u00bb. \",\"meta\":{\"year\":\"2023\",\"length_formatted\":\"0:53\"},\"image\":{\"src\":\"https:\\\/\\\/www.medellin.gov.co\\\/es\\\/wp-includes\\\/images\\\/media\\\/audio.png\",\"width\":48,\"height\":64},\"thumb\":{\"src\":\"https:\\\/\\\/www.medellin.gov.co\\\/es\\\/wp-includes\\\/images\\\/media\\\/audio.png\",\"width\":48,\"height\":64}},{\"src\":\"https:\\\/\\\/www.medellin.gov.co\\\/es\\\/wp-content\\\/uploads\\\/2023\\\/10\\\/Centros-Integrales-de-Familia-02.mp3\",\"type\":\"audio\\\/mpeg\",\"title\":\"Palabras de Viviana Ram\\u00edrez, beneficiaria del Centro Integral de Familia de Bel\\u00e9n\",\"caption\":\"\",\"description\":\"\\u00abPalabras de Viviana Ram\\u00edrez, beneficiaria del Centro Integral de Familia de Bel\\u00e9n\\u00bb.\",\"meta\":{\"year\":\"2023\",\"length_formatted\":\"0:56\"},\"image\":{\"src\":\"https:\\\/\\\/www.medellin.gov.co\\\/es\\\/wp-includes\\\/images\\\/media\\\/audio.png\",\"width\":48,\"height\":64},\"thumb\":{\"src\":\"https:\\\/\\\/www.medellin.gov.co\\\/es\\\/wp-includes\\\/images\\\/media\\\/audio.png\",\"width\":48,\"height\":64}}]}<\/script>\n<\/div>\n\t\n<p>La Alcald\u00eda de Medell\u00edn, a trav\u00e9s de los Centros Integrales de Familia, ofrece espacios para el reconocimiento y abordaje de problem\u00e1ticas que afectan el bienestar de las personas y las familias del Distrito. Esto ha beneficiado, en lo que va del cuatrienio, a m\u00e1s de 112.000 personas, en pro del mejoramiento de sus condiciones de vida y de las relaciones familiares.<\/p>\n<p>El servicio opera de lunes a viernes, en las 16 comunas y los cinco corregimientos, durante todo el a\u00f1o. All\u00ed, se ofrece acompa\u00f1amiento psicosocial individual, familiar y grupal, y acercamiento de oportunidades asociadas a las nueve dimensiones del desarrollo humano a quienes as\u00ed lo requieran.<\/p>\n<p>\u201c<em>Los Centros Integrales de Familia son espacios creados por el Distrito para el acompa\u00f1amiento a los hogares y sus integrantes. Continuamos generando espacios para las familias con el fin de que el relacionamiento sea m\u00e1s arm\u00f3nico y se presenten menos dificultades; por eso, si conoces a alguien que necesite acompa\u00f1amiento o acercamiento de oportunidades, los invitamos a que se acerquen a los Centros Integrales de Familia que est\u00e1n ubicados en cada una de las comunas y corregimientos de nuestra ciudad<\/em>\u201d, dijo la secretaria de Inclusi\u00f3n Social, Familia y Derechos Humanos, Isabel Cristina Cadavid \u00c1lvarez.<\/p>\n<p>En el a\u00f1o 2022, la Alcald\u00eda de Medell\u00edn implement\u00f3 la estrategia Centros Integrales de Familia itinerantes; cinco espacios descentralizados que permitieron llevar los servicios a puntos estrat\u00e9gicos de la ciudad como la Plaza Minorista Jos\u00e9 Mar\u00eda Villa, la Instituci\u00f3n Educativa H\u00e9ctor Abad G\u00f3mez y la Universidad de Antioquia. All\u00ed, al igual que en los otros espacios, hubo acompa\u00f1amiento individual y familiar, y atenci\u00f3n en crisis. Estas acciones comprenden entre una y ocho sesiones, y en casos especiales hasta 12 sesiones.<\/p>\n<div id=\"attachment_257575\" style=\"width: 1290px\" class=\"wp-caption alignnone\"><a href=\"https:\/\/www.medellin.gov.co\/es\/wp-content\/uploads\/2023\/10\/Centros-Integrales-de-Familia-2.jpg\" target=\"_blank\" rel=\"noopener\"><img aria-describedby=\"caption-attachment-257575\" loading=\"lazy\" class=\"wp-image-257575 size-full\" title=\"Con el fortalecimiento de gestores territoriales, m\u00e1s de 112.000 personas se han beneficiado de los Centros Integrales de Familia\" src=\"https:\/\/www.medellin.gov.co\/es\/wp-content\/uploads\/2023\/10\/Centros-Integrales-de-Familia-2.jpg\" alt=\"Con el fortalecimiento de gestores territoriales, m\u00e1s de 112.000 personas se han beneficiado de los Centros Integrales de Familia\" width=\"1280\" height=\"853\" srcset=\"https:\/\/www.medellin.gov.co\/es\/wp-content\/uploads\/2023\/10\/Centros-Integrales-de-Familia-2.jpg 1280w, https:\/\/www.medellin.gov.co\/es\/wp-content\/uploads\/2023\/10\/Centros-Integrales-de-Familia-2-300x200.jpg 300w, https:\/\/www.medellin.gov.co\/es\/wp-content\/uploads\/2023\/10\/Centros-Integrales-de-Familia-2-1024x682.jpg 1024w, https:\/\/www.medellin.gov.co\/es\/wp-content\/uploads\/2023\/10\/Centros-Integrales-de-Familia-2-150x100.jpg 150w, https:\/\/www.medellin.gov.co\/es\/wp-content\/uploads\/2023\/10\/Centros-Integrales-de-Familia-2-768x512.jpg 768w\" sizes=\"(max-width: 1280px) 100vw, 1280px\" \/><\/a><p id=\"caption-attachment-257575\" class=\"wp-caption-text\">Con el fortalecimiento de gestores territoriales, m\u00e1s de 112.000 personas se han beneficiado de los Centros Integrales de Familia &#8211; Foto Alcald\u00eda de Medell\u00edn<\/p><\/div>\n<p>El equipo de los centros est\u00e1 conformado por un auxiliar administrativo y un profesional en psicolog\u00eda o trabajo social. Las personas s\u00f3lo deber\u00e1n solicitar el acompa\u00f1amiento de manera voluntaria, disponer de tiempo para recibir el servicio, asistir puntualmente a las citas asignadas, cancelar las citas en caso de no poder estar en ellas y seguir las recomendaciones de los profesionales.<\/p>\n<p>En la actualidad, la Secretar\u00eda de Inclusi\u00f3n Social, Familia y Derechos Humanos cuenta con m\u00e1s de 500 profesionales en \u00e1reas de trabajo social y psicolog\u00eda quienes diariamente atienden a la ciudadan\u00eda a trav\u00e9s de los Centros Integrales de Familia o visitan los hogares del Distrito y las instituciones educativas.<\/p>\n<p>\u201c<em>Estamos en un proceso para la aceptaci\u00f3n de la orientaci\u00f3n sexual de mi hija menor. Hemos sentido mucho acompa\u00f1amiento con el psic\u00f3logo. Esto nos llev\u00f3, a nuestro n\u00facleo familiar, a tener m\u00e1s comunicaci\u00f3n, a compartir m\u00e1s, a conocer muchas de las inquietudes que mis hijas pod\u00edan tener con respecto al n\u00facleo familiar, y a poderlas entender en miles de cosas que uno muchas veces, como mam\u00e1, no cree que pueden estar ah\u00ed. Entonces, los invito a todos ustedes a que busquen estos Centros de Integraci\u00f3n Familiar, para que les ayuden y busquen un apoyo que es muy necesario<\/em>\u201d, expres\u00f3 Viviana Ram\u00edrez, beneficiaria del Centro Integral de Familia de Bel\u00e9n.<\/p>\n<p>Las personas que requieran atenci\u00f3n, acompa\u00f1amiento psicosocial o acercamiento de oportunidades, podr\u00e1n consultar en el siguiente enlace el punto m\u00e1s cercano para visitar un Centro Integral de Familia: <a href=\"https:\/\/acortar.link\/SbQ5vk\" target=\"_blank\" rel=\"noopener\">https:\/\/acortar.link\/SbQ5vk<\/a>.<\/p>\n<p>Medell\u00edn est\u00e1 comprometida con las familias. A trav\u00e9s de programas como Volver a Casa se acompa\u00f1\u00f3, en el a\u00f1o 2022, a 2.215 familias; 11.332 personas recibieron acompa\u00f1amiento psicosocial a trav\u00e9s de los 21 Centros Integrales de Familia, 455 personas se formaron en competencias b\u00e1sicas, ciudadanas y laborales en la Escuela para la Inclusi\u00f3n y 27.244 familias recibieron acompa\u00f1amiento familiar.<\/p>\n","protected":false},"excerpt":{"rendered":"<p>M\u00e1s de 31.000 personas reciben atenci\u00f3n psicosocial, familiar y grupal. Otras 81.000 tienen acercamiento de oportunidades a trav\u00e9s de las diferentes estrategias. Ambos servicios se brindan de lunes a viernes, en las 16 comunas y &#8230;<\/p>\n","protected":false},"author":21,"featured_media":257579,"comment_status":"open","ping_status":"open","sticky":false,"template":"","format":"standard","meta":[],"categories":[1],"tags":[451],"formato_nota":[],"programas_tax":[],"acf":[],"_links":{"self":[{"href":"https:\/\/www.medellin.gov.co\/es\/wp-json\/wp\/v2\/posts\/257572"}],"collection":[{"href":"https:\/\/www.medellin.gov.co\/es\/wp-json\/wp\/v2\/posts"}],"about":[{"href":"https:\/\/www.medellin.gov.co\/es\/wp-json\/wp\/v2\/types\/post"}],"author":[{"embeddable":true,"href":"https:\/\/www.medellin.gov.co\/es\/wp-json\/wp\/v2\/users\/21"}],"replies":[{"embeddable":true,"href":"https:\/\/www.medellin.gov.co\/es\/wp-json\/wp\/v2\/comments?post=257572"}],"version-history":[{"count":1,"href":"https:\/\/www.medellin.gov.co\/es\/wp-json\/wp\/v2\/posts\/257572\/revisions"}],"predecessor-version":[{"id":257580,"href":"https:\/\/www.medellin.gov.co\/es\/wp-json\/wp\/v2\/posts\/257572\/revisions\/257580"}],"wp:featuredmedia":[{"embeddable":true,"href":"https:\/\/www.medellin.gov.co\/es\/wp-json\/wp\/v2\/media\/257579"}],"wp:attachment":[{"href":"https:\/\/www.medellin.gov.co\/es\/wp-json\/wp\/v2\/media?parent=257572"}],"wp:term":[{"taxonomy":"category","embeddable":true,"href":"https:\/\/www.medellin.gov.co\/es\/wp-json\/wp\/v2\/categories?post=257572"},{"taxonomy":"post_tag","embeddable":true,"href":"https:\/\/www.medellin.gov.co\/es\/wp-json\/wp\/v2\/tags?post=257572"},{"taxonomy":"formato_nota","embeddable":true,"href":"https:\/\/www.medellin.gov.co\/es\/wp-json\/wp\/v2\/formato_nota?post=257572"},{"taxonomy":"programas_tax","embeddable":true,"href":"https:\/\/www.medellin.gov.co\/es\/wp-json\/wp\/v2\/programas_tax?post=257572"}],"curies":[{"name":"wp","href":"https:\/\/api.w.org\/{rel}","templated":true}]}}