{"id":261194,"date":"2023-10-07T12:40:59","date_gmt":"2023-10-07T17:40:59","guid":{"rendered":"https:\/\/www.medellin.gov.co\/es\/?p=261194"},"modified":"2023-10-07T12:40:59","modified_gmt":"2023-10-07T17:40:59","slug":"casa-r-y-el-edificio-vasquez-recibieron-a-victimas-firmantes-de-paz-y-pospenados-durante-la-semana-de-no-violencia","status":"publish","type":"post","link":"https:\/\/www.medellin.gov.co\/es\/sala-de-prensa\/noticias\/casa-r-y-el-edificio-vasquez-recibieron-a-victimas-firmantes-de-paz-y-pospenados-durante-la-semana-de-no-violencia\/","title":{"rendered":"Casa R y el Edificio V\u00e1squez recibieron a v\u00edctimas, firmantes de paz y pospenados durante la Semana de No-Violencia"},"content":{"rendered":"<ul>\n<li>En los d\u00edas de No-Violencia, Hecho en Paz sum\u00f3 ventas por $580 millones.<\/li>\n<li>Esta agenda de paz consolid\u00f3 estos dos espacios como referentes del arte y la reconciliaci\u00f3n.<\/li>\n<li>Con arte, cultura, juegos, conversatorios, una exposici\u00f3n itinerante, talleres, y teatro para la paz, de forma gratuita, se tejieron escenarios para la memoria y la juntanza desde la palabra.<\/li>\n<\/ul>\n<!--[if lt IE 9]><script>document.createElement('audio');<\/script><![endif]-->\n\t<div class=\"wp-playlist wp-audio-playlist wp-playlist-light\">\n\t\t\t<div class=\"wp-playlist-current-item\"><\/div>\n\t\t<audio controls=\"controls\" preload=\"none\" width=\"640\"\n\t\t\t><\/audio>\n\t<div class=\"wp-playlist-next\"><\/div>\n\t<div class=\"wp-playlist-prev\"><\/div>\n\t<noscript>\n\t<ol>\n\t\t<li><a href='https:\/\/www.medellin.gov.co\/es\/wp-content\/uploads\/2023\/10\/semana-no-violencia.mp3'>Palabras de Cristian Aguirre, secretario de la No-Violencia.<\/a><\/li>\t<\/ol>\n\t<\/noscript>\n\t<script type=\"application\/json\" class=\"wp-playlist-script\">{\"type\":\"audio\",\"tracklist\":true,\"tracknumbers\":true,\"images\":true,\"artists\":true,\"tracks\":[{\"src\":\"https:\\\/\\\/www.medellin.gov.co\\\/es\\\/wp-content\\\/uploads\\\/2023\\\/10\\\/semana-no-violencia.mp3\",\"type\":\"audio\\\/mpeg\",\"title\":\"Palabras de Cristian Aguirre, secretario de la No-Violencia.\",\"caption\":\"\",\"description\":\"Palabras de Cristian Aguirre, secretario de la No-Violencia.\",\"meta\":{\"year\":\"2023\",\"length_formatted\":\"1:25\"},\"image\":{\"src\":\"https:\\\/\\\/www.medellin.gov.co\\\/es\\\/wp-includes\\\/images\\\/media\\\/audio.png\",\"width\":48,\"height\":64},\"thumb\":{\"src\":\"https:\\\/\\\/www.medellin.gov.co\\\/es\\\/wp-includes\\\/images\\\/media\\\/audio.png\",\"width\":48,\"height\":64}}]}<\/script>\n<\/div>\n\t\n<p><span style=\"font-weight: 400;\">Con el lema <\/span><i><span style=\"font-weight: 400;\">\u2018PazAporte\u2019<\/span><\/i><span style=\"font-weight: 400;\"> y una firme convicci\u00f3n frente a la necesidad de posibilitar el fortalecimiento organizativo en los\u00a0 territorios, las experiencias sociocomunitarias de resistencia pac\u00edfica a las violencias urbanas y rurales desde el arte, la cultura, la memoria y la verdad, el Distrito cerr\u00f3 los d\u00edas de No-Violencia con un taller de Cianotipia, un taller gr\u00e1fico con monotipos denominado <\/span><i><span style=\"font-weight: 400;\">\u201cCriaturas Caseras\u201d<\/span><\/i><span style=\"font-weight: 400;\"> y una presentaci\u00f3n art\u00edstica de ni\u00f1os y ni\u00f1as de las Escuelas de la No-Violencia del barrio Granizal y Mar\u00eda Cano, Carambolas.<\/span><\/p>\n<p><span style=\"font-weight: 400;\">Por tercer a\u00f1o consecutivo, la Secretar\u00eda de la No-Violencia celebr\u00f3 una de sus fechas emblem\u00e1ticas fundada en el activismo pac\u00edfico por los derechos civiles y la desobediencia civil no violenta como un legado de Mahatma Ghandi, como un elemento importante para la construcci\u00f3n de paz en respuesta a la historia de conflicto que ha tenido el pa\u00eds y la ciudad.<\/span><\/p>\n<p><i><span style=\"font-weight: 400;\">\u201cComo secretar\u00eda estamos felices de la participaci\u00f3n que hemos tenido por parte de la ciudadan\u00eda en las actividades de la Semana de la No-Violencia. Durante 6 d\u00edas tuvimos una agenda para la paz con el prop\u00f3sito de seguir trabajando por consolidar a Medell\u00edn como una ciudad que le apuesta al fortalecimiento organizativo en sus territorios\u201d<\/span><\/i><span style=\"font-weight: 400;\">,\u00a0 dijo el secretario de la No-Violencia, Cristian Aguirre.\u00a0<\/span><\/p>\n<p><span style=\"font-weight: 400;\">Adicionalmente, la estrategia de Hecho en Paz, que involucra a firmantes de paz, v\u00edctimas del conflicto, poblaci\u00f3n pospenada, adolescentes y j\u00f3venes en riesgo, permiti\u00f3 que impulsaran sus ingresos econ\u00f3micos, hicieran visibles sus iniciativas de negocio y vendieran sus productos. Durante estos seis d\u00edas, esta estrategia de autonom\u00eda econ\u00f3mica alcanz\u00f3 ventas por $6.5 millones, lo que aport\u00f3 a una cifra hist\u00f3rica en el cuatrienio de $580 millones en ventas y a la participaci\u00f3n en 33 ferias de emprendimiento.<\/span><\/p>\n<div id=\"attachment_261202\" style=\"width: 1210px\" class=\"wp-caption alignnone\"><img aria-describedby=\"caption-attachment-261202\" loading=\"lazy\" class=\"wp-image-261202 size-full\" title=\"Cierre y balance de Semana de la No-Violencia\" src=\"https:\/\/www.medellin.gov.co\/es\/wp-content\/uploads\/2023\/10\/semana-no-violencia-2.jpg\" alt=\"Cierre y balance de Semana de la No-Violencia\" width=\"1200\" height=\"901\" srcset=\"https:\/\/www.medellin.gov.co\/es\/wp-content\/uploads\/2023\/10\/semana-no-violencia-2.jpg 1200w, https:\/\/www.medellin.gov.co\/es\/wp-content\/uploads\/2023\/10\/semana-no-violencia-2-300x225.jpg 300w, https:\/\/www.medellin.gov.co\/es\/wp-content\/uploads\/2023\/10\/semana-no-violencia-2-1024x769.jpg 1024w, https:\/\/www.medellin.gov.co\/es\/wp-content\/uploads\/2023\/10\/semana-no-violencia-2-150x113.jpg 150w, https:\/\/www.medellin.gov.co\/es\/wp-content\/uploads\/2023\/10\/semana-no-violencia-2-768x577.jpg 768w\" sizes=\"(max-width: 1200px) 100vw, 1200px\" \/><p id=\"caption-attachment-261202\" class=\"wp-caption-text\">Cierre y balance de Semana de la No-Violencia &#8211; Foto: Alcald\u00eda de Medell\u00edn<\/p><\/div>\n<p><i><span style=\"font-weight: 400;\">\u201cEstoy con el emprendimiento de Miel y Caf\u00e9 la Esperanza del municipio de Anor\u00ed, con los productos de miel, caf\u00e9, prop\u00f3leo y otros producto que traemos de v\u00edctimas y firmantes de paz con el programa de Hecho en Paz y celebrando la semana de la No-violencia. Con esto, estamos visibilizando nuestros productos para llevarlos a los hogares de todos los colombianos, apoyen a los grandes emprendedores y el amor que tienen para planear cada actividad\u201d<\/span><\/i><span style=\"font-weight: 400;\">, dijo la emprendedora de Hecho en Paz, Alba Rosa Areiza.<\/span><\/p>\n<p><span style=\"font-weight: 400;\">Durante esta celebraci\u00f3n se hizo el lanzamiento del Observatorio de Construcci\u00f3n de Paz Territorial, la ceremonia simb\u00f3lica de grados Cepar, se present\u00f3 el Mapa de Iniciativas de Paz en Medell\u00edn, el taller <\/span><i><span style=\"font-weight: 400;\">\u201cNo repita como loro\u201d<\/span><\/i><span style=\"font-weight: 400;\"> para reflexionar sobre la importancia de no propagar chismes o rumores que aumenten la estigmatizaci\u00f3n, se ahond\u00f3 en las perspectivas femeninas en la implementaci\u00f3n del Acuerdo de Paz, se abrieron las puertas del Centro Cultural V\u00e1squez, con el prop\u00f3sito de que la ciudadan\u00eda reflexionara sobre los retos para la construcci\u00f3n de paz en di\u00e1logo con la formulaci\u00f3n de la pol\u00edtica p\u00fablica de paz, la no-violencia, la reconciliaci\u00f3n y la no estigmatizaci\u00f3n de Medell\u00edn.\u00a0<\/span><\/p>\n<p><i><span style=\"font-weight: 400;\">\u201cEsto ha sido un espacio que aprovechamos para que los ni\u00f1os se conozcan entre s\u00ed. Ellos realizan diferentes actividades donde aprenden a hacer obras de teatro, a controlar el manejo de ira y la violencia. Sabemos que los ni\u00f1os pueden estar sometidos en muchos hogares y en los colegios, tambi\u00e9n, se presentan muchas agresiones. Entonces estos espacios, les ayudan a ellos a controlar todo esto y tener una mejor convivencia. Estamos agradecidos con Escuelas de No-Violencia y la Alcald\u00eda, por el apoyo que nos prestan y tiempo que sacan para trabajar con los ni\u00f1os y el amor que tienen para planear cada actividad.\u201d<\/span><\/i><span style=\"font-weight: 400;\">, expres\u00f3 participante de los talleres de Escuelas de No-violencia, Margarita Espinosa<\/span><\/p>\n<p><span style=\"font-weight: 400;\">La Administraci\u00f3n Distrital mantiene su compromiso en la promoci\u00f3n del debate p\u00fablico sobre temas de paz y no-violencia para la reconciliaci\u00f3n y el pensamiento cr\u00edtico, en la manera en c\u00f3mo se gestionan las conflictividades y la necesidad de permitir una infraestructura social en la ciudad que se garantice a lo largo del tiempo.<\/span><\/p>\n","protected":false},"excerpt":{"rendered":"<p>En los d\u00edas de No-Violencia, Hecho en Paz sum\u00f3 ventas por $580 millones. Esta agenda de paz consolid\u00f3 estos dos espacios como referentes del arte y la reconciliaci\u00f3n. Con arte, cultura, juegos, conversatorios, una exposici\u00f3n &#8230;<\/p>\n","protected":false},"author":4,"featured_media":261200,"comment_status":"open","ping_status":"open","sticky":false,"template":"","format":"standard","meta":[],"categories":[20],"tags":[433,443],"formato_nota":[],"programas_tax":[],"acf":[],"_links":{"self":[{"href":"https:\/\/www.medellin.gov.co\/es\/wp-json\/wp\/v2\/posts\/261194"}],"collection":[{"href":"https:\/\/www.medellin.gov.co\/es\/wp-json\/wp\/v2\/posts"}],"about":[{"href":"https:\/\/www.medellin.gov.co\/es\/wp-json\/wp\/v2\/types\/post"}],"author":[{"embeddable":true,"href":"https:\/\/www.medellin.gov.co\/es\/wp-json\/wp\/v2\/users\/4"}],"replies":[{"embeddable":true,"href":"https:\/\/www.medellin.gov.co\/es\/wp-json\/wp\/v2\/comments?post=261194"}],"version-history":[{"count":1,"href":"https:\/\/www.medellin.gov.co\/es\/wp-json\/wp\/v2\/posts\/261194\/revisions"}],"predecessor-version":[{"id":261203,"href":"https:\/\/www.medellin.gov.co\/es\/wp-json\/wp\/v2\/posts\/261194\/revisions\/261203"}],"wp:featuredmedia":[{"embeddable":true,"href":"https:\/\/www.medellin.gov.co\/es\/wp-json\/wp\/v2\/media\/261200"}],"wp:attachment":[{"href":"https:\/\/www.medellin.gov.co\/es\/wp-json\/wp\/v2\/media?parent=261194"}],"wp:term":[{"taxonomy":"category","embeddable":true,"href":"https:\/\/www.medellin.gov.co\/es\/wp-json\/wp\/v2\/categories?post=261194"},{"taxonomy":"post_tag","embeddable":true,"href":"https:\/\/www.medellin.gov.co\/es\/wp-json\/wp\/v2\/tags?post=261194"},{"taxonomy":"formato_nota","embeddable":true,"href":"https:\/\/www.medellin.gov.co\/es\/wp-json\/wp\/v2\/formato_nota?post=261194"},{"taxonomy":"programas_tax","embeddable":true,"href":"https:\/\/www.medellin.gov.co\/es\/wp-json\/wp\/v2\/programas_tax?post=261194"}],"curies":[{"name":"wp","href":"https:\/\/api.w.org\/{rel}","templated":true}]}}