{"id":261234,"date":"2023-10-08T18:40:53","date_gmt":"2023-10-08T23:40:53","guid":{"rendered":"https:\/\/www.medellin.gov.co\/es\/?p=261234"},"modified":"2023-10-08T18:40:53","modified_gmt":"2023-10-08T23:40:53","slug":"el-inder-medellin-reconoce-la-labor-de-los-cuidadores-de-la-estrategia-sin-limites","status":"publish","type":"post","link":"https:\/\/www.medellin.gov.co\/es\/sala-de-prensa\/noticias\/el-inder-medellin-reconoce-la-labor-de-los-cuidadores-de-la-estrategia-sin-limites\/","title":{"rendered":"El INDER Medell\u00edn reconoce la labor de los cuidadores de la estrategia Sin L\u00edmites"},"content":{"rendered":"<ul>\n<li>160 personas participaron en la primera edici\u00f3n del Festival de Cuidadores de la estrategia Sin L\u00edmites.<\/li>\n<li>295 de los 568 cuidadores son usuarios activos e inscritos que participan en la oferta del INDER.<\/li>\n<\/ul>\n<!--[if lt IE 9]><script>document.createElement('audio');<\/script><![endif]-->\n\t<div class=\"wp-playlist wp-audio-playlist wp-playlist-light\">\n\t\t\t<div class=\"wp-playlist-current-item\"><\/div>\n\t\t<audio controls=\"controls\" preload=\"none\" width=\"640\"\n\t\t\t><\/audio>\n\t<div class=\"wp-playlist-next\"><\/div>\n\t<div class=\"wp-playlist-prev\"><\/div>\n\t<noscript>\n\t<ol>\n\t\t<li><a href='https:\/\/www.medellin.gov.co\/es\/wp-content\/uploads\/2023\/10\/festival-de-cuidadores.mp3'>Palabras de Maryori Londo\u00f1o, directora del Inder.<\/a><\/li>\t<\/ol>\n\t<\/noscript>\n\t<script type=\"application\/json\" class=\"wp-playlist-script\">{\"type\":\"audio\",\"tracklist\":true,\"tracknumbers\":true,\"images\":true,\"artists\":true,\"tracks\":[{\"src\":\"https:\\\/\\\/www.medellin.gov.co\\\/es\\\/wp-content\\\/uploads\\\/2023\\\/10\\\/festival-de-cuidadores.mp3\",\"type\":\"audio\\\/mpeg\",\"title\":\"Palabras de Maryori Londo\\u00f1o, directora del Inder.\",\"caption\":\"\",\"description\":\"Palabras de Maryori Londo\\u00f1o, directora del Inder. \",\"meta\":{\"length_formatted\":\"1:06\"},\"image\":{\"src\":\"https:\\\/\\\/www.medellin.gov.co\\\/es\\\/wp-includes\\\/images\\\/media\\\/audio.png\",\"width\":48,\"height\":64},\"thumb\":{\"src\":\"https:\\\/\\\/www.medellin.gov.co\\\/es\\\/wp-includes\\\/images\\\/media\\\/audio.png\",\"width\":48,\"height\":64}}]}<\/script>\n<\/div>\n\t\n<p><span style=\"font-weight: 400;\">Medell\u00edn garantiza el bienestar f\u00edsico de los distintos p\u00fablicos dentro de las estrategias que ofrece el INDER; por este motivo, se realiz\u00f3 por primera vez el Festival de Cuidadores de la estrategia Sin L\u00edmites, la cual se encarga de las iniciativas deportivas y recreativas para las personas con discapacidad.<\/span><\/p>\n<p><span style=\"font-weight: 400;\">En el festival, 160 padres de familia y cuidadores disfrutaron de un espacio de sano esparcimiento, paz, y tranquilidad; adem\u00e1s de una experiencia que les facilit\u00f3 encontrarse consigo mismos.\u00a0<\/span><\/p>\n<p><i><span style=\"font-weight: 400;\">\u201cDesde el INDER Medell\u00edn pensamos en la salud f\u00edsica y mental de nuestros cuidadores. Hoy reconocemos la labor de ellos a trav\u00e9s de actividades de destreza, en donde puedan reconocerse como parte fundamental de esta estrategia. Aqu\u00ed hay madres, hijos, nietos, hermanos, abuelos y sobrinos, quienes no solamente dan la vida en su labor, sino que son tambi\u00e9n usuarios del INDER. Por eso, junto con los formadores, queremos darla toda por ellos\u201d, <\/span><\/i><span style=\"font-weight: 400;\">afirm\u00f3 la directora del instituto, Maryori Londo\u00f1o.\u00a0<\/span><\/p>\n<p><span style=\"font-weight: 400;\">El evento tuvo lugar en la unidad deportiva Atanasio Girardot y, mediante diversas experiencias de yoga, respiraci\u00f3n y aromaterapia, meditaci\u00f3n guiada y musicoterapia, los cuidadores de Sin L\u00edmites pudieron vivir un espacio de participaci\u00f3n que, adem\u00e1s de fortalecer el bienestar f\u00edsico, impacta tambi\u00e9n la salud mental y emocional, y les permite conectarse con aquellos que permanecen a su alrededor.\u00a0<\/span><\/p>\n<p><span style=\"font-weight: 400;\">El objetivo fue brindar un espacio de distracci\u00f3n, descanso y dispersi\u00f3n para aquellos que cumplen una labor enfocada en cuidar a los usuarios de Sin L\u00edmites.\u00a0<\/span><\/p>\n<p><i><span style=\"font-weight: 400;\">\u201cEstas actividades son maravillosas. Es muy importante este espacio para nosotros porque siempre nos dedicamos a ellos y muchas veces nos olvidamos de nosotros mismos. Aqu\u00ed puedo conocer gente, cambiar la rutina y salir con la gente nueva que conozco. Cuando interact\u00fao con personas que est\u00e1n en la misma situaci\u00f3n de cuidar y velar por un ser querido con discapacidad o necesidades diferentes, aprendo de cada una de ellas\u201d,<\/span><\/i><span style=\"font-weight: 400;\"> dijo Lorena Patricia Casta\u00f1o, cuidadora de un usuario Sin L\u00edmites.\u00a0<\/span><\/p>\n<p><span style=\"font-weight: 400;\">Con la primera edici\u00f3n, se busca la institucionalizaci\u00f3n del evento para ejecutarlo a\u00f1o tras a\u00f1o y, de esta manera, generar oportunidades para fomentar el bienestar, tanto mental como f\u00edsico, no solamente de los usuarios del Distrito, sino de los 568 cuidadores, quienes son las personas que asisten o cuidan a otros ciudadanos en condici\u00f3n de discapacidad y que hacen parte de Sin L\u00edmites. De ellos, 295 son usuarios activos e inscritos que participan en la oferta del instituto.\u00a0<\/span><\/p>\n<p><span style=\"font-weight: 400;\">El INDER Medell\u00edn, acogiendo la normatividad del Acuerdo 0027 de 2015, ofrece a los cuidadores y cuidadoras de personas en situaci\u00f3n de discapacidad un espacio de esparcimiento y recreaci\u00f3n para fortalecer sus condiciones emocionales, sociales y personales.<\/span><\/p>\n","protected":false},"excerpt":{"rendered":"<p>160 personas participaron en la primera edici\u00f3n del Festival de Cuidadores de la estrategia Sin L\u00edmites. 295 de los 568 cuidadores son usuarios activos e inscritos que participan en la oferta del INDER. Medell\u00edn garantiza &#8230;<\/p>\n","protected":false},"author":4,"featured_media":261239,"comment_status":"open","ping_status":"open","sticky":false,"template":"","format":"standard","meta":[],"categories":[17],"tags":[451,634,428],"formato_nota":[],"programas_tax":[],"acf":[],"_links":{"self":[{"href":"https:\/\/www.medellin.gov.co\/es\/wp-json\/wp\/v2\/posts\/261234"}],"collection":[{"href":"https:\/\/www.medellin.gov.co\/es\/wp-json\/wp\/v2\/posts"}],"about":[{"href":"https:\/\/www.medellin.gov.co\/es\/wp-json\/wp\/v2\/types\/post"}],"author":[{"embeddable":true,"href":"https:\/\/www.medellin.gov.co\/es\/wp-json\/wp\/v2\/users\/4"}],"replies":[{"embeddable":true,"href":"https:\/\/www.medellin.gov.co\/es\/wp-json\/wp\/v2\/comments?post=261234"}],"version-history":[{"count":1,"href":"https:\/\/www.medellin.gov.co\/es\/wp-json\/wp\/v2\/posts\/261234\/revisions"}],"predecessor-version":[{"id":261242,"href":"https:\/\/www.medellin.gov.co\/es\/wp-json\/wp\/v2\/posts\/261234\/revisions\/261242"}],"wp:featuredmedia":[{"embeddable":true,"href":"https:\/\/www.medellin.gov.co\/es\/wp-json\/wp\/v2\/media\/261239"}],"wp:attachment":[{"href":"https:\/\/www.medellin.gov.co\/es\/wp-json\/wp\/v2\/media?parent=261234"}],"wp:term":[{"taxonomy":"category","embeddable":true,"href":"https:\/\/www.medellin.gov.co\/es\/wp-json\/wp\/v2\/categories?post=261234"},{"taxonomy":"post_tag","embeddable":true,"href":"https:\/\/www.medellin.gov.co\/es\/wp-json\/wp\/v2\/tags?post=261234"},{"taxonomy":"formato_nota","embeddable":true,"href":"https:\/\/www.medellin.gov.co\/es\/wp-json\/wp\/v2\/formato_nota?post=261234"},{"taxonomy":"programas_tax","embeddable":true,"href":"https:\/\/www.medellin.gov.co\/es\/wp-json\/wp\/v2\/programas_tax?post=261234"}],"curies":[{"name":"wp","href":"https:\/\/api.w.org\/{rel}","templated":true}]}}