{"id":261244,"date":"2023-10-08T18:45:48","date_gmt":"2023-10-08T23:45:48","guid":{"rendered":"https:\/\/www.medellin.gov.co\/es\/?p=261244"},"modified":"2023-10-08T18:45:48","modified_gmt":"2023-10-08T23:45:48","slug":"las-obras-de-mejoramiento-en-los-centros-de-salud-san-lorenzo-y-sol-de-oriente-superaron-el-50","status":"publish","type":"post","link":"https:\/\/www.medellin.gov.co\/es\/sala-de-prensa\/noticias\/las-obras-de-mejoramiento-en-los-centros-de-salud-san-lorenzo-y-sol-de-oriente-superaron-el-50\/","title":{"rendered":"Las obras de mejoramiento en los centros de salud San Lorenzo y Sol de Oriente superaron el 50 %"},"content":{"rendered":"<ul>\n<li>En estas dos sedes, la inversi\u00f3n es cercana a los $800 millones.<\/li>\n<li>La finalizaci\u00f3n de las intervenciones se proyecta para octubre.<\/li>\n<li>Con recursos de vigencias futuras, el Distrito intervendr\u00e1 10 unidades hospitalarias, 43 centros de salud y dos sedes administrativas.<\/li>\n<\/ul>\n<!--[if lt IE 9]><script>document.createElement('audio');<\/script><![endif]-->\n\t<div class=\"wp-playlist wp-audio-playlist wp-playlist-light\">\n\t\t\t<div class=\"wp-playlist-current-item\"><\/div>\n\t\t<audio controls=\"controls\" preload=\"none\" width=\"640\"\n\t\t\t><\/audio>\n\t<div class=\"wp-playlist-next\"><\/div>\n\t<div class=\"wp-playlist-prev\"><\/div>\n\t<noscript>\n\t<ol>\n\t\t<li><a href='https:\/\/www.medellin.gov.co\/es\/wp-content\/uploads\/2023\/10\/avances-obras-01.mp3'>Palabras de Margarita Contreras, subgerente de Ejecuci\u00f3n de Proyectos de la EDU.<\/a><\/li><li><a href='https:\/\/www.medellin.gov.co\/es\/wp-content\/uploads\/2023\/10\/avances-obras-02.mp3'>Palabras de Mayelis de La Rosa Madrid, secretaria de Salud (e).<\/a><\/li>\t<\/ol>\n\t<\/noscript>\n\t<script type=\"application\/json\" class=\"wp-playlist-script\">{\"type\":\"audio\",\"tracklist\":true,\"tracknumbers\":true,\"images\":true,\"artists\":true,\"tracks\":[{\"src\":\"https:\\\/\\\/www.medellin.gov.co\\\/es\\\/wp-content\\\/uploads\\\/2023\\\/10\\\/avances-obras-01.mp3\",\"type\":\"audio\\\/mpeg\",\"title\":\"Palabras de Margarita Contreras, subgerente de Ejecuci\\u00f3n de Proyectos de la EDU.\",\"caption\":\"\",\"description\":\"Palabras de Margarita Contreras, subgerente de Ejecuci\\u00f3n de Proyectos de la EDU.\",\"meta\":{\"year\":\"2023\",\"length_formatted\":\"0:50\"},\"image\":{\"src\":\"https:\\\/\\\/www.medellin.gov.co\\\/es\\\/wp-includes\\\/images\\\/media\\\/audio.png\",\"width\":48,\"height\":64},\"thumb\":{\"src\":\"https:\\\/\\\/www.medellin.gov.co\\\/es\\\/wp-includes\\\/images\\\/media\\\/audio.png\",\"width\":48,\"height\":64}},{\"src\":\"https:\\\/\\\/www.medellin.gov.co\\\/es\\\/wp-content\\\/uploads\\\/2023\\\/10\\\/avances-obras-02.mp3\",\"type\":\"audio\\\/mpeg\",\"title\":\"Palabras de Mayelis de La Rosa Madrid, secretaria de Salud (e).\",\"caption\":\"\",\"description\":\"Palabras de Mayelis de La Rosa Madrid, secretaria de Salud (e).\",\"meta\":{\"year\":\"2023\",\"length_formatted\":\"0:43\"},\"image\":{\"src\":\"https:\\\/\\\/www.medellin.gov.co\\\/es\\\/wp-includes\\\/images\\\/media\\\/audio.png\",\"width\":48,\"height\":64},\"thumb\":{\"src\":\"https:\\\/\\\/www.medellin.gov.co\\\/es\\\/wp-includes\\\/images\\\/media\\\/audio.png\",\"width\":48,\"height\":64}}]}<\/script>\n<\/div>\n\t\n<p><span style=\"font-weight: 400;\">Con intervenciones en techos, resane, pintura de muros, cambio de luminarias y renovaci\u00f3n de espacios, entre otras, avanza el mantenimiento de los centros de salud San Lorenzo, en la comuna 10-La Candelaria, y Sol de Oriente, en la comuna 8- Villa Hermosa.\u00a0\u00a0<\/span><\/p>\n<p><span style=\"font-weight: 400;\">La Empresa de Desarrollo Urbano (EDU), entidad a cargo, report\u00f3 que el avance en estas dos sedes super\u00f3 el 50 %.<\/span><\/p>\n<p><span style=\"font-weight: 400;\">\u201c<\/span><i><span style=\"font-weight: 400;\">Seguimos cumpliendo con la ciudad, con este plan de mejoramiento de la red hospitalaria de Metrosalud, para garantizar una buena prestaci\u00f3n del servicio. Al igual que en estas dos sedes, en otras 10 superamos ya el 50 % de avance, de 17 que estamos ejecutando<\/span><\/i><span style=\"font-weight: 400;\">\u201d, destac\u00f3 la subgerente de Ejecuci\u00f3n de Proyectos de la EDU, Margarita Contreras.<\/span><\/p>\n<p><span style=\"font-weight: 400;\">Los sitios con un avance mayor al 50 % son los centros de salud Guayabal (comuna 15-Guayabal), Santa Rosa de Lima (comuna 12-La Am\u00e9rica), unidad de salud mental en San Crist\u00f3bal, Santa Elena y Palmitas; y las unidades hospitalarias San Javier, Nuevo Occidente, Castilla, San Crist\u00f3bal y Doce de Octubre.\u00a0<\/span><\/p>\n<p><span style=\"font-weight: 400;\">Con la intervenci\u00f3n del centro de salud San Lorenzo se benefician 8.665 usuarios.<\/span><\/p>\n<p><i><span style=\"font-weight: 400;\">\u201cCon el 50 % de las mejoras, ya vemos c\u00f3mo se ve de bonito y van mejorando ciertos lugares que estaban muy abandonados. Queremos que las comunidades cuiden los espacios, los ba\u00f1os, las paredes y as\u00ed tener una mejor atenci\u00f3n<\/span><\/i><span style=\"font-weight: 400;\">\u201d, asegur\u00f3 el presidente de la Junta de Acci\u00f3n Comunal del barrio Las Palmas, Diego Le\u00f3n Montoya.\u00a0\u00a0<\/span><\/p>\n<p><span style=\"font-weight: 400;\">En el centro de salud Sol de Oriente, las obras benefician a 8.070 usuarios.\u00a0<\/span><\/p>\n<p><span style=\"font-weight: 400;\">\u201c<\/span><i><span style=\"font-weight: 400;\">Con estas obras impactamos a alrededor de 16.600 usuarios. A trav\u00e9s de estas vamos a mitigar algunas problem\u00e1ticas que se han venido presentando en cuanto a seguridad y calidad, y que repercuten en oportunidad para todos nuestros ciudadanos<\/span><\/i><span style=\"font-weight: 400;\">\u201d, indic\u00f3 la secretaria (e) de Salud, Mayelis de La Rosa Madrid.<\/span><\/p>\n<p><span style=\"font-weight: 400;\">La inversi\u00f3n en estos dos centros de salud es cercana a los $800 millones. Como parte de este plan de infraestructura de la red de Metrosalud, con el que se intervienen 10 unidades hospitalarias, 43 centros de salud y dos sedes administrativas, se destaca la habilitaci\u00f3n del centro de salud Llanaditas, en la comuna 8-Villa Hermosa, el pasado 18 de septiembre. <\/span><\/p>\n","protected":false},"excerpt":{"rendered":"<p>En estas dos sedes, la inversi\u00f3n es cercana a los $800 millones. La finalizaci\u00f3n de las intervenciones se proyecta para octubre. Con recursos de vigencias futuras, el Distrito intervendr\u00e1 10 unidades hospitalarias, 43 centros de &#8230;<\/p>\n","protected":false},"author":4,"featured_media":261248,"comment_status":"open","ping_status":"open","sticky":false,"template":"","format":"standard","meta":[],"categories":[17],"tags":[634,434,442],"formato_nota":[],"programas_tax":[],"acf":[],"_links":{"self":[{"href":"https:\/\/www.medellin.gov.co\/es\/wp-json\/wp\/v2\/posts\/261244"}],"collection":[{"href":"https:\/\/www.medellin.gov.co\/es\/wp-json\/wp\/v2\/posts"}],"about":[{"href":"https:\/\/www.medellin.gov.co\/es\/wp-json\/wp\/v2\/types\/post"}],"author":[{"embeddable":true,"href":"https:\/\/www.medellin.gov.co\/es\/wp-json\/wp\/v2\/users\/4"}],"replies":[{"embeddable":true,"href":"https:\/\/www.medellin.gov.co\/es\/wp-json\/wp\/v2\/comments?post=261244"}],"version-history":[{"count":1,"href":"https:\/\/www.medellin.gov.co\/es\/wp-json\/wp\/v2\/posts\/261244\/revisions"}],"predecessor-version":[{"id":261251,"href":"https:\/\/www.medellin.gov.co\/es\/wp-json\/wp\/v2\/posts\/261244\/revisions\/261251"}],"wp:featuredmedia":[{"embeddable":true,"href":"https:\/\/www.medellin.gov.co\/es\/wp-json\/wp\/v2\/media\/261248"}],"wp:attachment":[{"href":"https:\/\/www.medellin.gov.co\/es\/wp-json\/wp\/v2\/media?parent=261244"}],"wp:term":[{"taxonomy":"category","embeddable":true,"href":"https:\/\/www.medellin.gov.co\/es\/wp-json\/wp\/v2\/categories?post=261244"},{"taxonomy":"post_tag","embeddable":true,"href":"https:\/\/www.medellin.gov.co\/es\/wp-json\/wp\/v2\/tags?post=261244"},{"taxonomy":"formato_nota","embeddable":true,"href":"https:\/\/www.medellin.gov.co\/es\/wp-json\/wp\/v2\/formato_nota?post=261244"},{"taxonomy":"programas_tax","embeddable":true,"href":"https:\/\/www.medellin.gov.co\/es\/wp-json\/wp\/v2\/programas_tax?post=261244"}],"curies":[{"name":"wp","href":"https:\/\/api.w.org\/{rel}","templated":true}]}}