{"id":263431,"date":"2023-10-11T10:41:47","date_gmt":"2023-10-11T15:41:47","guid":{"rendered":"https:\/\/www.medellin.gov.co\/es\/?p=263431"},"modified":"2023-10-11T10:41:47","modified_gmt":"2023-10-11T15:41:47","slug":"se-abre-convocatoria-para-que-empresas-de-base-tecnologica-de-medellin-participen-en-el-evento-de-negocios-mas-importante-del-mundo","status":"publish","type":"post","link":"https:\/\/www.medellin.gov.co\/es\/sala-de-prensa\/noticias\/se-abre-convocatoria-para-que-empresas-de-base-tecnologica-de-medellin-participen-en-el-evento-de-negocios-mas-importante-del-mundo\/","title":{"rendered":"Se abre convocatoria para que empresas de base tecnol\u00f3gica de Medell\u00edn participen en el evento de negocios m\u00e1s importante del mundo"},"content":{"rendered":"<ul>\n<li>Ser\u00e1n tres los ganadores de estos cupos.<\/li>\n<li>Tendr\u00e1n tiquetes, hospedaje en hotel, ingreso al evento y un stand.<\/li>\n<li>Los interesados se deben inscribir en: <a href=\"https:\/\/forms.gle\/eRshYc13zgo4FWKr5\" target=\"_blank\" rel=\"noopener\">https:\/\/forms.gle\/eRshYc13zgo4FWKr5<\/a>.<\/li>\n<\/ul>\n<!--[if lt IE 9]><script>document.createElement('audio');<\/script><![endif]-->\n\t<div class=\"wp-playlist wp-audio-playlist wp-playlist-light\">\n\t\t\t<div class=\"wp-playlist-current-item\"><\/div>\n\t\t<audio controls=\"controls\" preload=\"none\" width=\"640\"\n\t\t\t><\/audio>\n\t<div class=\"wp-playlist-next\"><\/div>\n\t<div class=\"wp-playlist-prev\"><\/div>\n\t<noscript>\n\t<ol>\n\t\t<li><a href='https:\/\/www.medellin.gov.co\/es\/wp-content\/uploads\/2023\/10\/Convocatoria-Empresas-Tecnologia-01.mp3'>Palabras de Mauricio Valencia, secretario de Desarrollo Econ\u00f3mico<\/a><\/li>\t<\/ol>\n\t<\/noscript>\n\t<script type=\"application\/json\" class=\"wp-playlist-script\">{\"type\":\"audio\",\"tracklist\":true,\"tracknumbers\":true,\"images\":true,\"artists\":true,\"tracks\":[{\"src\":\"https:\\\/\\\/www.medellin.gov.co\\\/es\\\/wp-content\\\/uploads\\\/2023\\\/10\\\/Convocatoria-Empresas-Tecnologia-01.mp3\",\"type\":\"audio\\\/mpeg\",\"title\":\"Palabras de Mauricio Valencia, secretario de Desarrollo Econ\\u00f3mico\",\"caption\":\"\",\"description\":\"Palabras de Mauricio Valencia, secretario de Desarrollo Econ\\u00f3mico\\u00bb.\",\"meta\":{\"length_formatted\":\"0:37\"},\"image\":{\"src\":\"https:\\\/\\\/www.medellin.gov.co\\\/es\\\/wp-includes\\\/images\\\/media\\\/audio.png\",\"width\":48,\"height\":64},\"thumb\":{\"src\":\"https:\\\/\\\/www.medellin.gov.co\\\/es\\\/wp-includes\\\/images\\\/media\\\/audio.png\",\"width\":48,\"height\":64}}]}<\/script>\n<\/div>\n\t\n<p>La Alcald\u00eda de Medell\u00edn contin\u00faa con su prop\u00f3sito de brindar a las empresas de la ciudad participaci\u00f3n en espacios importantes a nivel global. En esta ocasi\u00f3n, abre la convocatoria para\u00a0 que tres empresas de base tecnol\u00f3gica, que durante el cuatrienio hayan participado en programas de la Secretar\u00eda de Desarrollo Econ\u00f3mico, asistan al World Business Forum, el evento de negocios m\u00e1s importante del mundo, que tendr\u00e1 lugar en Bogot\u00e1, el 8 y 9 de noviembre, en el Teatro Mayor Julio Mario Santo Domingo.<\/p>\n<p>Los interesados en inscribirse deben completar el formulario en el link:\u00a0\u00a0 <a href=\"https:\/\/forms.gle\/eRshYc13zgo4FWKr5\" target=\"_blank\" rel=\"noopener\">https:\/\/forms.gle\/eRshYc13zgo4FWKr5<\/a>.<\/p>\n<p>\u201c<em>Desde la Alcald\u00eda de Medell\u00edn estamos buscando emprendedores y empresarios tecnol\u00f3gicos, con productos y servicios innovadores, para que nos representen muy bien en el evento de negocios m\u00e1s importante del mundo, el World Business Forum, organizado por WOBI. Tres de nuestros empresarios van a tener la posibilidad de generar alianzas y negocios, y asistir\u00e1n m\u00e1s de 2.000 l\u00edderes empresariales. Los ganadores tendr\u00e1n tiquetes, hospedaje, ingreso al evento y un stand<\/em>\u201d, expres\u00f3 el secretario de Desarrollo Econ\u00f3mico, Mauricio Valencia<\/p>\n<p>Ochos speakers de renombre mundial har\u00e1n presencia en el evento, como Michael Phelps, el deportista ol\u00edmpico con m\u00e1s medallas en la historia; Carly Fiorina, ex-CEO de Hewlett-Packard Company y autora bestseller; Kevin Roberts, ex-CEO de Saatchi &amp; Saatchi; Jean Oelwang, fundadora, directora general y presidenta de Virgin Unite y autora de Partnering; Jon McNeil, ex presidente de Tesla Motors; Teresa Perales, ganadora de 26 medallas paral\u00edmpicas y premio Princesa de Asturias de los Deportes 2021; Alex Tapscott, escritor, inversor y asesor experto en el impacto de las nuevas tecnolog\u00edas y Javier Fernando Aguado, presidente de MindValue, coach y experto en gesti\u00f3n de talento.<\/p>\n<div id=\"attachment_263442\" style=\"width: 1290px\" class=\"wp-caption alignnone\"><a href=\"https:\/\/www.medellin.gov.co\/es\/wp-content\/uploads\/2023\/10\/Convocatoria-Empresas-Tecnologia-2.jpg\" target=\"_blank\" rel=\"noopener\"><img aria-describedby=\"caption-attachment-263442\" loading=\"lazy\" class=\"wp-image-263442 size-full\" title=\"Se abre convocatoria para que empresas de base tecnol\u00f3gica de Medell\u00edn participen en el evento de negocios m\u00e1s importante del mundo\" src=\"https:\/\/www.medellin.gov.co\/es\/wp-content\/uploads\/2023\/10\/Convocatoria-Empresas-Tecnologia-2.jpg\" alt=\"Se abre convocatoria para que empresas de base tecnol\u00f3gica de Medell\u00edn participen en el evento de negocios m\u00e1s importante del mundo\" width=\"1280\" height=\"853\" srcset=\"https:\/\/www.medellin.gov.co\/es\/wp-content\/uploads\/2023\/10\/Convocatoria-Empresas-Tecnologia-2.jpg 1280w, https:\/\/www.medellin.gov.co\/es\/wp-content\/uploads\/2023\/10\/Convocatoria-Empresas-Tecnologia-2-300x200.jpg 300w, https:\/\/www.medellin.gov.co\/es\/wp-content\/uploads\/2023\/10\/Convocatoria-Empresas-Tecnologia-2-1024x682.jpg 1024w, https:\/\/www.medellin.gov.co\/es\/wp-content\/uploads\/2023\/10\/Convocatoria-Empresas-Tecnologia-2-150x100.jpg 150w, https:\/\/www.medellin.gov.co\/es\/wp-content\/uploads\/2023\/10\/Convocatoria-Empresas-Tecnologia-2-768x512.jpg 768w\" sizes=\"(max-width: 1280px) 100vw, 1280px\" \/><\/a><p id=\"caption-attachment-263442\" class=\"wp-caption-text\">Se abre convocatoria para que empresas de base tecnol\u00f3gica de Medell\u00edn participen en el evento de negocios m\u00e1s importante del mundo &#8211; Foto Alcald\u00eda de Medell\u00edn<\/p><\/div>\n<p>Los temas de las charlas ser\u00e1n alto rendimiento, liderazgo, creatividad, relationship management, blockchain, futuro digital y gesti\u00f3n de talento.<\/p>\n<p>Los asistentes tendr\u00e1n la oportunidad de formarse de la mano de expertos, l\u00edderes del pensamiento empresarial y profesionales reconocidos en diversos sectores, y conocer\u00e1n diferentes perspectivas sobre los temas m\u00e1s importantes a los que se enfrentan los l\u00edderes hoy en d\u00eda; adem\u00e1s, identificar\u00e1n un pensamiento estrat\u00e9gico de alto nivel sobre las tem\u00e1ticas de management m\u00e1s cr\u00edticas, como el liderazgo, el talento, el rendimiento y la transformaci\u00f3n.<\/p>\n<p>Este a\u00f1o, el evento se realizar\u00e1 en Bogot\u00e1, Madrid, Singapur, Sidney, M\u00e9xico, Nueva York y Mil\u00e1n.<\/p>\n<p>Durante el cuatrienio, 3.100 empresas de base tecnol\u00f3gica han sido acompa\u00f1adas por la Alcald\u00eda de Medell\u00edn en sus procesos de comercializaci\u00f3n, acceso a mercados, internacionalizaci\u00f3n y atracci\u00f3n de inversi\u00f3n.<\/p>\n","protected":false},"excerpt":{"rendered":"<p>Ser\u00e1n tres los ganadores de estos cupos. Tendr\u00e1n tiquetes, hospedaje en hotel, ingreso al evento y un stand. Los interesados se deben inscribir en: https:\/\/forms.gle\/eRshYc13zgo4FWKr5. La Alcald\u00eda de Medell\u00edn contin\u00faa con su prop\u00f3sito de brindar &#8230;<\/p>\n","protected":false},"author":21,"featured_media":263441,"comment_status":"open","ping_status":"open","sticky":false,"template":"","format":"standard","meta":[],"categories":[3],"tags":[],"formato_nota":[],"programas_tax":[],"acf":[],"_links":{"self":[{"href":"https:\/\/www.medellin.gov.co\/es\/wp-json\/wp\/v2\/posts\/263431"}],"collection":[{"href":"https:\/\/www.medellin.gov.co\/es\/wp-json\/wp\/v2\/posts"}],"about":[{"href":"https:\/\/www.medellin.gov.co\/es\/wp-json\/wp\/v2\/types\/post"}],"author":[{"embeddable":true,"href":"https:\/\/www.medellin.gov.co\/es\/wp-json\/wp\/v2\/users\/21"}],"replies":[{"embeddable":true,"href":"https:\/\/www.medellin.gov.co\/es\/wp-json\/wp\/v2\/comments?post=263431"}],"version-history":[{"count":1,"href":"https:\/\/www.medellin.gov.co\/es\/wp-json\/wp\/v2\/posts\/263431\/revisions"}],"predecessor-version":[{"id":263454,"href":"https:\/\/www.medellin.gov.co\/es\/wp-json\/wp\/v2\/posts\/263431\/revisions\/263454"}],"wp:featuredmedia":[{"embeddable":true,"href":"https:\/\/www.medellin.gov.co\/es\/wp-json\/wp\/v2\/media\/263441"}],"wp:attachment":[{"href":"https:\/\/www.medellin.gov.co\/es\/wp-json\/wp\/v2\/media?parent=263431"}],"wp:term":[{"taxonomy":"category","embeddable":true,"href":"https:\/\/www.medellin.gov.co\/es\/wp-json\/wp\/v2\/categories?post=263431"},{"taxonomy":"post_tag","embeddable":true,"href":"https:\/\/www.medellin.gov.co\/es\/wp-json\/wp\/v2\/tags?post=263431"},{"taxonomy":"formato_nota","embeddable":true,"href":"https:\/\/www.medellin.gov.co\/es\/wp-json\/wp\/v2\/formato_nota?post=263431"},{"taxonomy":"programas_tax","embeddable":true,"href":"https:\/\/www.medellin.gov.co\/es\/wp-json\/wp\/v2\/programas_tax?post=263431"}],"curies":[{"name":"wp","href":"https:\/\/api.w.org\/{rel}","templated":true}]}}