{"id":263458,"date":"2023-10-11T10:48:55","date_gmt":"2023-10-11T15:48:55","guid":{"rendered":"https:\/\/www.medellin.gov.co\/es\/?p=263458"},"modified":"2023-10-17T18:31:49","modified_gmt":"2023-10-17T23:31:49","slug":"este-viernes-13-de-octubre-se-realizara-nueva-feria-de-empleo-con-6-000-vacantes","status":"publish","type":"post","link":"https:\/\/www.medellin.gov.co\/es\/sala-de-prensa\/noticias\/este-viernes-13-de-octubre-se-realizara-nueva-feria-de-empleo-con-6-000-vacantes\/","title":{"rendered":"Este viernes, 13 de octubre, se realizar\u00e1 nueva feria de empleo con 6.000 vacantes"},"content":{"rendered":"<ul>\n<li>Este espacio es el resultado de una colaboraci\u00f3n entre el Distrito y actores estrat\u00e9gicos del sector p\u00fablico y privado.<\/li>\n<li>Se espera la participaci\u00f3n de m\u00e1s de 1.000 personas en este evento.<\/li>\n<li>La feria tiene por objetivo abordar las necesidades del mercado y focalizarse en sectores con demanda de puestos de trabajo.<\/li>\n<\/ul>\n<!--[if lt IE 9]><script>document.createElement('audio');<\/script><![endif]-->\n\t<div class=\"wp-playlist wp-audio-playlist wp-playlist-light\">\n\t\t\t<div class=\"wp-playlist-current-item\"><\/div>\n\t\t<audio controls=\"controls\" preload=\"none\" width=\"640\"\n\t\t\t><\/audio>\n\t<div class=\"wp-playlist-next\"><\/div>\n\t<div class=\"wp-playlist-prev\"><\/div>\n\t<noscript>\n\t<ol>\n\t\t<li><a href='https:\/\/www.medellin.gov.co\/es\/wp-content\/uploads\/2023\/10\/Feria-Empleo-01.mp3'>Palabras de Isabel Cadavid, secretaria de Inclusi\u00f3n Social, Familia y Derechos Humanos<\/a><\/li><li><a href='https:\/\/www.medellin.gov.co\/es\/wp-content\/uploads\/2023\/10\/Feria-Empleo-02.mp3'>Palabras de Diana Mar\u00eda Ocampo Monsalve, beneficiaria de la Unidad Familia Medell\u00edn<\/a><\/li>\t<\/ol>\n\t<\/noscript>\n\t<script type=\"application\/json\" class=\"wp-playlist-script\">{\"type\":\"audio\",\"tracklist\":true,\"tracknumbers\":true,\"images\":true,\"artists\":true,\"tracks\":[{\"src\":\"https:\\\/\\\/www.medellin.gov.co\\\/es\\\/wp-content\\\/uploads\\\/2023\\\/10\\\/Feria-Empleo-01.mp3\",\"type\":\"audio\\\/mpeg\",\"title\":\"Palabras de Isabel Cadavid, secretaria de Inclusi\\u00f3n Social, Familia y Derechos Humanos\",\"caption\":\"\",\"description\":\"\\u00abPalabras de Isabel Cadavid, secretaria de Inclusi\\u00f3n Social, Familia y Derechos Humanos\\u00bb. \",\"meta\":{\"year\":\"2023\",\"length_formatted\":\"0:35\"},\"image\":{\"src\":\"https:\\\/\\\/www.medellin.gov.co\\\/es\\\/wp-includes\\\/images\\\/media\\\/audio.png\",\"width\":48,\"height\":64},\"thumb\":{\"src\":\"https:\\\/\\\/www.medellin.gov.co\\\/es\\\/wp-includes\\\/images\\\/media\\\/audio.png\",\"width\":48,\"height\":64}},{\"src\":\"https:\\\/\\\/www.medellin.gov.co\\\/es\\\/wp-content\\\/uploads\\\/2023\\\/10\\\/Feria-Empleo-02.mp3\",\"type\":\"audio\\\/mpeg\",\"title\":\"Palabras de Diana Mar\\u00eda Ocampo Monsalve, beneficiaria de la Unidad Familia Medell\\u00edn\",\"caption\":\"\",\"description\":\"\\u00abPalabras de Diana Mar\\u00eda Ocampo Monsalve, beneficiaria de la Unidad Familia Medell\\u00edn\\u00bb.\",\"meta\":{\"year\":\"2023\",\"length_formatted\":\"0:34\"},\"image\":{\"src\":\"https:\\\/\\\/www.medellin.gov.co\\\/es\\\/wp-includes\\\/images\\\/media\\\/audio.png\",\"width\":48,\"height\":64},\"thumb\":{\"src\":\"https:\\\/\\\/www.medellin.gov.co\\\/es\\\/wp-includes\\\/images\\\/media\\\/audio.png\",\"width\":48,\"height\":64}}]}<\/script>\n<\/div>\n\t\n<p>Por segundo a\u00f1o consecutivo, la Alcald\u00eda de Medell\u00edn se une a Comfenalco Antioquia y a m\u00e1s de 40 empresas mixtas para llevar a cabo una feria de empleo que busca aumentar las opciones de trabajo. Ser\u00e1n, aproximadamente, 6.000 vacantes de puestos operativos y administrativos, dirigidos a personas con experiencia y sin ella, y, en otros casos, para quienes tengan alguna discapacidad. Se ofertar\u00e1n este viernes, 13 de octubre, de 9:00 a. m. a 3:00 p. m., en el Parque de las Luces.<\/p>\n<p>Esto se traducir\u00e1 en plazas temporales para diciembre de 2023 y el ciclo escolar de 2024.<\/p>\n<p>\u201c<em>El Distrito trabaja por m\u00e1s y mejores oportunidades para todos sus habitantes. Es por eso que, en asocio con el sector privado y p\u00fablico, tendremos la segunda feria de empleabilidad, donde esperamos a m\u00e1s de 1.000 personas. Las vacantes se ofertar\u00e1n sin importar si tienes o no experiencia. La Alcald\u00eda de Medell\u00edn contin\u00faa trabajando para brindar m\u00e1s escenarios con oportunidades<\/em>\u201d, expres\u00f3 la secretaria de Inclusi\u00f3n Social, Familia y Derechos Humanos, Isabel Cadavid.<\/p>\n<p>Entre las organizaciones aliadas est\u00e1n Comfenalco, Emtelco, Brilladora El Diamante, Grupo \u00c9xito, SENA, Eficacia, entre otras. Estas y 35 compa\u00f1\u00edas m\u00e1s estar\u00e1n distribuidas por todo el parque, por vacantes, as\u00ed: comerciales y de servicio al cliente, operativas, varias y dentro de estas habr\u00e1 ofertas incluyentes y en las que no se requiere experiencia laboral con la intenci\u00f3n de que las personas al llegar al espacio y ver el mapa de georreferenciaci\u00f3n, en el que estar\u00e1n los sectores demarcados, se dirijan a la empresa que m\u00e1s se acomode a su perfil.<\/p>\n<div id=\"attachment_263468\" style=\"width: 1290px\" class=\"wp-caption alignnone\"><a href=\"https:\/\/www.medellin.gov.co\/es\/wp-content\/uploads\/2023\/10\/Feria-Empleo-2.jpg\" target=\"_blank\" rel=\"noopener\"><img aria-describedby=\"caption-attachment-263468\" loading=\"lazy\" class=\"wp-image-263468 size-full\" title=\"Este viernes, 13 de octubre, se realizar\u00e1 nueva feria de empleo con 6.000 vacantes\" src=\"https:\/\/www.medellin.gov.co\/es\/wp-content\/uploads\/2023\/10\/Feria-Empleo-2.jpg\" alt=\"Este viernes, 13 de octubre, se realizar\u00e1 nueva feria de empleo con 6.000 vacantes\" width=\"1280\" height=\"853\" srcset=\"https:\/\/www.medellin.gov.co\/es\/wp-content\/uploads\/2023\/10\/Feria-Empleo-2.jpg 1280w, https:\/\/www.medellin.gov.co\/es\/wp-content\/uploads\/2023\/10\/Feria-Empleo-2-300x200.jpg 300w, https:\/\/www.medellin.gov.co\/es\/wp-content\/uploads\/2023\/10\/Feria-Empleo-2-1024x682.jpg 1024w, https:\/\/www.medellin.gov.co\/es\/wp-content\/uploads\/2023\/10\/Feria-Empleo-2-150x100.jpg 150w, https:\/\/www.medellin.gov.co\/es\/wp-content\/uploads\/2023\/10\/Feria-Empleo-2-768x512.jpg 768w\" sizes=\"(max-width: 1280px) 100vw, 1280px\" \/><\/a><p id=\"caption-attachment-263468\" class=\"wp-caption-text\">Este viernes, 13 de octubre, se realizar\u00e1 nueva feria de empleo con 6.000 vacantes &#8211; Foto Alcald\u00eda de Medell\u00edn<\/p><\/div>\n<p>En la feria de 2022, en la sede de la Escuela para la Inclusi\u00f3n, se recibieron m\u00e1s de 350 personas y se ofertaron vacantes en aseo, cocina, mantenimiento, entre otras.<\/p>\n<p>\u201c<em>Es una gran oportunidad, ya que ando en b\u00fasqueda de trabajo. Mi expectativa es aspirar a un empleo en una casa de familia o cuidado de adulto mayor. Voy a asistir con mi hija. Esta es una oportunidad para tener una buena calidad de vida<\/em>\u201d, consider\u00f3 Diana Mar\u00eda Ocampo Monsalve, beneficiaria de la Unidad Familia Medell\u00edn.<\/p>\n<p>Al llegar a la feria, las personas deber\u00e1n registrarse, primero en la base de datos de la Alcald\u00eda de Medell\u00edn y luego en la plataforma de Comfenalco Antioquia. Una vez se realicen estas dos inscripciones, pueden desplazarse por el espacio y apostarle al empleo que m\u00e1s se acomode a su perfil y a sus gustos.<\/p>\n<p>La Alcald\u00eda de Medell\u00edn invita a quienes buscan una alternativa laboral a que participen. De esta manera, el Distrito reafirma su compromiso para fortalecer el futuro laboral de la ciudadan\u00eda.<\/p>\n","protected":false},"excerpt":{"rendered":"<p>Este espacio es el resultado de una colaboraci\u00f3n entre el Distrito y actores estrat\u00e9gicos del sector p\u00fablico y privado. Se espera la participaci\u00f3n de m\u00e1s de 1.000 personas en este evento. La feria tiene por &#8230;<\/p>\n","protected":false},"author":21,"featured_media":263471,"comment_status":"open","ping_status":"open","sticky":false,"template":"","format":"standard","meta":[],"categories":[1],"tags":[433,428],"formato_nota":[],"programas_tax":[],"acf":[],"_links":{"self":[{"href":"https:\/\/www.medellin.gov.co\/es\/wp-json\/wp\/v2\/posts\/263458"}],"collection":[{"href":"https:\/\/www.medellin.gov.co\/es\/wp-json\/wp\/v2\/posts"}],"about":[{"href":"https:\/\/www.medellin.gov.co\/es\/wp-json\/wp\/v2\/types\/post"}],"author":[{"embeddable":true,"href":"https:\/\/www.medellin.gov.co\/es\/wp-json\/wp\/v2\/users\/21"}],"replies":[{"embeddable":true,"href":"https:\/\/www.medellin.gov.co\/es\/wp-json\/wp\/v2\/comments?post=263458"}],"version-history":[{"count":2,"href":"https:\/\/www.medellin.gov.co\/es\/wp-json\/wp\/v2\/posts\/263458\/revisions"}],"predecessor-version":[{"id":267262,"href":"https:\/\/www.medellin.gov.co\/es\/wp-json\/wp\/v2\/posts\/263458\/revisions\/267262"}],"wp:featuredmedia":[{"embeddable":true,"href":"https:\/\/www.medellin.gov.co\/es\/wp-json\/wp\/v2\/media\/263471"}],"wp:attachment":[{"href":"https:\/\/www.medellin.gov.co\/es\/wp-json\/wp\/v2\/media?parent=263458"}],"wp:term":[{"taxonomy":"category","embeddable":true,"href":"https:\/\/www.medellin.gov.co\/es\/wp-json\/wp\/v2\/categories?post=263458"},{"taxonomy":"post_tag","embeddable":true,"href":"https:\/\/www.medellin.gov.co\/es\/wp-json\/wp\/v2\/tags?post=263458"},{"taxonomy":"formato_nota","embeddable":true,"href":"https:\/\/www.medellin.gov.co\/es\/wp-json\/wp\/v2\/formato_nota?post=263458"},{"taxonomy":"programas_tax","embeddable":true,"href":"https:\/\/www.medellin.gov.co\/es\/wp-json\/wp\/v2\/programas_tax?post=263458"}],"curies":[{"name":"wp","href":"https:\/\/api.w.org\/{rel}","templated":true}]}}