{"id":263832,"date":"2023-10-11T11:37:41","date_gmt":"2023-10-11T16:37:41","guid":{"rendered":"https:\/\/www.medellin.gov.co\/es\/?p=263832"},"modified":"2023-10-11T11:37:41","modified_gmt":"2023-10-11T16:37:41","slug":"maestros-de-medellin-participan-en-encuentro-sobre-pedagogia-investigacion-y-experiencias-alternativas-con-expertos-internacionales","status":"publish","type":"post","link":"https:\/\/www.medellin.gov.co\/es\/sala-de-prensa\/noticias\/maestros-de-medellin-participan-en-encuentro-sobre-pedagogia-investigacion-y-experiencias-alternativas-con-expertos-internacionales\/","title":{"rendered":"Maestros de Medell\u00edn participan en encuentro sobre pedagog\u00eda, investigaci\u00f3n y experiencias alternativas con expertos internacionales"},"content":{"rendered":"<ul>\n<li>El evento se desarrolla desde el pasado lunes y culmina hoy.<\/li>\n<li>Cuenta con conferencias, conservatorios y presentaciones de invitados de Argentina, Chile, Portugal y Colombia.<\/li>\n<li>El encuentro es convocado por los sindicatos ADIDA, ASDEM, USDIDEA y CEIDEA, la Universidad de Antioquia, la Alcald\u00eda de Medell\u00edn y la Gobernaci\u00f3n de Antioquia.<\/li>\n<\/ul>\n<!--[if lt IE 9]><script>document.createElement('audio');<\/script><![endif]-->\n\t<div class=\"wp-playlist wp-audio-playlist wp-playlist-light\">\n\t\t\t<div class=\"wp-playlist-current-item\"><\/div>\n\t\t<audio controls=\"controls\" preload=\"none\" width=\"640\"\n\t\t\t><\/audio>\n\t<div class=\"wp-playlist-next\"><\/div>\n\t<div class=\"wp-playlist-prev\"><\/div>\n\t<noscript>\n\t<ol>\n\t\t<li><a href='https:\/\/www.medellin.gov.co\/es\/wp-content\/uploads\/2023\/10\/Encuentro-Internacional-Pedagogia-01.mp3'>Palabras de Mois\u00e9s L\u00f3pez Jaramillo, subsecretario de Prestaci\u00f3n del Servicio Educativo<\/a><\/li><li><a href='https:\/\/www.medellin.gov.co\/es\/wp-content\/uploads\/2023\/10\/Encuentro-Internacional-Pedagogia-02.mp3'>Palabras de Milton Florencio Renteri\u0301a Escobar, director del Centro de Investigaciones Educativas y Pedag\u00f3gicas de ASDEM<\/a><\/li>\t<\/ol>\n\t<\/noscript>\n\t<script type=\"application\/json\" class=\"wp-playlist-script\">{\"type\":\"audio\",\"tracklist\":true,\"tracknumbers\":true,\"images\":true,\"artists\":true,\"tracks\":[{\"src\":\"https:\\\/\\\/www.medellin.gov.co\\\/es\\\/wp-content\\\/uploads\\\/2023\\\/10\\\/Encuentro-Internacional-Pedagogia-01.mp3\",\"type\":\"audio\\\/mpeg\",\"title\":\"Palabras de Mois\\u00e9s L\\u00f3pez Jaramillo, subsecretario de Prestaci\\u00f3n del Servicio Educativo\",\"caption\":\"\",\"description\":\"\\u00abPalabras de Mois\\u00e9s L\\u00f3pez Jaramillo, subsecretario de Prestaci\\u00f3n del Servicio Educativo\\u00bb.\",\"meta\":{\"length_formatted\":\"1:04\"},\"image\":{\"src\":\"https:\\\/\\\/www.medellin.gov.co\\\/es\\\/wp-includes\\\/images\\\/media\\\/audio.png\",\"width\":48,\"height\":64},\"thumb\":{\"src\":\"https:\\\/\\\/www.medellin.gov.co\\\/es\\\/wp-includes\\\/images\\\/media\\\/audio.png\",\"width\":48,\"height\":64}},{\"src\":\"https:\\\/\\\/www.medellin.gov.co\\\/es\\\/wp-content\\\/uploads\\\/2023\\\/10\\\/Encuentro-Internacional-Pedagogia-02.mp3\",\"type\":\"audio\\\/mpeg\",\"title\":\"Palabras de Milton Florencio Renteri\\u0301a Escobar, director del Centro de Investigaciones Educativas y Pedag\\u00f3gicas de ASDEM\",\"caption\":\"\",\"description\":\"\\u00abPalabras de Milton Florencio Renteri\\u0301a Escobar, director del Centro de Investigaciones Educativas y Pedag\\u00f3gicas de ASDEM\\u00bb.\",\"meta\":{\"length_formatted\":\"1:12\"},\"image\":{\"src\":\"https:\\\/\\\/www.medellin.gov.co\\\/es\\\/wp-includes\\\/images\\\/media\\\/audio.png\",\"width\":48,\"height\":64},\"thumb\":{\"src\":\"https:\\\/\\\/www.medellin.gov.co\\\/es\\\/wp-includes\\\/images\\\/media\\\/audio.png\",\"width\":48,\"height\":64}}]}<\/script>\n<\/div>\n\t\n<p>Medell\u00edn es el escenario del 10.\u00ba Encuentro Internacional de Pedagog\u00eda, Investigaci\u00f3n y Experiencias Alternativas, que se realiza desde el pasado lunes y culmina hoy, en el cual participan aproximadamente 1.100 maestros y directivos docentes de forma presencial y m\u00e1s de 12.000 de manera virtual.<\/p>\n<p>Este a\u00f1o, el prop\u00f3sito ha sido dialogar y analizar las pol\u00edticas p\u00fablicas sobre educaci\u00f3n en el pa\u00eds, para lo cual, se cuenta con invitados y expertos del sector educativo de Argentina, Chile, Portugal y Colombia.<\/p>\n<p>\u201c<em>Un espacio en el que llamamos a la reflexi\u00f3n metodol\u00f3gica, a repensar las diferentes pol\u00edticas que est\u00e1n relacionadas con el sector educativo. Es un espacio en el que tenemos muchas cosas que celebrar por el camino recorrido, por las cercan\u00edas generadas con las organizaciones gremiales, con maestras, maestros y directivos, pero tambi\u00e9n es un espacio en el que debemos empezar a reflexionar sobre las nuevas necesidades y expectativas que se est\u00e1n generando, de cara al sector educativo<\/em>\u201d, afirm\u00f3 el subsecretario de Prestaci\u00f3n del Servicio Educativo, Mois\u00e9s L\u00f3pez Jaramillo.<\/p>\n<div id=\"attachment_263837\" style=\"width: 1290px\" class=\"wp-caption alignnone\"><a href=\"https:\/\/www.medellin.gov.co\/es\/wp-content\/uploads\/2023\/10\/Encuentro-Internacional-Pedagogia-2.jpg\" target=\"_blank\" rel=\"noopener\"><img aria-describedby=\"caption-attachment-263837\" loading=\"lazy\" class=\"wp-image-263837 size-full\" title=\"Maestros de Medell\u00edn participan en encuentro sobre pedagog\u00eda, investigaci\u00f3n y experiencias alternativas con expertos internacionales\" src=\"https:\/\/www.medellin.gov.co\/es\/wp-content\/uploads\/2023\/10\/Encuentro-Internacional-Pedagogia-2.jpg\" alt=\"Maestros de Medell\u00edn participan en encuentro sobre pedagog\u00eda, investigaci\u00f3n y experiencias alternativas con expertos internacionales\" width=\"1280\" height=\"960\" srcset=\"https:\/\/www.medellin.gov.co\/es\/wp-content\/uploads\/2023\/10\/Encuentro-Internacional-Pedagogia-2.jpg 1280w, https:\/\/www.medellin.gov.co\/es\/wp-content\/uploads\/2023\/10\/Encuentro-Internacional-Pedagogia-2-300x225.jpg 300w, https:\/\/www.medellin.gov.co\/es\/wp-content\/uploads\/2023\/10\/Encuentro-Internacional-Pedagogia-2-1024x768.jpg 1024w, https:\/\/www.medellin.gov.co\/es\/wp-content\/uploads\/2023\/10\/Encuentro-Internacional-Pedagogia-2-150x113.jpg 150w, https:\/\/www.medellin.gov.co\/es\/wp-content\/uploads\/2023\/10\/Encuentro-Internacional-Pedagogia-2-768x576.jpg 768w\" sizes=\"(max-width: 1280px) 100vw, 1280px\" \/><\/a><p id=\"caption-attachment-263837\" class=\"wp-caption-text\">Maestros de Medell\u00edn participan en encuentro sobre pedagog\u00eda, investigaci\u00f3n y experiencias alternativas con expertos internacionales &#8211; Foto Alcald\u00eda de Medell\u00edn<\/p><\/div>\n<p>El encuentro se desarrolla bajo tres l\u00edneas de trabajo: Ley General de Educaci\u00f3n como propuesta de transformaci\u00f3n y justicia social; curr\u00edculo y paces versus Capitalismo Cognitivo; y excelencia acad\u00e9mica y cient\u00edfica en la formaci\u00f3n de los maestros para aportar a la transformaci\u00f3n social.<\/p>\n<p>\u201c<em>Estamos en nuestro d\u00e9cimo encuentro, en el que estamos hablando de pol\u00edticas p\u00fablicas educativas y el lema que nos convoca es la escuela sitiada o situada. A ra\u00edz de ese lema, estamos generando an\u00e1lisis y reflexiones que son las que nos van a permitir llegar con fortaleza a nuestras instituciones educativas para dialogar entre los maestros que hacemos parte de esta convocatoria, hacer transformaciones al interior y hacer propuestas que vayan en pro del mejoramiento de la calidad educativa e incluso intervenci\u00f3n en la pol\u00edtica p\u00fablica educativa<\/em>\u201d, expres\u00f3 el director del Centro de Investigaciones Educativas y Pedag\u00f3gicas de ASDEM, Milton Florencio Renteri\u0301a Escobar.<\/p>\n<p>La apuesta por la calidad educativa para las comunidades de aprendizaje se da gracias a la alianza entre los sindicatos ADIDA, ASDEM, USDIDEA y CEIDEA, la Universidad de Antioquia, la Alcald\u00eda de Medell\u00edn y la Gobernaci\u00f3n de Antioquia. El prop\u00f3sito es mejorar las pr\u00e1cticas acad\u00e9micas.<\/p>\n<p>Con este tipo de vinculaciones y el trabajo constante con las organizaciones sindicales, la Administraci\u00f3n Distrital propende por una transformaci\u00f3n educativa adecuada para las ni\u00f1as, ni\u00f1os y j\u00f3venes de Medell\u00edn.<\/p>\n","protected":false},"excerpt":{"rendered":"<p>El evento se desarrolla desde el pasado lunes y culmina hoy. Cuenta con conferencias, conservatorios y presentaciones de invitados de Argentina, Chile, Portugal y Colombia. El encuentro es convocado por los sindicatos ADIDA, ASDEM, USDIDEA &#8230;<\/p>\n","protected":false},"author":21,"featured_media":263833,"comment_status":"open","ping_status":"open","sticky":false,"template":"","format":"standard","meta":[],"categories":[4],"tags":[431,428],"formato_nota":[],"programas_tax":[],"acf":[],"_links":{"self":[{"href":"https:\/\/www.medellin.gov.co\/es\/wp-json\/wp\/v2\/posts\/263832"}],"collection":[{"href":"https:\/\/www.medellin.gov.co\/es\/wp-json\/wp\/v2\/posts"}],"about":[{"href":"https:\/\/www.medellin.gov.co\/es\/wp-json\/wp\/v2\/types\/post"}],"author":[{"embeddable":true,"href":"https:\/\/www.medellin.gov.co\/es\/wp-json\/wp\/v2\/users\/21"}],"replies":[{"embeddable":true,"href":"https:\/\/www.medellin.gov.co\/es\/wp-json\/wp\/v2\/comments?post=263832"}],"version-history":[{"count":1,"href":"https:\/\/www.medellin.gov.co\/es\/wp-json\/wp\/v2\/posts\/263832\/revisions"}],"predecessor-version":[{"id":263851,"href":"https:\/\/www.medellin.gov.co\/es\/wp-json\/wp\/v2\/posts\/263832\/revisions\/263851"}],"wp:featuredmedia":[{"embeddable":true,"href":"https:\/\/www.medellin.gov.co\/es\/wp-json\/wp\/v2\/media\/263833"}],"wp:attachment":[{"href":"https:\/\/www.medellin.gov.co\/es\/wp-json\/wp\/v2\/media?parent=263832"}],"wp:term":[{"taxonomy":"category","embeddable":true,"href":"https:\/\/www.medellin.gov.co\/es\/wp-json\/wp\/v2\/categories?post=263832"},{"taxonomy":"post_tag","embeddable":true,"href":"https:\/\/www.medellin.gov.co\/es\/wp-json\/wp\/v2\/tags?post=263832"},{"taxonomy":"formato_nota","embeddable":true,"href":"https:\/\/www.medellin.gov.co\/es\/wp-json\/wp\/v2\/formato_nota?post=263832"},{"taxonomy":"programas_tax","embeddable":true,"href":"https:\/\/www.medellin.gov.co\/es\/wp-json\/wp\/v2\/programas_tax?post=263832"}],"curies":[{"name":"wp","href":"https:\/\/api.w.org\/{rel}","templated":true}]}}