{"id":263874,"date":"2023-10-11T11:49:31","date_gmt":"2023-10-11T16:49:31","guid":{"rendered":"https:\/\/www.medellin.gov.co\/es\/?p=263874"},"modified":"2023-10-11T11:49:31","modified_gmt":"2023-10-11T16:49:31","slug":"tres-centros-de-salud-de-metrosalud-reabriran-sus-puertas-a-la-comunidad-luego-de-mantenimiento-a-su-infraestructura","status":"publish","type":"post","link":"https:\/\/www.medellin.gov.co\/es\/sala-de-prensa\/noticias\/tres-centros-de-salud-de-metrosalud-reabriran-sus-puertas-a-la-comunidad-luego-de-mantenimiento-a-su-infraestructura\/","title":{"rendered":"Tres centros de salud de Metrosalud reabrir\u00e1n sus puertas a la comunidad luego de mantenimiento a su infraestructura"},"content":{"rendered":"<ul>\n<li>Se reabrir\u00e1n los Centros de Salud Santa Rosa de Lima, Villa Laura y La Esperanza beneficiando a cerca de 18.000 usuarios.<\/li>\n<li>El modelo de operaci\u00f3n en red de la ESE permiti\u00f3 la atenci\u00f3n de los usuarios en cualquier punto de atenci\u00f3n y garantiz\u00f3 la continuidad de los servicios<\/li>\n<\/ul>\n<!--[if lt IE 9]><script>document.createElement('audio');<\/script><![endif]-->\n\t<div class=\"wp-playlist wp-audio-playlist wp-playlist-light\">\n\t\t\t<div class=\"wp-playlist-current-item\"><\/div>\n\t\t<audio controls=\"controls\" preload=\"none\" width=\"640\"\n\t\t\t><\/audio>\n\t<div class=\"wp-playlist-next\"><\/div>\n\t<div class=\"wp-playlist-prev\"><\/div>\n\t<noscript>\n\t<ol>\n\t\t<li><a href='https:\/\/www.medellin.gov.co\/es\/wp-content\/uploads\/2023\/10\/Metrosalud-01.mp3'>Palabras de Valentina Sosa Carvajal, gerente de Metrosalud<\/a><\/li><li><a href='https:\/\/www.medellin.gov.co\/es\/wp-content\/uploads\/2023\/10\/Metrosalud-02.mp3'>Palabras de Socorro V\u00e9lez, usuaria de Metrosalud<\/a><\/li>\t<\/ol>\n\t<\/noscript>\n\t<script type=\"application\/json\" class=\"wp-playlist-script\">{\"type\":\"audio\",\"tracklist\":true,\"tracknumbers\":true,\"images\":true,\"artists\":true,\"tracks\":[{\"src\":\"https:\\\/\\\/www.medellin.gov.co\\\/es\\\/wp-content\\\/uploads\\\/2023\\\/10\\\/Metrosalud-01.mp3\",\"type\":\"audio\\\/mpeg\",\"title\":\"Palabras de Valentina Sosa Carvajal, gerente de Metrosalud\",\"caption\":\"\",\"description\":\"\\u00abMetrosalud-01\\u00bb. Lanzamiento: 2023.\",\"meta\":{\"year\":\"2023\",\"length_formatted\":\"0:44\"},\"image\":{\"src\":\"https:\\\/\\\/www.medellin.gov.co\\\/es\\\/wp-includes\\\/images\\\/media\\\/audio.png\",\"width\":48,\"height\":64},\"thumb\":{\"src\":\"https:\\\/\\\/www.medellin.gov.co\\\/es\\\/wp-includes\\\/images\\\/media\\\/audio.png\",\"width\":48,\"height\":64}},{\"src\":\"https:\\\/\\\/www.medellin.gov.co\\\/es\\\/wp-content\\\/uploads\\\/2023\\\/10\\\/Metrosalud-02.mp3\",\"type\":\"audio\\\/mpeg\",\"title\":\"Palabras de Socorro V\\u00e9lez, usuaria de Metrosalud\",\"caption\":\"\",\"description\":\"\\u00abPalabras de Socorro V\\u00e9lez, usuaria de Metrosalud\\u00bb.\",\"meta\":{\"length_formatted\":\"0:33\"},\"image\":{\"src\":\"https:\\\/\\\/www.medellin.gov.co\\\/es\\\/wp-includes\\\/images\\\/media\\\/audio.png\",\"width\":48,\"height\":64},\"thumb\":{\"src\":\"https:\\\/\\\/www.medellin.gov.co\\\/es\\\/wp-includes\\\/images\\\/media\\\/audio.png\",\"width\":48,\"height\":64}}]}<\/script>\n<\/div>\n\t\n<p>La Administraci\u00f3n Distrital, a trav\u00e9s de Metrosalud, reabrir\u00e1 los Centros de Salud Santa Rosa de Lima, Villa Laura y La Esperanza luego de las intervenciones realizadas a su infraestructura f\u00edsica, gracias a los recursos de vigencias futuras para la salud.<\/p>\n<p>Para el caso de Santa Rosa de Lima, estar\u00e1 abierto desde hoy mi\u00e9rcoles, 11 de octubre, mientras que el 17 de octubre reabrir\u00e1 Villa Laura y el 19 de octubre La Esperanza.<\/p>\n<p>\u201c<em>En estos tres puntos de atenci\u00f3n la poblaci\u00f3n beneficiada son cerca de 18.000 usuarios. Estas instalaciones f\u00edsicas quedan completamente renovadas, c\u00f3modas y confortables para brindarle a todos ustedes una atenci\u00f3n segura y de calidad. Tambi\u00e9n recordarles a todos nuestros usuarios que deben estar muy atentos a las instrucciones que estaremos dando desde la ESE Metrosalud o a las indicaciones con respecto a los otros puntos de atenci\u00f3n que inician obras de mejoramiento<\/em>\u201d, dijo la gerente de Metrosalud, Valentina Sosa Carvajal.<\/p>\n<p>Tras su reapertura, los usuarios de la EPS Savia Salud y la poblaci\u00f3n pobre sin aseguramiento en salud que de manera habitual reciben atenci\u00f3n en este lugar, podr\u00e1n seguir accediendo a sus servicios, entre los cuales est\u00e1n consulta m\u00e9dico general, odontolog\u00eda, programas de enfermer\u00eda, toma de muestras de laboratorio y toma de muestras de citolog\u00eda.<\/p>\n<div id=\"attachment_263880\" style=\"width: 1290px\" class=\"wp-caption alignnone\"><a href=\"https:\/\/www.medellin.gov.co\/es\/wp-content\/uploads\/2023\/10\/Metrosalud-3.jpg\" target=\"_blank\" rel=\"noopener\"><img aria-describedby=\"caption-attachment-263880\" loading=\"lazy\" class=\"wp-image-263880 size-full\" title=\"Tres centros de salud de Metrosalud reabrir\u00e1n sus puertas a la comunidad luego de mantenimiento a su infraestructura\" src=\"https:\/\/www.medellin.gov.co\/es\/wp-content\/uploads\/2023\/10\/Metrosalud-3.jpg\" alt=\"Tres centros de salud de Metrosalud reabrir\u00e1n sus puertas a la comunidad luego de mantenimiento a su infraestructura\" width=\"1280\" height=\"960\" srcset=\"https:\/\/www.medellin.gov.co\/es\/wp-content\/uploads\/2023\/10\/Metrosalud-3.jpg 1280w, https:\/\/www.medellin.gov.co\/es\/wp-content\/uploads\/2023\/10\/Metrosalud-3-300x225.jpg 300w, https:\/\/www.medellin.gov.co\/es\/wp-content\/uploads\/2023\/10\/Metrosalud-3-1024x768.jpg 1024w, https:\/\/www.medellin.gov.co\/es\/wp-content\/uploads\/2023\/10\/Metrosalud-3-150x113.jpg 150w, https:\/\/www.medellin.gov.co\/es\/wp-content\/uploads\/2023\/10\/Metrosalud-3-768x576.jpg 768w\" sizes=\"(max-width: 1280px) 100vw, 1280px\" \/><\/a><p id=\"caption-attachment-263880\" class=\"wp-caption-text\">Tres centros de salud de Metrosalud reabrir\u00e1n sus puertas a la comunidad luego de mantenimiento a su infraestructura &#8211; Foto Alcald\u00eda de Medell\u00edn<\/p><\/div>\n<p>En estos centros de salud se realizaron obras de mejoramiento, tales como arreglo de pisos y paredes, pintura generalizada de las instalaciones, mejoramiento de unidades sanitarias, cambio de luminarias, entre otras.<\/p>\n<p>\u201c<em>Estamos s\u00faper felices porque muy pronto nos van abrir los centros de salud, porque van a tener nuestros servicios m\u00e1s c\u00f3modos, m\u00e1s hermosos, para que tengan en cuenta que los vamos a cuidar, porque esto es unas reformas que nos hicieron para mejor atenci\u00f3n a nosotros como usuarios<\/em>\u201d expres\u00f3 Socorro V\u00e9lez, usuaria de Metrosalud.<\/p>\n<p>Es importante recordar que, durante la suspensi\u00f3n temporal de este servicio, la ESE continu\u00f3 brindando la atenci\u00f3n oportuna a cada uno de los usuarios y sus familias, con el respaldo de los dem\u00e1s puntos de atenci\u00f3n de la red. Adem\u00e1s, su modelo de prestaci\u00f3n de servicios, basado en atenci\u00f3n primaria en salud, permiti\u00f3 responder a las necesidades de la poblaci\u00f3n del Distrito de Medell\u00edn bajo los principios de pertinencia, continuidad y calidad.<\/p>\n","protected":false},"excerpt":{"rendered":"<p>Se reabrir\u00e1n los Centros de Salud Santa Rosa de Lima, Villa Laura y La Esperanza beneficiando a cerca de 18.000 usuarios. El modelo de operaci\u00f3n en red de la ESE permiti\u00f3 la atenci\u00f3n de los &#8230;<\/p>\n","protected":false},"author":21,"featured_media":263879,"comment_status":"open","ping_status":"open","sticky":false,"template":"","format":"standard","meta":[],"categories":[18],"tags":[451,452],"formato_nota":[],"programas_tax":[],"acf":[],"_links":{"self":[{"href":"https:\/\/www.medellin.gov.co\/es\/wp-json\/wp\/v2\/posts\/263874"}],"collection":[{"href":"https:\/\/www.medellin.gov.co\/es\/wp-json\/wp\/v2\/posts"}],"about":[{"href":"https:\/\/www.medellin.gov.co\/es\/wp-json\/wp\/v2\/types\/post"}],"author":[{"embeddable":true,"href":"https:\/\/www.medellin.gov.co\/es\/wp-json\/wp\/v2\/users\/21"}],"replies":[{"embeddable":true,"href":"https:\/\/www.medellin.gov.co\/es\/wp-json\/wp\/v2\/comments?post=263874"}],"version-history":[{"count":1,"href":"https:\/\/www.medellin.gov.co\/es\/wp-json\/wp\/v2\/posts\/263874\/revisions"}],"predecessor-version":[{"id":263904,"href":"https:\/\/www.medellin.gov.co\/es\/wp-json\/wp\/v2\/posts\/263874\/revisions\/263904"}],"wp:featuredmedia":[{"embeddable":true,"href":"https:\/\/www.medellin.gov.co\/es\/wp-json\/wp\/v2\/media\/263879"}],"wp:attachment":[{"href":"https:\/\/www.medellin.gov.co\/es\/wp-json\/wp\/v2\/media?parent=263874"}],"wp:term":[{"taxonomy":"category","embeddable":true,"href":"https:\/\/www.medellin.gov.co\/es\/wp-json\/wp\/v2\/categories?post=263874"},{"taxonomy":"post_tag","embeddable":true,"href":"https:\/\/www.medellin.gov.co\/es\/wp-json\/wp\/v2\/tags?post=263874"},{"taxonomy":"formato_nota","embeddable":true,"href":"https:\/\/www.medellin.gov.co\/es\/wp-json\/wp\/v2\/formato_nota?post=263874"},{"taxonomy":"programas_tax","embeddable":true,"href":"https:\/\/www.medellin.gov.co\/es\/wp-json\/wp\/v2\/programas_tax?post=263874"}],"curies":[{"name":"wp","href":"https:\/\/api.w.org\/{rel}","templated":true}]}}