{"id":263906,"date":"2023-10-11T11:57:46","date_gmt":"2023-10-11T16:57:46","guid":{"rendered":"https:\/\/www.medellin.gov.co\/es\/?p=263906"},"modified":"2023-10-11T11:57:46","modified_gmt":"2023-10-11T16:57:46","slug":"gracias-a-gestion-de-buen-comienzo-mas-de-300-familias-migrantes-han-legalizado-su-permanencia-en-medellin","status":"publish","type":"post","link":"https:\/\/www.medellin.gov.co\/es\/sala-de-prensa\/noticias\/gracias-a-gestion-de-buen-comienzo-mas-de-300-familias-migrantes-han-legalizado-su-permanencia-en-medellin\/","title":{"rendered":"Gracias a gesti\u00f3n de Buen Comienzo, m\u00e1s de 300 familias migrantes han legalizado su permanencia en Medell\u00edn"},"content":{"rendered":"<ul>\n<li>En las sedes de atenci\u00f3n se programan jornadas para facilitar el tr\u00e1mite de legalizaci\u00f3n de familias con ni\u00f1os y ni\u00f1as matriculados en Buen Comienzo.<\/li>\n<li>Se hace afiliaci\u00f3n a EPS, certificado de permanencia, solicitud de encuesta al Sisb\u00e9n, entre otros.<\/li>\n<\/ul>\n<!--[if lt IE 9]><script>document.createElement('audio');<\/script><![endif]-->\n\t<div class=\"wp-playlist wp-audio-playlist wp-playlist-light\">\n\t\t\t<div class=\"wp-playlist-current-item\"><\/div>\n\t\t<audio controls=\"controls\" preload=\"none\" width=\"640\"\n\t\t\t><\/audio>\n\t<div class=\"wp-playlist-next\"><\/div>\n\t<div class=\"wp-playlist-prev\"><\/div>\n\t<noscript>\n\t<ol>\n\t\t<li><a href='https:\/\/www.medellin.gov.co\/es\/wp-content\/uploads\/2023\/10\/Migrantes-Buen-Comienzo-01.mp3'>Palabras de Manuel Ria\u00f1o, director de la Unidad Administrativa Especial Buen Comienzo<\/a><\/li><li><a href='https:\/\/www.medellin.gov.co\/es\/wp-content\/uploads\/2023\/10\/Migrantes-Buen-Comienzo-02.mp3'>Palabras de Maria Jos\u00e9 Yaiguar\u00e1n Guevara, una de las mam\u00e1s favorecidas<\/a><\/li>\t<\/ol>\n\t<\/noscript>\n\t<script type=\"application\/json\" class=\"wp-playlist-script\">{\"type\":\"audio\",\"tracklist\":true,\"tracknumbers\":true,\"images\":true,\"artists\":true,\"tracks\":[{\"src\":\"https:\\\/\\\/www.medellin.gov.co\\\/es\\\/wp-content\\\/uploads\\\/2023\\\/10\\\/Migrantes-Buen-Comienzo-01.mp3\",\"type\":\"audio\\\/mpeg\",\"title\":\"Palabras de Manuel Ria\\u00f1o, director de la Unidad Administrativa Especial Buen Comienzo\",\"caption\":\"\",\"description\":\"\\u00abPalabras de Manuel Ria\\u00f1o, director de la Unidad Administrativa Especial Buen Comienzo\\u00bb.\",\"meta\":{\"length_formatted\":\"1:08\"},\"image\":{\"src\":\"https:\\\/\\\/www.medellin.gov.co\\\/es\\\/wp-includes\\\/images\\\/media\\\/audio.png\",\"width\":48,\"height\":64},\"thumb\":{\"src\":\"https:\\\/\\\/www.medellin.gov.co\\\/es\\\/wp-includes\\\/images\\\/media\\\/audio.png\",\"width\":48,\"height\":64}},{\"src\":\"https:\\\/\\\/www.medellin.gov.co\\\/es\\\/wp-content\\\/uploads\\\/2023\\\/10\\\/Migrantes-Buen-Comienzo-02.mp3\",\"type\":\"audio\\\/mpeg\",\"title\":\"Palabras de Maria Jos\\u00e9 Yaiguar\\u00e1n Guevara, una de las mam\\u00e1s favorecidas\",\"caption\":\"\",\"description\":\"\\u00abPalabras de Maria Jos\\u00e9 Yaiguar\\u00e1n Guevara, una de las mam\\u00e1s favorecidas\\u00bb.\",\"meta\":{\"length_formatted\":\"0:21\"},\"image\":{\"src\":\"https:\\\/\\\/www.medellin.gov.co\\\/es\\\/wp-includes\\\/images\\\/media\\\/audio.png\",\"width\":48,\"height\":64},\"thumb\":{\"src\":\"https:\\\/\\\/www.medellin.gov.co\\\/es\\\/wp-includes\\\/images\\\/media\\\/audio.png\",\"width\":48,\"height\":64}}]}<\/script>\n<\/div>\n\t\n<p>Para mejorar la calidad de los ni\u00f1os y ni\u00f1as migrantes que viven en Medell\u00edn, la Unidad Administrativa Especial Buen Comienzo ha gestionado, dentro de los centros y jardines infantiles, jornadas de legalizaci\u00f3n de estancia en el pa\u00eds de poblaci\u00f3n venezolana irregular para facilitar el acceso a servicios fundamentales como la salud y la educaci\u00f3n.<\/p>\n<p>El componente de salud focaliza a los ni\u00f1os y ni\u00f1as migrantes para establecer las condiciones de su entorno. Una vez identificados son citados a las jornadas que se realizan con la Fundaci\u00f3n Amiga Colombo Venezolana y el Centro Int\u00e9grate, que apoyan con los profesionales expertos en los tr\u00e1mites de legalizaci\u00f3n.<\/p>\n<p>\u201c<em>Nuestra atenci\u00f3n va m\u00e1s all\u00e1 de lo que hacemos dentro de los jardines y centros infantiles, impactamos de manera positiva el entorno de nuestros participantes acercando la oferta institucional, beneficiando a todos los miembros de las familias. La poblaci\u00f3n migrante ha visto materializado el mejoramiento de la calidad de vida, gracias a las jornadas de legalizaci\u00f3n de su permanencia en Medell\u00edn. Tenemos claro que construir futuro es ir m\u00e1s all\u00e1 de lo que estamos llamados a hacer, es correr la milla extra y Buen Comienzo est\u00e1 llamado a generar bienestar para toda la comunidad<\/em>\u201d, explic\u00f3 el director de la Unidad Administrativa Especial Buen Comienzo, Manuel Ria\u00f1o.<\/p>\n<div id=\"attachment_263914\" style=\"width: 1290px\" class=\"wp-caption alignnone\"><a href=\"https:\/\/www.medellin.gov.co\/es\/wp-content\/uploads\/2023\/10\/Migrantes-Buen-Comienzo-2.jpg\" target=\"_blank\" rel=\"noopener\"><img aria-describedby=\"caption-attachment-263914\" loading=\"lazy\" class=\"wp-image-263914 size-full\" title=\"Gracias a gesti\u00f3n de Buen Comienzo, m\u00e1s de 300 familias migrantes han legalizado su permanencia en Medell\u00edn\" src=\"https:\/\/www.medellin.gov.co\/es\/wp-content\/uploads\/2023\/10\/Migrantes-Buen-Comienzo-2.jpg\" alt=\"Gracias a gesti\u00f3n de Buen Comienzo, m\u00e1s de 300 familias migrantes han legalizado su permanencia en Medell\u00edn\" width=\"1280\" height=\"853\" srcset=\"https:\/\/www.medellin.gov.co\/es\/wp-content\/uploads\/2023\/10\/Migrantes-Buen-Comienzo-2.jpg 1280w, https:\/\/www.medellin.gov.co\/es\/wp-content\/uploads\/2023\/10\/Migrantes-Buen-Comienzo-2-300x200.jpg 300w, https:\/\/www.medellin.gov.co\/es\/wp-content\/uploads\/2023\/10\/Migrantes-Buen-Comienzo-2-1024x682.jpg 1024w, https:\/\/www.medellin.gov.co\/es\/wp-content\/uploads\/2023\/10\/Migrantes-Buen-Comienzo-2-150x100.jpg 150w, https:\/\/www.medellin.gov.co\/es\/wp-content\/uploads\/2023\/10\/Migrantes-Buen-Comienzo-2-768x512.jpg 768w\" sizes=\"(max-width: 1280px) 100vw, 1280px\" \/><\/a><p id=\"caption-attachment-263914\" class=\"wp-caption-text\">Gracias a gesti\u00f3n de Buen Comienzo, m\u00e1s de 300 familias migrantes han legalizado su permanencia en Medell\u00edn &#8211; Foto Alcald\u00eda de Medell\u00edn<\/p><\/div>\n<p>Este a\u00f1o, m\u00e1s de 300 familias venezolanas se han beneficiado con estas jornadas, as\u00ed: se han afiliado a EPS, se les ha expedido el certificado de permanencia, se ha efectuado el prerregistro \u00danico Migrantes Virtual y se ha elevado la solicitud de la encuesta Sisb\u00e9n.<\/p>\n<p>\u201c<em>Quiero darles las gracias por acercarnos esta jornada para nuestros ni\u00f1os, por ayudarnos con el Permiso por Protecci\u00f3n Temporal y por ayudarnos con la afiliaci\u00f3n de la EPS. Muchas gracias a todos<\/em>\u201d, expres\u00f3 Maria Jos\u00e9 Yaiguar\u00e1n Guevara, una de las mam\u00e1s favorecidas.<\/p>\n<p>Para acceder a los servicios de Buen Comienzo, los hogares con menores migrantes solo deben residir en Medell\u00edn y tener documento de identidad. La papeler\u00eda faltante para el proceso de matr\u00edcula puede tramitarse en un plazo estipulado, mientras los ni\u00f1os y ni\u00f1as asisten a la sede de atenci\u00f3n, donde se garantizar\u00e1 su derecho a un ambiente propicio para su crecimiento y desarrollo.<\/p>\n<p>En Buen Comienzo est\u00e1n inscritos 7.734 menores procedentes de otros pa\u00edses, 90 % de ellos son venezolanos.<\/p>\n","protected":false},"excerpt":{"rendered":"<p>En las sedes de atenci\u00f3n se programan jornadas para facilitar el tr\u00e1mite de legalizaci\u00f3n de familias con ni\u00f1os y ni\u00f1as matriculados en Buen Comienzo. Se hace afiliaci\u00f3n a EPS, certificado de permanencia, solicitud de encuesta &#8230;<\/p>\n","protected":false},"author":21,"featured_media":263910,"comment_status":"open","ping_status":"open","sticky":false,"template":"","format":"standard","meta":[],"categories":[533],"tags":[451,431],"formato_nota":[],"programas_tax":[],"acf":[],"_links":{"self":[{"href":"https:\/\/www.medellin.gov.co\/es\/wp-json\/wp\/v2\/posts\/263906"}],"collection":[{"href":"https:\/\/www.medellin.gov.co\/es\/wp-json\/wp\/v2\/posts"}],"about":[{"href":"https:\/\/www.medellin.gov.co\/es\/wp-json\/wp\/v2\/types\/post"}],"author":[{"embeddable":true,"href":"https:\/\/www.medellin.gov.co\/es\/wp-json\/wp\/v2\/users\/21"}],"replies":[{"embeddable":true,"href":"https:\/\/www.medellin.gov.co\/es\/wp-json\/wp\/v2\/comments?post=263906"}],"version-history":[{"count":1,"href":"https:\/\/www.medellin.gov.co\/es\/wp-json\/wp\/v2\/posts\/263906\/revisions"}],"predecessor-version":[{"id":263925,"href":"https:\/\/www.medellin.gov.co\/es\/wp-json\/wp\/v2\/posts\/263906\/revisions\/263925"}],"wp:featuredmedia":[{"embeddable":true,"href":"https:\/\/www.medellin.gov.co\/es\/wp-json\/wp\/v2\/media\/263910"}],"wp:attachment":[{"href":"https:\/\/www.medellin.gov.co\/es\/wp-json\/wp\/v2\/media?parent=263906"}],"wp:term":[{"taxonomy":"category","embeddable":true,"href":"https:\/\/www.medellin.gov.co\/es\/wp-json\/wp\/v2\/categories?post=263906"},{"taxonomy":"post_tag","embeddable":true,"href":"https:\/\/www.medellin.gov.co\/es\/wp-json\/wp\/v2\/tags?post=263906"},{"taxonomy":"formato_nota","embeddable":true,"href":"https:\/\/www.medellin.gov.co\/es\/wp-json\/wp\/v2\/formato_nota?post=263906"},{"taxonomy":"programas_tax","embeddable":true,"href":"https:\/\/www.medellin.gov.co\/es\/wp-json\/wp\/v2\/programas_tax?post=263906"}],"curies":[{"name":"wp","href":"https:\/\/api.w.org\/{rel}","templated":true}]}}