{"id":266499,"date":"2023-10-14T12:13:11","date_gmt":"2023-10-14T17:13:11","guid":{"rendered":"https:\/\/www.medellin.gov.co\/es\/?p=266499"},"modified":"2023-10-14T12:30:26","modified_gmt":"2023-10-14T17:30:26","slug":"medellin-aumento-las-atenciones-a-hogares-en-beneficio-de-200-familias-cuidadoras","status":"publish","type":"post","link":"https:\/\/www.medellin.gov.co\/es\/sala-de-prensa\/noticias\/medellin-aumento-las-atenciones-a-hogares-en-beneficio-de-200-familias-cuidadoras\/","title":{"rendered":"Este a\u00f1o, Medell\u00edn aument\u00f3 las atenciones a hogares en beneficio de 200 familias cuidadoras"},"content":{"rendered":"<ul>\n<li>La estrategia increment\u00f3 en un 33 % la cobertura a hogares vulnerables del Distrito durante esta vigencia.<\/li>\n<li>La administraci\u00f3n de la Medell\u00edn futuro es pionera en el modelo gerontol\u00f3gico integral para personas mayores y familias cuidadoras.<\/li>\n<li>En el cuatrienio se han realizado, en 19 comunas del Distrito, m\u00e1s de 460 atenciones que garantizan el cuidado de este grupo poblacional.<\/li>\n<\/ul>\n<!--[if lt IE 9]><script>document.createElement('audio');<\/script><![endif]-->\n\t<div class=\"wp-playlist wp-audio-playlist wp-playlist-light\">\n\t\t\t<div class=\"wp-playlist-current-item\"><\/div>\n\t\t<audio controls=\"controls\" preload=\"none\" width=\"640\"\n\t\t\t><\/audio>\n\t<div class=\"wp-playlist-next\"><\/div>\n\t<div class=\"wp-playlist-prev\"><\/div>\n\t<noscript>\n\t<ol>\n\t\t<li><a href='https:\/\/www.medellin.gov.co\/es\/wp-content\/uploads\/2023\/10\/familias-cuidadoras.mp3'>Palabras de Isabel Cadavid, secretaria de Inclusi\u00f3n Social, Familia y Derechos Humanos.<\/a><\/li>\t<\/ol>\n\t<\/noscript>\n\t<script type=\"application\/json\" class=\"wp-playlist-script\">{\"type\":\"audio\",\"tracklist\":true,\"tracknumbers\":true,\"images\":true,\"artists\":true,\"tracks\":[{\"src\":\"https:\\\/\\\/www.medellin.gov.co\\\/es\\\/wp-content\\\/uploads\\\/2023\\\/10\\\/familias-cuidadoras.mp3\",\"type\":\"audio\\\/mpeg\",\"title\":\"Palabras de Isabel Cadavid, secretaria de Inclusi\\u00f3n Social, Familia y Derechos Humanos.\",\"caption\":\"\",\"description\":\"Palabras de Isabel Cadavid, secretaria de Inclusi\\u00f3n Social, Familia y Derechos Humanos.\",\"meta\":{\"year\":\"2023\",\"length_formatted\":\"1:01\"},\"image\":{\"src\":\"https:\\\/\\\/www.medellin.gov.co\\\/es\\\/wp-includes\\\/images\\\/media\\\/audio.png\",\"width\":48,\"height\":64},\"thumb\":{\"src\":\"https:\\\/\\\/www.medellin.gov.co\\\/es\\\/wp-includes\\\/images\\\/media\\\/audio.png\",\"width\":48,\"height\":64}}]}<\/script>\n<\/div>\n\t\n<p><span style=\"font-weight: 400;\">Con base en las necesidades de las poblaciones m\u00e1s vulnerables y con la meta de impactar a 150 familias, el Distrito aument\u00f3 este a\u00f1o la capacidad para llevar beneficios en salud y acompa\u00f1amiento psicosocial a 200 n\u00facleos familiares. A esto se suma la entrega de un apoyo econ\u00f3mico para los cuidadores.\u00a0<\/span><\/p>\n<p><span style=\"font-weight: 400;\">De este modo, la ciudad subi\u00f3 en un 33%, durante 2023, la cobertura para las personas mayores, cuidadores y sus familias, quienes reciben una asesor\u00eda integral que aporta a la permanencia de la persona mayor en su n\u00facleo familiar, social o comunitario.<\/span><\/p>\n<p><span style=\"font-weight: 400;\">Con esta estrategia se apoyan hogares dispuestos y aptos para prestar el servicio de protecci\u00f3n y orientaci\u00f3n completa a las personas mayores que lo requieran y que, por condiciones econ\u00f3micas, f\u00edsicas o mentales, est\u00e1n en circunstancias de riesgo social, debilidad o vulnerabilidad y requieren asistencia para su cuidado.<\/span><\/p>\n<p><i><span style=\"font-weight: 400;\">\u201cMedell\u00edn se consolida como pionera en el modelo gerontol\u00f3gico de atenci\u00f3n integral a las personas mayores denominado Familias Cuidadoras. En este esquema, la persona mayor permanece en un entorno cercano, ya sea social, familiar o comunitario, bajo el cuidado de otra persona cercana o conocida. Para esto, el Distrito se encarga de remunerar esta actividad que se hace 7\/24. La atenci\u00f3n la hace en compa\u00f1\u00eda de nuestra Unidad de Personas Mayores de manera integral e interdisciplinaria. Seguiremos trabajando bajo este modelo para consolidar una vejez saludable y activa\u201d<\/span><\/i><span style=\"font-weight: 400;\">, expres\u00f3 la secretaria de Inclusi\u00f3n Social, Familia y Derechos Humanos, Isabel Cadavid.<\/span><\/p>\n<p><span style=\"font-weight: 400;\">Entre 2020 y 2023 se ha incrementado gradualmente la cantidad de usuarios y comunas beneficiadas, con servicio presencial en la residencia o en encuentros de apoyo mutuo, a trav\u00e9s de un equipo interdisciplinario conformado por auxiliares en enfermer\u00eda, nutricionistas, geront\u00f3logos, psic\u00f3logos y trabajadores sociales. En el cuatrienio se han realizado, en 19 comunas del Distrito, m\u00e1s de 460 atenciones.<\/span><\/p>\n<div id=\"attachment_266512\" style=\"width: 1210px\" class=\"wp-caption alignnone\"><img aria-describedby=\"caption-attachment-266512\" loading=\"lazy\" class=\"wp-image-266512 size-full\" title=\"Familias cuidadoras\" src=\"https:\/\/www.medellin.gov.co\/es\/wp-content\/uploads\/2023\/10\/familias-cuidadoras-2.jpg\" alt=\"Familias cuidadoras\" width=\"1200\" height=\"800\" srcset=\"https:\/\/www.medellin.gov.co\/es\/wp-content\/uploads\/2023\/10\/familias-cuidadoras-2.jpg 1200w, https:\/\/www.medellin.gov.co\/es\/wp-content\/uploads\/2023\/10\/familias-cuidadoras-2-300x200.jpg 300w, https:\/\/www.medellin.gov.co\/es\/wp-content\/uploads\/2023\/10\/familias-cuidadoras-2-1024x683.jpg 1024w, https:\/\/www.medellin.gov.co\/es\/wp-content\/uploads\/2023\/10\/familias-cuidadoras-2-150x100.jpg 150w, https:\/\/www.medellin.gov.co\/es\/wp-content\/uploads\/2023\/10\/familias-cuidadoras-2-768x512.jpg 768w\" sizes=\"(max-width: 1200px) 100vw, 1200px\" \/><p id=\"caption-attachment-266512\" class=\"wp-caption-text\">Familias cuidadoras &#8211; Foto: Alcald\u00eda de Medell\u00edn<\/p><\/div>\n<p><span style=\"font-weight: 400;\">Con el prop\u00f3sito de lograr una intervenci\u00f3n completa en cada familia favorecida, este programa entrega un apoyo econ\u00f3mico mensual por valor de un salario m\u00ednimo legal vigente (SMLV) durante su participaci\u00f3n en la estrategia. Adem\u00e1s, reciben valoraci\u00f3n integral y seguimiento desde las distintas \u00e1reas profesionales. Adicionalmente, se acompa\u00f1a en la gesti\u00f3n de oferta de servicios y, mediante la articulaci\u00f3n con otras unidades, se ofrece apoyo al cuidador con espacios de escucha activa, lo que reduce su carga.\u00a0<\/span><\/p>\n<p><span style=\"font-weight: 400;\">La familia cuidadora participa de un proceso formativo que vincula el desarrollo de habilidades en cuidado y protecci\u00f3n. Tambi\u00e9n se les sensibiliza en el fortalecimiento de v\u00ednculos con las redes de apoyo y en el restablecimiento de los lazos afectivos. Por \u00faltimo, a trav\u00e9s de los acompa\u00f1amientos, los beneficiarios aprenden sobre las rutas para la autogesti\u00f3n de sus solicitudes.<\/span><\/p>\n<p><i><span style=\"font-weight: 400;\">\u201cSoy cuidadora de una adulta mayor de 75 a\u00f1os, ella es mi mam\u00e1. Desde noviembre estamos en este programa de cuidadores. Estoy muy agradecida. Tenemos ayuda con psicolog\u00eda, geriatr\u00eda, enfermer\u00eda, nutricionista, con varias personas profesionales que nos apoyan y que nos ayudan. Mi mam\u00e1 ha sido bendecida con la compa\u00f1\u00eda y el apoyo de cada uno de ellos. El apoyo econ\u00f3mico es una bendici\u00f3n muy grande. Hoy quiero darle las gracias a la alcald\u00eda y a todos los que han participado y ayudado con esta labor tan maravillosa\u201d,<\/span><\/i><span style=\"font-weight: 400;\"> mencion\u00f3 Mabel Ibarra, habitante de San Javier.<\/span><i><span style=\"font-weight: 400;\">\u00a0<\/span><\/i><\/p>\n<p><span style=\"font-weight: 400;\">Quienes deseen consultar requisitos y la ruta de acceso a la iniciativa deben acercarse a la sede Amautta, en la carrera 45 # 54-55, comuna 10 (La Candelaria) o llamar al 604-385-5555, extensi\u00f3n 2903. En ambos casos, el horario de atenci\u00f3n es de 8:00 a. m. a 4:00 p. m.<\/span><\/p>\n<p><span style=\"font-weight: 400;\">Medell\u00edn se consolida como un Distrito protector de los derechos, no solo de las personas mayores, sino tambi\u00e9n de sus familias y cuidadores. De esta manera, y con la implementaci\u00f3n del programa, se ratifica la prioridad institucional por la atenci\u00f3n y el cuidado de la poblaci\u00f3n m\u00e1s vulnerable.<\/span><\/p>\n","protected":false},"excerpt":{"rendered":"<p>La estrategia increment\u00f3 en un 33 % la cobertura a hogares vulnerables del Distrito durante esta vigencia. La administraci\u00f3n de la Medell\u00edn futuro es pionera en el modelo gerontol\u00f3gico integral para personas mayores y familias &#8230;<\/p>\n","protected":false},"author":4,"featured_media":266511,"comment_status":"open","ping_status":"open","sticky":false,"template":"","format":"standard","meta":[],"categories":[1],"tags":[451],"formato_nota":[],"programas_tax":[],"acf":[],"_links":{"self":[{"href":"https:\/\/www.medellin.gov.co\/es\/wp-json\/wp\/v2\/posts\/266499"}],"collection":[{"href":"https:\/\/www.medellin.gov.co\/es\/wp-json\/wp\/v2\/posts"}],"about":[{"href":"https:\/\/www.medellin.gov.co\/es\/wp-json\/wp\/v2\/types\/post"}],"author":[{"embeddable":true,"href":"https:\/\/www.medellin.gov.co\/es\/wp-json\/wp\/v2\/users\/4"}],"replies":[{"embeddable":true,"href":"https:\/\/www.medellin.gov.co\/es\/wp-json\/wp\/v2\/comments?post=266499"}],"version-history":[{"count":1,"href":"https:\/\/www.medellin.gov.co\/es\/wp-json\/wp\/v2\/posts\/266499\/revisions"}],"predecessor-version":[{"id":266515,"href":"https:\/\/www.medellin.gov.co\/es\/wp-json\/wp\/v2\/posts\/266499\/revisions\/266515"}],"wp:featuredmedia":[{"embeddable":true,"href":"https:\/\/www.medellin.gov.co\/es\/wp-json\/wp\/v2\/media\/266511"}],"wp:attachment":[{"href":"https:\/\/www.medellin.gov.co\/es\/wp-json\/wp\/v2\/media?parent=266499"}],"wp:term":[{"taxonomy":"category","embeddable":true,"href":"https:\/\/www.medellin.gov.co\/es\/wp-json\/wp\/v2\/categories?post=266499"},{"taxonomy":"post_tag","embeddable":true,"href":"https:\/\/www.medellin.gov.co\/es\/wp-json\/wp\/v2\/tags?post=266499"},{"taxonomy":"formato_nota","embeddable":true,"href":"https:\/\/www.medellin.gov.co\/es\/wp-json\/wp\/v2\/formato_nota?post=266499"},{"taxonomy":"programas_tax","embeddable":true,"href":"https:\/\/www.medellin.gov.co\/es\/wp-json\/wp\/v2\/programas_tax?post=266499"}],"curies":[{"name":"wp","href":"https:\/\/api.w.org\/{rel}","templated":true}]}}