{"id":266516,"date":"2023-10-14T12:21:49","date_gmt":"2023-10-14T17:21:49","guid":{"rendered":"https:\/\/www.medellin.gov.co\/es\/?p=266516"},"modified":"2023-10-14T12:21:49","modified_gmt":"2023-10-14T17:21:49","slug":"medellin-impulsa-la-formacion-con-perspectiva-de-genero-y-el-acceso-de-las-mujeres-a-la-educacion","status":"publish","type":"post","link":"https:\/\/www.medellin.gov.co\/es\/sala-de-prensa\/noticias\/medellin-impulsa-la-formacion-con-perspectiva-de-genero-y-el-acceso-de-las-mujeres-a-la-educacion\/","title":{"rendered":"Medell\u00edn impulsa la formaci\u00f3n con perspectiva de g\u00e9nero y el acceso de las mujeres a la educaci\u00f3n"},"content":{"rendered":"<ul>\n<li>Entre 2020 y 2022, la estrategia \u201cLa escuela encuentra a las mujeres\u201d facilit\u00f3 que 616 de ellas obtuvieran el t\u00edtulo de bachilleres.<\/li>\n<li>1.834 estudiantes de cobertura de educaci\u00f3n de adultos participaron en la c\u00e1tedra de g\u00e9nero, la cual aport\u00f3 elementos conceptuales para la comprensi\u00f3n, reflexi\u00f3n y transformaci\u00f3n de patrones culturales sexistas.<\/li>\n<li>Se ha asesorado a 83 instituciones educativas de las 16 comunas y los cinco corregimientos, para la incorporaci\u00f3n del enfoque de g\u00e9nero en los Proyectos Educativos Institucionales (PEI).<\/li>\n<\/ul>\n<!--[if lt IE 9]><script>document.createElement('audio');<\/script><![endif]-->\n\t<div class=\"wp-playlist wp-audio-playlist wp-playlist-light\">\n\t\t\t<div class=\"wp-playlist-current-item\"><\/div>\n\t\t<audio controls=\"controls\" preload=\"none\" width=\"640\"\n\t\t\t><\/audio>\n\t<div class=\"wp-playlist-next\"><\/div>\n\t<div class=\"wp-playlist-prev\"><\/div>\n\t<noscript>\n\t<ol>\n\t\t<li><a href='https:\/\/www.medellin.gov.co\/es\/wp-content\/uploads\/2023\/10\/experiencias-educativas.mp3'>Palabras de Yulieth Villegas, secretaria (e) de las Mujeres.<\/a><\/li>\t<\/ol>\n\t<\/noscript>\n\t<script type=\"application\/json\" class=\"wp-playlist-script\">{\"type\":\"audio\",\"tracklist\":true,\"tracknumbers\":true,\"images\":true,\"artists\":true,\"tracks\":[{\"src\":\"https:\\\/\\\/www.medellin.gov.co\\\/es\\\/wp-content\\\/uploads\\\/2023\\\/10\\\/experiencias-educativas.mp3\",\"type\":\"audio\\\/mpeg\",\"title\":\"Palabras de Yulieth Villegas, secretaria (e) de las Mujeres.\",\"caption\":\"\",\"description\":\"Palabras de Yulieth Villegas, secretaria (e) de las Mujeres\",\"meta\":{\"year\":\"2023\",\"length_formatted\":\"1:07\"},\"image\":{\"src\":\"https:\\\/\\\/www.medellin.gov.co\\\/es\\\/wp-includes\\\/images\\\/media\\\/audio.png\",\"width\":48,\"height\":64},\"thumb\":{\"src\":\"https:\\\/\\\/www.medellin.gov.co\\\/es\\\/wp-includes\\\/images\\\/media\\\/audio.png\",\"width\":48,\"height\":64}}]}<\/script>\n<\/div>\n\t\n<p><span style=\"font-weight: 400;\">Para contribuir con la disminuci\u00f3n de las discriminaciones y pr\u00e1cticas sexistas que impiden la igualdad de las mujeres en el sistema educativo, el Distrito de Medell\u00edn desarrolla el proyecto \u201cImplementaci\u00f3n de estrategias para la incorporaci\u00f3n del enfoque de g\u00e9nero en el sistema educativo\u201d, el cual hasta 2022 benefici\u00f3 a 616 mujeres adultas y en extraedad para culminar sus estudios de secundaria.\u00a0 Tambi\u00e9n, ha promovido la permanencia educativa de 1.309 mujeres, brind\u00e1ndoles herramientas de conectividad y apoyos de transporte y de cuidado a trav\u00e9s de la estrategia denominada \u201cLa escuela encuentra a las mujeres\u201d.\u00a0<\/span><\/p>\n<p><i><span style=\"font-weight: 400;\">\u201cUna mujer que accede a su derecho a la educaci\u00f3n es una mujer con mayores niveles de autonom\u00eda y, en ese sentido, tambi\u00e9n cuenta con mayores herramientas para romper con c\u00edrculos de violencia a los que eventualmente haya sido sometida. En la revoluci\u00f3n de la educaci\u00f3n, que impulsamos desde el Distrito, reconocemos a las mujeres que han logrado culminar su proceso educativo, a las instituciones que han recibido herramientas pedag\u00f3gicas, para que en esa experiencia de aula de clase puedan generar transformaciones en roles y estereotipos desde la primera infancia. De esta manera, se rompen reproducciones culturales que no han favorecido la igualdad de g\u00e9nero y las instituciones educativas reciben acompa\u00f1amiento para incorporar el enfoque de g\u00e9nero en sus Proyectos Educativos Institucionales\u201d, <\/span><\/i><span style=\"font-weight: 400;\">afirm\u00f3 la secretaria (e) de las Mujeres, Yulieth Villegas.<\/span><\/p>\n<p><span style=\"font-weight: 400;\">El Distrito ha sensibilizado a 733 personas de la comunidad educativa (directivos, docentes, estudiantes, Escuela de Padres y Madres y agentes educativos de Buen Comienzo), reconociendo actitudes sexistas que se perpet\u00faan en las pr\u00e1cticas pedag\u00f3gicas cotidianas de las instituciones educativas, con el fin de transformarlas y desnaturalizar la desigualdad de g\u00e9nero. Adicionalmente, 1.834 personas de educaci\u00f3n para adultos han pasado por la c\u00e1tedra de g\u00e9nero, la cual complementa el proceso de desnaturalizaci\u00f3n de las violencias basadas en g\u00e9nero.<\/span><\/p>\n<div id=\"attachment_266521\" style=\"width: 1210px\" class=\"wp-caption alignnone\"><img aria-describedby=\"caption-attachment-266521\" loading=\"lazy\" class=\"wp-image-266521 size-full\" title=\"Experiencias educativas\" src=\"https:\/\/www.medellin.gov.co\/es\/wp-content\/uploads\/2023\/10\/experiencias-educativas-2.jpg\" alt=\"Experiencias educativas\" width=\"1200\" height=\"801\" srcset=\"https:\/\/www.medellin.gov.co\/es\/wp-content\/uploads\/2023\/10\/experiencias-educativas-2.jpg 1200w, https:\/\/www.medellin.gov.co\/es\/wp-content\/uploads\/2023\/10\/experiencias-educativas-2-300x200.jpg 300w, https:\/\/www.medellin.gov.co\/es\/wp-content\/uploads\/2023\/10\/experiencias-educativas-2-1024x684.jpg 1024w, https:\/\/www.medellin.gov.co\/es\/wp-content\/uploads\/2023\/10\/experiencias-educativas-2-150x100.jpg 150w, https:\/\/www.medellin.gov.co\/es\/wp-content\/uploads\/2023\/10\/experiencias-educativas-2-768x513.jpg 768w\" sizes=\"(max-width: 1200px) 100vw, 1200px\" \/><p id=\"caption-attachment-266521\" class=\"wp-caption-text\">Experiencias educativas &#8211; Foto: Alcald\u00eda de Medell\u00edn<\/p><\/div>\n<p><span style=\"font-weight: 400;\">La Alcald\u00eda de Medell\u00edn, por medio de la Secretar\u00eda de las Mujeres, ha asesorado a 83 instituciones educativas para la incorporaci\u00f3n del enfoque de g\u00e9nero en los Proyectos Educativos Institucionales (PEI)\u00a0y en los Proyectos de Educaci\u00f3n Sexual y Construcci\u00f3n de Ciudadan\u00eda (PESCC), consolidado herramientas coeducativas para la incorporaci\u00f3n del enfoque de g\u00e9nero en las pr\u00e1cticas pedag\u00f3gicas cotidianas dispuestas en la Escuela Virtual del Aprendizaje, de libre acceso para las comunidades educativas y la ciudadan\u00eda.<\/span><\/p>\n<p><span style=\"font-weight: 400;\">A trav\u00e9s de la Red de Maestras por la Equidad de G\u00e9nero, se ha realizado acompa\u00f1amiento para la implementaci\u00f3n de acciones coeducativas y el fortalecimiento de su quehacer en la pr\u00e1ctica pedag\u00f3gica cotidiana. En relaci\u00f3n con las pr\u00e1cticas coeducativas, se llev\u00f3 a cabo el Encuentro de Experiencias Significativas en Coeducaci\u00f3n, con el objetivo de promover la inclusi\u00f3n del enfoque de g\u00e9nero en las pr\u00e1cticas pedag\u00f3gicas cotidianas, el cual cont\u00f3 con la participaci\u00f3n presencial de 141 personas y, en articulaci\u00f3n con el Centro de Innovaci\u00f3n del Maestro (MOVA Digital), se realiz\u00f3 la transmisi\u00f3n, con una participaci\u00f3n de 1.075 personas de diferentes lugares de Suram\u00e9rica.\u00a0<\/span><\/p>\n<p><i><span style=\"font-weight: 400;\">\u201cEn este momento nosotros trabajamos en las instituciones educativas con respecto a la equidad de g\u00e9nero, teniendo presente que todo est\u00e1 vinculado en el Programa Educativo Institucional, en la parte curricular; y de una manera muy, muy sencilla y clara hacerlo llegar a los estudiantes para que ellos identifiquen todo ese proceso, de qu\u00e9 es g\u00e9nero, qu\u00e9 es igualdad, qu\u00e9 son los estereotipos y de qu\u00e9 se trata una educaci\u00f3n no sexista en las instituciones educativas<\/span><\/i><span style=\"font-weight: 400;\">\u201d, dijo la coordinadora de la Red de Maestras de Equidad y G\u00e9nero, Luz Marina Rodr\u00edguez.\u00a0<\/span><\/p>\n<p><span style=\"font-weight: 400;\">El enfoque de garant\u00eda de derechos que tiene el <\/span><span style=\"font-weight: 400;\">proyecto \u201cImplementaci\u00f3n de estrategias para la incorporaci\u00f3n del enfoque de g\u00e9nero en el sistema educativo\u201d en el Distrito es un aspecto que permiti\u00f3 que fuera una iniciativa postulada al Premio de la UNESCO para la Educaci\u00f3n de las Ni\u00f1as y las Mujeres 2023; un logro que, sin duda, da cuenta del aporte a la disminuci\u00f3n de las pr\u00e1cticas sexistas que impiden la igualdad de las mujeres en el sistema educativo.<\/span><\/p>\n","protected":false},"excerpt":{"rendered":"<p>Entre 2020 y 2022, la estrategia \u201cLa escuela encuentra a las mujeres\u201d facilit\u00f3 que 616 de ellas obtuvieran el t\u00edtulo de bachilleres. 1.834 estudiantes de cobertura de educaci\u00f3n de adultos participaron en la c\u00e1tedra de &#8230;<\/p>\n","protected":false},"author":4,"featured_media":266519,"comment_status":"open","ping_status":"open","sticky":false,"template":"","format":"standard","meta":[],"categories":[15],"tags":[431],"formato_nota":[],"programas_tax":[],"acf":[],"_links":{"self":[{"href":"https:\/\/www.medellin.gov.co\/es\/wp-json\/wp\/v2\/posts\/266516"}],"collection":[{"href":"https:\/\/www.medellin.gov.co\/es\/wp-json\/wp\/v2\/posts"}],"about":[{"href":"https:\/\/www.medellin.gov.co\/es\/wp-json\/wp\/v2\/types\/post"}],"author":[{"embeddable":true,"href":"https:\/\/www.medellin.gov.co\/es\/wp-json\/wp\/v2\/users\/4"}],"replies":[{"embeddable":true,"href":"https:\/\/www.medellin.gov.co\/es\/wp-json\/wp\/v2\/comments?post=266516"}],"version-history":[{"count":1,"href":"https:\/\/www.medellin.gov.co\/es\/wp-json\/wp\/v2\/posts\/266516\/revisions"}],"predecessor-version":[{"id":266522,"href":"https:\/\/www.medellin.gov.co\/es\/wp-json\/wp\/v2\/posts\/266516\/revisions\/266522"}],"wp:featuredmedia":[{"embeddable":true,"href":"https:\/\/www.medellin.gov.co\/es\/wp-json\/wp\/v2\/media\/266519"}],"wp:attachment":[{"href":"https:\/\/www.medellin.gov.co\/es\/wp-json\/wp\/v2\/media?parent=266516"}],"wp:term":[{"taxonomy":"category","embeddable":true,"href":"https:\/\/www.medellin.gov.co\/es\/wp-json\/wp\/v2\/categories?post=266516"},{"taxonomy":"post_tag","embeddable":true,"href":"https:\/\/www.medellin.gov.co\/es\/wp-json\/wp\/v2\/tags?post=266516"},{"taxonomy":"formato_nota","embeddable":true,"href":"https:\/\/www.medellin.gov.co\/es\/wp-json\/wp\/v2\/formato_nota?post=266516"},{"taxonomy":"programas_tax","embeddable":true,"href":"https:\/\/www.medellin.gov.co\/es\/wp-json\/wp\/v2\/programas_tax?post=266516"}],"curies":[{"name":"wp","href":"https:\/\/api.w.org\/{rel}","templated":true}]}}