{"id":266523,"date":"2023-10-14T12:29:20","date_gmt":"2023-10-14T17:29:20","guid":{"rendered":"https:\/\/www.medellin.gov.co\/es\/?p=266523"},"modified":"2023-10-17T13:59:39","modified_gmt":"2023-10-17T18:59:39","slug":"medellin-estrena-unidad-movil-de-tramites-de-movilidad","status":"publish","type":"post","link":"https:\/\/www.medellin.gov.co\/es\/sala-de-prensa\/noticias\/medellin-estrena-unidad-movil-de-tramites-de-movilidad\/","title":{"rendered":"Medell\u00edn estrena Unidad M\u00f3vil de Tr\u00e1mites de Movilidad"},"content":{"rendered":"<ul>\n<li>Este servicio permite que los ciudadanos hagan diligencias de movilidad sin tener que ir hasta las oficinas de la secretar\u00eda.<\/li>\n<li>En 2023, ya se han realizado 19 brigadas empresariales en las que la unidad m\u00f3vil se ha trasladado para que los colaboradores puedan adelantar sus tr\u00e1mites.<\/li>\n<\/ul>\n<!--[if lt IE 9]><script>document.createElement('audio');<\/script><![endif]-->\n\t<div class=\"wp-playlist wp-audio-playlist wp-playlist-light\">\n\t\t\t<div class=\"wp-playlist-current-item\"><\/div>\n\t\t<audio controls=\"controls\" preload=\"none\" width=\"640\"\n\t\t\t><\/audio>\n\t<div class=\"wp-playlist-next\"><\/div>\n\t<div class=\"wp-playlist-prev\"><\/div>\n\t<noscript>\n\t<ol>\n\t\t<li><a href='https:\/\/www.medellin.gov.co\/es\/wp-content\/uploads\/2023\/10\/unidad-movil-tramites.mp3'>Palabras de Rosa Elena Buitrago, l\u00edder administrativa de la Secretar\u00eda de Movilidad.<\/a><\/li>\t<\/ol>\n\t<\/noscript>\n\t<script type=\"application\/json\" class=\"wp-playlist-script\">{\"type\":\"audio\",\"tracklist\":true,\"tracknumbers\":true,\"images\":true,\"artists\":true,\"tracks\":[{\"src\":\"https:\\\/\\\/www.medellin.gov.co\\\/es\\\/wp-content\\\/uploads\\\/2023\\\/10\\\/unidad-movil-tramites.mp3\",\"type\":\"audio\\\/mpeg\",\"title\":\"Palabras de Rosa Elena Buitrago, l\\u00edder administrativa de la Secretar\\u00eda de Movilidad.\",\"caption\":\"\",\"description\":\"Palabras de Rosa Elena Buitrago, l\\u00edder administrativa de la Secretar\\u00eda de Movilidad.\",\"meta\":{\"length_formatted\":\"0:39\"},\"image\":{\"src\":\"https:\\\/\\\/www.medellin.gov.co\\\/es\\\/wp-includes\\\/images\\\/media\\\/audio.png\",\"width\":48,\"height\":64},\"thumb\":{\"src\":\"https:\\\/\\\/www.medellin.gov.co\\\/es\\\/wp-includes\\\/images\\\/media\\\/audio.png\",\"width\":48,\"height\":64}}]}<\/script>\n<\/div>\n\t\n<p><span style=\"font-weight: 400;\">Para agilizar los tiempos de respuesta y brindar un mejor servicio, la Secretar\u00eda de Movilidad de Medell\u00edn cuenta con una nueva Unidad M\u00f3vil de Tr\u00e1mites, para que los ciudadanos puedan recibir, de manera gratuita, asesor\u00eda y servicios en materia de tr\u00e1nsito, en lugares diferentes a las sedes fijas dispuestas para la atenci\u00f3n al p\u00fablico.<\/span><\/p>\n<p><span style=\"font-weight: 400;\">Este es un veh\u00edculo dotado con alta tecnolog\u00eda y personal capacitado para ofrecer asesor\u00edas en temas relacionados como notificaciones por comparendos o inmovilizaci\u00f3n de veh\u00edculos, audiencias por incidentes y asesor\u00edas en tr\u00e1mites por Movilidad en L\u00ednea para inscripci\u00f3n de prenda, levantamiento de prenda, duplicado de licencia de tr\u00e1nsito, cambio de color, acreedor y entrega de veh\u00edculos, entre otros.<\/span><\/p>\n<p><i><span style=\"font-weight: 400;\">\u201cA trav\u00e9s de este veh\u00edculo acercamos nuestros servicios y tr\u00e1mites a la ciudadan\u00eda en el Distrito de Medell\u00edn; tambi\u00e9n y muy importante, se puede solicitar liquidaci\u00f3n de las cuotas de acuerdos de pago de las multas o comparendos y pagarlos a trav\u00e9s de d\u00e9bito electr\u00f3nico\u201d, <\/span><\/i><span style=\"font-weight: 400;\">afirm\u00f3 Rosa Elena Buitrago, l\u00edder administrativa de la Secretar\u00eda de Movilidad.\u00a0<\/span><\/p>\n<p><span style=\"font-weight: 400;\">En lo que va del a\u00f1o, la unidad m\u00f3vil, con la que ya cuenta la Secretar\u00eda de Movilidad, ha atendido a m\u00e1s de 2.100 usuarios que no tuvieron que visitar las sedes para resolver dudas o realizar alg\u00fan tr\u00e1mite. As\u00ed mismo, se han efectuado 19 brigadas empresariales en sitios como el Metro de Medell\u00edn, Telemedell\u00edn, Tax S\u00faper y Cl\u00ednica las Am\u00e9ricas, entre otros.\u00a0<\/span><\/p>\n<p><i><span style=\"font-weight: 400;\">\u201cVine a validar una multa en la unidad m\u00f3vil. Me pareci\u00f3 muy eficiente, mucho m\u00e1s corto a la hora de hacer el tr\u00e1mite; me la validan y me indican qu\u00e9 hacer; solo pagar y ya. Los invito a que se acerquen a la unidad m\u00f3vil para que sus tr\u00e1mites sean m\u00e1s cortos\u201d, <\/span><\/i><span style=\"font-weight: 400;\">afirm\u00f3 el usuario Alejandro David.\u00a0<\/span><\/p>\n<p><span style=\"font-weight: 400;\">Las empresas interesadas en tener la Unidad M\u00f3vil de Tr\u00e1mites en sus instalaciones pueden escribir a @sttmed y agendar la visita. Los d\u00edas en los que la unidad m\u00f3vil no est\u00e9 en brigada, estar\u00e1 ubicada a las afueras de la Secretar\u00eda de Movilidad para gestionar de manera m\u00e1s eficiente las solicitudes de los usuarios.<\/span><\/p>\n","protected":false},"excerpt":{"rendered":"<p>Este servicio permite que los ciudadanos hagan diligencias de movilidad sin tener que ir hasta las oficinas de la secretar\u00eda. En 2023, ya se han realizado 19 brigadas empresariales en las que la unidad m\u00f3vil &#8230;<\/p>\n","protected":false},"author":4,"featured_media":266527,"comment_status":"open","ping_status":"open","sticky":false,"template":"","format":"standard","meta":[],"categories":[14],"tags":[447,656,655],"formato_nota":[],"programas_tax":[],"acf":[],"_links":{"self":[{"href":"https:\/\/www.medellin.gov.co\/es\/wp-json\/wp\/v2\/posts\/266523"}],"collection":[{"href":"https:\/\/www.medellin.gov.co\/es\/wp-json\/wp\/v2\/posts"}],"about":[{"href":"https:\/\/www.medellin.gov.co\/es\/wp-json\/wp\/v2\/types\/post"}],"author":[{"embeddable":true,"href":"https:\/\/www.medellin.gov.co\/es\/wp-json\/wp\/v2\/users\/4"}],"replies":[{"embeddable":true,"href":"https:\/\/www.medellin.gov.co\/es\/wp-json\/wp\/v2\/comments?post=266523"}],"version-history":[{"count":2,"href":"https:\/\/www.medellin.gov.co\/es\/wp-json\/wp\/v2\/posts\/266523\/revisions"}],"predecessor-version":[{"id":266531,"href":"https:\/\/www.medellin.gov.co\/es\/wp-json\/wp\/v2\/posts\/266523\/revisions\/266531"}],"wp:featuredmedia":[{"embeddable":true,"href":"https:\/\/www.medellin.gov.co\/es\/wp-json\/wp\/v2\/media\/266527"}],"wp:attachment":[{"href":"https:\/\/www.medellin.gov.co\/es\/wp-json\/wp\/v2\/media?parent=266523"}],"wp:term":[{"taxonomy":"category","embeddable":true,"href":"https:\/\/www.medellin.gov.co\/es\/wp-json\/wp\/v2\/categories?post=266523"},{"taxonomy":"post_tag","embeddable":true,"href":"https:\/\/www.medellin.gov.co\/es\/wp-json\/wp\/v2\/tags?post=266523"},{"taxonomy":"formato_nota","embeddable":true,"href":"https:\/\/www.medellin.gov.co\/es\/wp-json\/wp\/v2\/formato_nota?post=266523"},{"taxonomy":"programas_tax","embeddable":true,"href":"https:\/\/www.medellin.gov.co\/es\/wp-json\/wp\/v2\/programas_tax?post=266523"}],"curies":[{"name":"wp","href":"https:\/\/api.w.org\/{rel}","templated":true}]}}