{"id":266618,"date":"2023-10-15T17:31:23","date_gmt":"2023-10-15T22:31:23","guid":{"rendered":"https:\/\/www.medellin.gov.co\/es\/?p=266618"},"modified":"2023-10-15T17:31:23","modified_gmt":"2023-10-15T22:31:23","slug":"mas-de-5-000-estudiantes-afianzan-sus-conocimientos-gracias-a-plataformas-digitales-y-a-computadores-futuro","status":"publish","type":"post","link":"https:\/\/www.medellin.gov.co\/es\/sala-de-prensa\/noticias\/mas-de-5-000-estudiantes-afianzan-sus-conocimientos-gracias-a-plataformas-digitales-y-a-computadores-futuro\/","title":{"rendered":"M\u00e1s de 5.000 estudiantes afianzan sus conocimientos gracias a plataformas digitales y a Computadores Futuro"},"content":{"rendered":"<ul>\n<li>Los procesos se dan a trav\u00e9s de alianzas con el Grupo Planeta y la embajada de Emiratos \u00c1rabes Unidos en Colombia.<\/li>\n<li>Con la plataforma Aulaplaneta, m\u00e1s de 1.000 alumnos de bachillerato de cinco instituciones educativas oficiales se capacitan en \u00e1reas b\u00e1sicas.<\/li>\n<li>115 maestros de 13 establecimientos escolares iniciaron la formaci\u00f3n en estrategias educativas con Digital School, lo que impactar\u00e1 a 4.000 ni\u00f1as y ni\u00f1os de primaria.<\/li>\n<\/ul>\n<!--[if lt IE 9]><script>document.createElement('audio');<\/script><![endif]-->\n\t<div class=\"wp-playlist wp-audio-playlist wp-playlist-light\">\n\t\t\t<div class=\"wp-playlist-current-item\"><\/div>\n\t\t<audio controls=\"controls\" preload=\"none\" width=\"640\"\n\t\t\t><\/audio>\n\t<div class=\"wp-playlist-next\"><\/div>\n\t<div class=\"wp-playlist-prev\"><\/div>\n\t<noscript>\n\t<ol>\n\t\t<li><a href='https:\/\/www.medellin.gov.co\/es\/wp-content\/uploads\/2023\/10\/plataformas-digitales.mp3'>Palabras de Juan David Agudelo Restrepo, secretario de Educaci\u00f3n.<\/a><\/li>\t<\/ol>\n\t<\/noscript>\n\t<script type=\"application\/json\" class=\"wp-playlist-script\">{\"type\":\"audio\",\"tracklist\":true,\"tracknumbers\":true,\"images\":true,\"artists\":true,\"tracks\":[{\"src\":\"https:\\\/\\\/www.medellin.gov.co\\\/es\\\/wp-content\\\/uploads\\\/2023\\\/10\\\/plataformas-digitales.mp3\",\"type\":\"audio\\\/mpeg\",\"title\":\"Palabras de Juan David Agudelo Restrepo, secretario de Educaci\\u00f3n.\",\"caption\":\"\",\"description\":\"Palabras de Juan David Agudelo Restrepo, secretario de Educaci\\u00f3n.\",\"meta\":{\"length_formatted\":\"0:41\"},\"image\":{\"src\":\"https:\\\/\\\/www.medellin.gov.co\\\/es\\\/wp-includes\\\/images\\\/media\\\/audio.png\",\"width\":48,\"height\":64},\"thumb\":{\"src\":\"https:\\\/\\\/www.medellin.gov.co\\\/es\\\/wp-includes\\\/images\\\/media\\\/audio.png\",\"width\":48,\"height\":64}}]}<\/script>\n<\/div>\n\t\n<p><span style=\"font-weight: 400;\">Medell\u00edn se consolida como Distrito de Ciencia, Tecnolog\u00eda e Innovaci\u00f3n con la implementaci\u00f3n de estrategias educativas a trav\u00e9s de plataformas digitales que fortalecen el aprendizaje de m\u00e1s de 5.000 estudiantes de instituciones oficiales del Distrito.<\/span><\/p>\n<p><i><span style=\"font-weight: 400;\">\u201cLa Secretar\u00eda de Educaci\u00f3n trabaja para que la ciudad se constituya en ese Valle del Software, del cual somos la semilla. De la mano de entidades internacionales y de aliados estrat\u00e9gicos estamos llevando herramientas tecnol\u00f3gicas a la educaci\u00f3n. Adem\u00e1s, con los Computadores Futuro tenemos la posibilidad de vincular, tanto a maestros como a estudiantes a que con estas herramientas puedan desarrollar mejor sus habilidades y destrezas y adquirir conocimiento para construir su futuro\u201d<\/span><\/i><span style=\"font-weight: 400;\">, afirm\u00f3 el secretario de Educaci\u00f3n, Juan David Agudelo Restrepo.<\/span><\/p>\n<p><span style=\"font-weight: 400;\">En este prop\u00f3sito, la Alcald\u00eda de Medell\u00edn estableci\u00f3 una alianza con el Grupo Planeta para utilizar Aulaplaneta, un aplicativo web en el que m\u00e1s de 1.000 estudiantes de cinco establecimientos oficiales participan de un piloto con sus <\/span><i><span style=\"font-weight: 400;\">Computadores Futuro<\/span><\/i><span style=\"font-weight: 400;\">. Todos ellos seleccionan dos asignaturas curriculares entre ciencias naturales, f\u00edsica y qu\u00edmica, lenguaje y matem\u00e1ticas, con el fin de generar una experiencia formativa a trav\u00e9s de medios digitales.<\/span><\/p>\n<p><i><span style=\"font-weight: 400;\">\u201cPara m\u00ed, la plataforma Aulaplaneta es muy importante, ya que, de todas las materias que vemos en la instituci\u00f3n, hemos podido ver todos los temas que se van a tratar durante los periodos e incluso los siguientes a\u00f1os. Me parece que es una plataforma educativa y que contiene muchas actividades con las que podemos repasar y aprender\u201d,<\/span><\/i><span style=\"font-weight: 400;\"> dijo el estudiante de la instituci\u00f3n educativa Juan Mari\u0301a Ce\u0301spedes, Juan Sebasti\u00e1n Cardona.<\/span><\/p>\n<p><span style=\"font-weight: 400;\">La embajada de <\/span><span style=\"font-weight: 400;\">Emiratos \u00c1rabes Unidos en Colombia es otra aliada de la administraci\u00f3n. Con esta comenz\u00f3 un proceso de formaci\u00f3n de 115 maestros de 13 instituciones oficiales para expandir las oportunidades de educaci\u00f3n con conocimientos, experiencias y sistemas que hayan demostrado una eficacia en el desarrollo de una visi\u00f3n realista y moderna, y un enfoque de futuro, que beneficiar\u00e1 a 4.000 estudiantes de primaria.<\/span><\/p>\n<p><span style=\"font-weight: 400;\">Es as\u00ed como la Secretar\u00eda de Educaci\u00f3n busca implementar estrategias que afianzan el enfoque educativo Ser + STEM, la Cuarta Revoluci\u00f3n Industrial y la preparaci\u00f3n para los retos del siglo XXI, lo que contribuye a la transformaci\u00f3n educativa y a la construcci\u00f3n del <\/span><i><span style=\"font-weight: 400;\">Valle del Software<\/span><\/i><span style=\"font-weight: 400;\">.<\/span><\/p>\n","protected":false},"excerpt":{"rendered":"<p>Los procesos se dan a trav\u00e9s de alianzas con el Grupo Planeta y la embajada de Emiratos \u00c1rabes Unidos en Colombia. Con la plataforma Aulaplaneta, m\u00e1s de 1.000 alumnos de bachillerato de cinco instituciones educativas &#8230;<\/p>\n","protected":false},"author":4,"featured_media":266624,"comment_status":"open","ping_status":"open","sticky":false,"template":"","format":"standard","meta":[],"categories":[4],"tags":[431],"formato_nota":[],"programas_tax":[],"acf":[],"_links":{"self":[{"href":"https:\/\/www.medellin.gov.co\/es\/wp-json\/wp\/v2\/posts\/266618"}],"collection":[{"href":"https:\/\/www.medellin.gov.co\/es\/wp-json\/wp\/v2\/posts"}],"about":[{"href":"https:\/\/www.medellin.gov.co\/es\/wp-json\/wp\/v2\/types\/post"}],"author":[{"embeddable":true,"href":"https:\/\/www.medellin.gov.co\/es\/wp-json\/wp\/v2\/users\/4"}],"replies":[{"embeddable":true,"href":"https:\/\/www.medellin.gov.co\/es\/wp-json\/wp\/v2\/comments?post=266618"}],"version-history":[{"count":1,"href":"https:\/\/www.medellin.gov.co\/es\/wp-json\/wp\/v2\/posts\/266618\/revisions"}],"predecessor-version":[{"id":266625,"href":"https:\/\/www.medellin.gov.co\/es\/wp-json\/wp\/v2\/posts\/266618\/revisions\/266625"}],"wp:featuredmedia":[{"embeddable":true,"href":"https:\/\/www.medellin.gov.co\/es\/wp-json\/wp\/v2\/media\/266624"}],"wp:attachment":[{"href":"https:\/\/www.medellin.gov.co\/es\/wp-json\/wp\/v2\/media?parent=266618"}],"wp:term":[{"taxonomy":"category","embeddable":true,"href":"https:\/\/www.medellin.gov.co\/es\/wp-json\/wp\/v2\/categories?post=266618"},{"taxonomy":"post_tag","embeddable":true,"href":"https:\/\/www.medellin.gov.co\/es\/wp-json\/wp\/v2\/tags?post=266618"},{"taxonomy":"formato_nota","embeddable":true,"href":"https:\/\/www.medellin.gov.co\/es\/wp-json\/wp\/v2\/formato_nota?post=266618"},{"taxonomy":"programas_tax","embeddable":true,"href":"https:\/\/www.medellin.gov.co\/es\/wp-json\/wp\/v2\/programas_tax?post=266618"}],"curies":[{"name":"wp","href":"https:\/\/api.w.org\/{rel}","templated":true}]}}