{"id":275650,"date":"2023-11-02T16:19:24","date_gmt":"2023-11-02T21:19:24","guid":{"rendered":"https:\/\/www.medellin.gov.co\/es\/?p=275650"},"modified":"2023-11-02T16:19:24","modified_gmt":"2023-11-02T21:19:24","slug":"mas-de-20-000-asistentes-a-expoingenieria-conoceran-los-avances-en-el-desarrollo-de-proyectos-de-infraestructura-para-medellin-y-el-pais","status":"publish","type":"post","link":"https:\/\/www.medellin.gov.co\/es\/sala-de-prensa\/noticias\/mas-de-20-000-asistentes-a-expoingenieria-conoceran-los-avances-en-el-desarrollo-de-proyectos-de-infraestructura-para-medellin-y-el-pais\/","title":{"rendered":"M\u00e1s de 20.000 asistentes a Expoingenier\u00eda conocer\u00e1n los avances en el desarrollo de proyectos de infraestructura para Medell\u00edn y el pa\u00eds"},"content":{"rendered":"<ul>\n<li>Del 2 al 4 de noviembre, Plaza Mayor ser\u00e1 la sede de una de las ferias m\u00e1s grandes en materia de ingenier\u00eda.<\/li>\n<li>El espacio cuenta con una muestra comercial de los \u00faltimos avances realizados desde la academia para el desarrollo de las industrias en la regi\u00f3n.<\/li>\n<li>Este encuentro espera generar cerca de 1.500 empleos directos e indirectos, dinamizando las oportunidades de la industria en la ciudad.<\/li>\n<\/ul>\n<!--[if lt IE 9]><script>document.createElement('audio');<\/script><![endif]-->\n\t<div class=\"wp-playlist wp-audio-playlist wp-playlist-light\">\n\t\t\t<div class=\"wp-playlist-current-item\"><\/div>\n\t\t<audio controls=\"controls\" preload=\"none\" width=\"640\"\n\t\t\t><\/audio>\n\t<div class=\"wp-playlist-next\"><\/div>\n\t<div class=\"wp-playlist-prev\"><\/div>\n\t<noscript>\n\t<ol>\n\t\t<li><a href='https:\/\/www.medellin.gov.co\/es\/wp-content\/uploads\/2023\/11\/lanzamiento-expoingenieria.mp3'>Palabras de V\u00edctor Zapata, gerente de Plaza Mayor.<\/a><\/li>\t<\/ol>\n\t<\/noscript>\n\t<script type=\"application\/json\" class=\"wp-playlist-script\">{\"type\":\"audio\",\"tracklist\":true,\"tracknumbers\":true,\"images\":true,\"artists\":true,\"tracks\":[{\"src\":\"https:\\\/\\\/www.medellin.gov.co\\\/es\\\/wp-content\\\/uploads\\\/2023\\\/11\\\/lanzamiento-expoingenieria.mp3\",\"type\":\"audio\\\/mpeg\",\"title\":\"Palabras de V\\u00edctor Zapata, gerente de Plaza Mayor.\",\"caption\":\"\",\"description\":\"Palabras de V\\u00edctor Zapata, gerente de Plaza Mayor.\",\"meta\":{\"year\":\"2023\",\"length_formatted\":\"0:28\"},\"image\":{\"src\":\"https:\\\/\\\/www.medellin.gov.co\\\/es\\\/wp-includes\\\/images\\\/media\\\/audio.png\",\"width\":48,\"height\":64},\"thumb\":{\"src\":\"https:\\\/\\\/www.medellin.gov.co\\\/es\\\/wp-includes\\\/images\\\/media\\\/audio.png\",\"width\":48,\"height\":64}}]}<\/script>\n<\/div>\n\t\n<p><span style=\"font-weight: 400;\">Regresa a Plaza Mayor la segunda edici\u00f3n de Expoingenier\u00eda, una de las ferias m\u00e1s importantes de ingenier\u00eda en el pa\u00eds. El encuentro, organizado por el Centro de Convenciones y Exposiciones de Medell\u00edn y la Universidad de Antioquia, ofrece, de manera gratuita, del 2 al 4 de noviembre, una muestra comercial <\/span><span style=\"font-weight: 400;\">para conocer e interactuar con nuevas propuestas e investigaci\u00f3n en \u00e1reas como energ\u00eda, infraestructura, tecnolog\u00edas 4.0 e ingenier\u00eda vital.<\/span><\/p>\n<p><span style=\"font-weight: 400;\">Se espera que cerca de 20.000 personas participen en esta segunda edici\u00f3n que involucra la ciencia, la tecnolog\u00eda y la innovaci\u00f3n para promover la colaboraci\u00f3n y el intercambio de conocimientos entre el Estado, las empresas, las universidades y la sociedad.\u00a0<\/span><\/p>\n<p><span style=\"font-weight: 400;\">\u201c<\/span><i><span style=\"font-weight: 400;\">Hubo una primera versi\u00f3n en 2018 y ahora regresa, en 2023, de la mano la Universidad de Antioquia y Plaza Mayor Medell\u00edn. Tendremos rueda de negocios, componente ferial, toda la oferta acad\u00e9mica con speakers, expertos nacionales e internacionales, y otra cantidad de eventos complementarios para enriquecer la oferta<\/span><\/i><span style=\"font-weight: 400;\">\u201d, expres\u00f3 el gerente de Plaza Mayor, V\u00edctor Zapata.<\/span><\/p>\n<p><span style=\"font-weight: 400;\">En esta ocasi\u00f3n, se tendr\u00e1n cuatro tem\u00e1ticas como ejes transversales: Energ\u00eda, Infraestructura, Tecnolog\u00eda 4.0 e Ingenier\u00eda Vital, adem\u00e1s de actividades especiales como la Feria de Innovaci\u00f3n Empresarial con m\u00e1s de 200 stands; el sexto Simposio de Ingenier\u00eda Qu\u00edmica de la Universidad de Antioquia y el Campamento Maker 2023, una innovaci\u00f3n para la transformaci\u00f3n educativa.<\/span><\/p>\n<p><span style=\"font-weight: 400;\">\u201c<\/span><i><span style=\"font-weight: 400;\">Vive la ingenier\u00eda a otro nivel, crea una realidad diferente, ese es el lema de Expoingenier\u00eda 2023. Si me preguntan qu\u00e9 es Expoingenier\u00eda, es la mayor feria de ingenier\u00eda que hay en el pa\u00eds, donde la ciencia, la investigaci\u00f3n y la innovaci\u00f3n permiten mostrar lo que particularmente es la Universidad de Antioquia con sus grupos de investigaci\u00f3n, sus semilleros a la comunidad en general, al pa\u00eds y al mundo\u201d<\/span><\/i><span style=\"font-weight: 400;\">, dijo<\/span><span style=\"font-weight: 400;\"> el decano de la Facultad de Ingenier\u00eda de la Universidad de Antioquia, Julio C\u00e9sar Saldarriaga Molina.\u00a0<\/span><\/p>\n<div id=\"attachment_275655\" style=\"width: 1210px\" class=\"wp-caption alignnone\"><img aria-describedby=\"caption-attachment-275655\" loading=\"lazy\" class=\"wp-image-275655 size-full\" title=\"Lanzamiento Expoingenier\u00eda 2023\" src=\"https:\/\/www.medellin.gov.co\/es\/wp-content\/uploads\/2023\/11\/lanzamiento-expoingenieria-2.jpg\" alt=\"Lanzamiento Expoingenier\u00eda 2023\" width=\"1200\" height=\"675\" srcset=\"https:\/\/www.medellin.gov.co\/es\/wp-content\/uploads\/2023\/11\/lanzamiento-expoingenieria-2.jpg 1200w, https:\/\/www.medellin.gov.co\/es\/wp-content\/uploads\/2023\/11\/lanzamiento-expoingenieria-2-300x169.jpg 300w, https:\/\/www.medellin.gov.co\/es\/wp-content\/uploads\/2023\/11\/lanzamiento-expoingenieria-2-1024x576.jpg 1024w, https:\/\/www.medellin.gov.co\/es\/wp-content\/uploads\/2023\/11\/lanzamiento-expoingenieria-2-150x84.jpg 150w, https:\/\/www.medellin.gov.co\/es\/wp-content\/uploads\/2023\/11\/lanzamiento-expoingenieria-2-768x432.jpg 768w\" sizes=\"(max-width: 1200px) 100vw, 1200px\" \/><p id=\"caption-attachment-275655\" class=\"wp-caption-text\">Lanzamiento Expoingenier\u00eda 2023 &#8211; Foto: Alcald\u00eda de Medell\u00edn<\/p><\/div>\n<p><span style=\"font-weight: 400;\">En el marco del evento se llevar\u00e1n a cabo diferentes momentos, tales como la conmemoraci\u00f3n de los 220 a\u00f1os de la Universidad de Antioquia, los 80 a\u00f1os de la Facultad de Ingenier\u00eda y de su programa de Ingenier\u00eda Qu\u00edmica y los 20 a\u00f1os del Comit\u00e9 Universidad Empresa Estado CUEE.<\/span><\/p>\n<p><span style=\"font-weight: 400;\">En el certamen participan el Distrito Especial de Ciencia, Tecnolog\u00eda e Innovaci\u00f3n, Medell\u00edn Aqu\u00ed Todo Florece, Conglomerado P\u00fablico de Medell\u00edn; Colombia Potencia de Vida; Agenda Antioquia 2040; Gobernaci\u00f3n de Antioquia; T\u00fanel Guillermo Gaviria Echeverri; el Metro de Medell\u00edn, Tecnnova; Pygmalion y TalentPitch.<\/span><\/p>\n<p><span style=\"font-weight: 400;\">Alexander Galvis Quintero, es un estudiante de doctorado y pertenece al grupo de investigaci\u00f3n en Telecomunicaciones Aplicadas GITA de la Facultad de Ingenier\u00eda de Electr\u00f3nica de la Universidad de Antioquia, desde este grupo se realizan an\u00e1lisis de investigaci\u00f3n sobre diferentes tecnolog\u00edas en telecomunicaciones, inform\u00e1tica, procesamiento de se\u00f1ales la manera como se pueden aplicar estos resultados de para solucionar problemas en la sociedad. \u00c9l participa en esta segunda versi\u00f3n y cuenta que \u00ab<\/span><i><span style=\"font-weight: 400;\">eventos como este, como Expoingenier\u00eda, son supremamente importantes para nosotros porque nos permite mostrar esos resultados de investigaci\u00f3n y explicarle a diferentes interesados qu\u00e9 relevancia tienen esos aportes al desarrollo social, econ\u00f3mico y cultural pues que tenemos nosotros como regi\u00f3n principalmente\u00bb<\/span><\/i><span style=\"font-weight: 400;\">.<\/span><\/p>\n<p><span style=\"font-weight: 400;\">Expoingenier\u00eda 2023 es el lugar para encontrar soluciones a los desaf\u00edos del mundo actual. Toda la programaci\u00f3n se encuentra en <\/span><a href=\"http:\/\/www.expoingenieria.edu.co\" target=\"_blank\" rel=\"noopener\"><span style=\"font-weight: 400;\">www.expoingenieria.edu.co<\/span><\/a><span style=\"font-weight: 400;\">.\u00a0\u00a0<\/span><\/p>\n","protected":false},"excerpt":{"rendered":"<p>Del 2 al 4 de noviembre, Plaza Mayor ser\u00e1 la sede de una de las ferias m\u00e1s grandes en materia de ingenier\u00eda. El espacio cuenta con una muestra comercial de los \u00faltimos avances realizados desde &#8230;<\/p>\n","protected":false},"author":4,"featured_media":275653,"comment_status":"open","ping_status":"open","sticky":false,"template":"","format":"standard","meta":[],"categories":[17],"tags":[634,428],"formato_nota":[],"programas_tax":[],"acf":[],"_links":{"self":[{"href":"https:\/\/www.medellin.gov.co\/es\/wp-json\/wp\/v2\/posts\/275650"}],"collection":[{"href":"https:\/\/www.medellin.gov.co\/es\/wp-json\/wp\/v2\/posts"}],"about":[{"href":"https:\/\/www.medellin.gov.co\/es\/wp-json\/wp\/v2\/types\/post"}],"author":[{"embeddable":true,"href":"https:\/\/www.medellin.gov.co\/es\/wp-json\/wp\/v2\/users\/4"}],"replies":[{"embeddable":true,"href":"https:\/\/www.medellin.gov.co\/es\/wp-json\/wp\/v2\/comments?post=275650"}],"version-history":[{"count":1,"href":"https:\/\/www.medellin.gov.co\/es\/wp-json\/wp\/v2\/posts\/275650\/revisions"}],"predecessor-version":[{"id":275657,"href":"https:\/\/www.medellin.gov.co\/es\/wp-json\/wp\/v2\/posts\/275650\/revisions\/275657"}],"wp:featuredmedia":[{"embeddable":true,"href":"https:\/\/www.medellin.gov.co\/es\/wp-json\/wp\/v2\/media\/275653"}],"wp:attachment":[{"href":"https:\/\/www.medellin.gov.co\/es\/wp-json\/wp\/v2\/media?parent=275650"}],"wp:term":[{"taxonomy":"category","embeddable":true,"href":"https:\/\/www.medellin.gov.co\/es\/wp-json\/wp\/v2\/categories?post=275650"},{"taxonomy":"post_tag","embeddable":true,"href":"https:\/\/www.medellin.gov.co\/es\/wp-json\/wp\/v2\/tags?post=275650"},{"taxonomy":"formato_nota","embeddable":true,"href":"https:\/\/www.medellin.gov.co\/es\/wp-json\/wp\/v2\/formato_nota?post=275650"},{"taxonomy":"programas_tax","embeddable":true,"href":"https:\/\/www.medellin.gov.co\/es\/wp-json\/wp\/v2\/programas_tax?post=275650"}],"curies":[{"name":"wp","href":"https:\/\/api.w.org\/{rel}","templated":true}]}}