{"id":276071,"date":"2023-11-03T10:33:40","date_gmt":"2023-11-03T15:33:40","guid":{"rendered":"https:\/\/www.medellin.gov.co\/es\/?p=276071"},"modified":"2023-11-03T10:33:40","modified_gmt":"2023-11-03T15:33:40","slug":"en-la-institucion-educativa-gilberto-alzate-avendano-estrenan-aulas-de-clase-y-restaurante-escolar","status":"publish","type":"post","link":"https:\/\/www.medellin.gov.co\/es\/sala-de-prensa\/noticias\/en-la-institucion-educativa-gilberto-alzate-avendano-estrenan-aulas-de-clase-y-restaurante-escolar\/","title":{"rendered":"En la instituci\u00f3n educativa Gilberto Alzate Avenda\u00f1o estrenan aulas de clase y restaurante escolar"},"content":{"rendered":"<ul>\n<li>La Secretar\u00eda de Educaci\u00f3n y la Empresa de Desarrollo Urbano entregaron el primer bloque como parte de la renovaci\u00f3n que se adelanta en esta sede.<\/li>\n<li>M\u00e1s de 1.500 estudiantes se benefician con estas obras, en las que se invierten m\u00e1s de $12.700 millones.<\/li>\n<li>El avance en este establecimiento educativo super\u00f3 el 30 %.<\/li>\n<\/ul>\n<!--[if lt IE 9]><script>document.createElement('audio');<\/script><![endif]-->\n\t<div class=\"wp-playlist wp-audio-playlist wp-playlist-light\">\n\t\t\t<div class=\"wp-playlist-current-item\"><\/div>\n\t\t<audio controls=\"controls\" preload=\"none\" width=\"640\"\n\t\t\t><\/audio>\n\t<div class=\"wp-playlist-next\"><\/div>\n\t<div class=\"wp-playlist-prev\"><\/div>\n\t<noscript>\n\t<ol>\n\t\t<li><a href='https:\/\/www.medellin.gov.co\/es\/wp-content\/uploads\/2023\/11\/Institucion-Educativa-Gilberto-Alzate-Avendano-01.mp3'>Palabras de Margarita Contreras, subgerente de Ejecuci\u00f3n de Proyectos de la EDU<\/a><\/li><li><a href='https:\/\/www.medellin.gov.co\/es\/wp-content\/uploads\/2023\/11\/Institucion-Educativa-Gilberto-Alzate-Avendano-02.mp3'>Palabras de Boney Alberto Yepes, l\u00edder comunitario de Aranjuez<\/a><\/li><li><a href='https:\/\/www.medellin.gov.co\/es\/wp-content\/uploads\/2023\/11\/Institucion-Educativa-Gilberto-Alzate-Avendano-03.mp3'>Palabras de Juan Felipe Mu\u00f1oz, representante estudiantil<\/a><\/li>\t<\/ol>\n\t<\/noscript>\n\t<script type=\"application\/json\" class=\"wp-playlist-script\">{\"type\":\"audio\",\"tracklist\":true,\"tracknumbers\":true,\"images\":true,\"artists\":true,\"tracks\":[{\"src\":\"https:\\\/\\\/www.medellin.gov.co\\\/es\\\/wp-content\\\/uploads\\\/2023\\\/11\\\/Institucion-Educativa-Gilberto-Alzate-Avendano-01.mp3\",\"type\":\"audio\\\/mpeg\",\"title\":\"Palabras de Margarita Contreras, subgerente de Ejecuci\\u00f3n de Proyectos de la EDU\",\"caption\":\"\",\"description\":\"\\u00abInstitucion-Educativa-Gilberto-Alzate-Avenda\\u00f1o-01\\u00bb.\",\"meta\":{\"length_formatted\":\"1:11\"},\"image\":{\"src\":\"https:\\\/\\\/www.medellin.gov.co\\\/es\\\/wp-includes\\\/images\\\/media\\\/audio.png\",\"width\":48,\"height\":64},\"thumb\":{\"src\":\"https:\\\/\\\/www.medellin.gov.co\\\/es\\\/wp-includes\\\/images\\\/media\\\/audio.png\",\"width\":48,\"height\":64}},{\"src\":\"https:\\\/\\\/www.medellin.gov.co\\\/es\\\/wp-content\\\/uploads\\\/2023\\\/11\\\/Institucion-Educativa-Gilberto-Alzate-Avendano-02.mp3\",\"type\":\"audio\\\/mpeg\",\"title\":\"Palabras de Boney Alberto Yepes, l\\u00edder comunitario de Aranjuez\",\"caption\":\"\",\"description\":\"\\u00abPalabras de Boney Alberto Yepes, l\\u00edder comunitario de Aranjuez\\u00bb.\",\"meta\":{\"length_formatted\":\"0:39\"},\"image\":{\"src\":\"https:\\\/\\\/www.medellin.gov.co\\\/es\\\/wp-includes\\\/images\\\/media\\\/audio.png\",\"width\":48,\"height\":64},\"thumb\":{\"src\":\"https:\\\/\\\/www.medellin.gov.co\\\/es\\\/wp-includes\\\/images\\\/media\\\/audio.png\",\"width\":48,\"height\":64}},{\"src\":\"https:\\\/\\\/www.medellin.gov.co\\\/es\\\/wp-content\\\/uploads\\\/2023\\\/11\\\/Institucion-Educativa-Gilberto-Alzate-Avendano-03.mp3\",\"type\":\"audio\\\/mpeg\",\"title\":\"Palabras de Juan Felipe Mu\\u00f1oz, representante estudiantil\",\"caption\":\"\",\"description\":\"\\u00abPalabras de Juan Felipe Mu\\u00f1oz, representante estudiantil\\u00bb.\",\"meta\":{\"length_formatted\":\"0:36\"},\"image\":{\"src\":\"https:\\\/\\\/www.medellin.gov.co\\\/es\\\/wp-includes\\\/images\\\/media\\\/audio.png\",\"width\":48,\"height\":64},\"thumb\":{\"src\":\"https:\\\/\\\/www.medellin.gov.co\\\/es\\\/wp-includes\\\/images\\\/media\\\/audio.png\",\"width\":48,\"height\":64}}]}<\/script>\n<\/div>\n\t\n<p>Los estudiantes de los grados d\u00e9cimo y once y de media t\u00e9cnica de la instituci\u00f3n educativa Gilberto Alzate Avenda\u00f1o ya disfrutan de aulas de clase renovadas como parte de la intervenci\u00f3n integral en esta sede del nororiente de la ciudad. La Empresa de Desarrollo Urbano (EDU) y la Secretar\u00eda de Educaci\u00f3n entregaron los primeros espacios, que comprenden un bloque con diez aulas de clase, sal\u00f3n de m\u00fasica, biblioteca, sala de sistemas, taller de mantenimiento y oficinas, adem\u00e1s del restaurante y comedor escolar.<\/p>\n<p>La subgerente de Ejecuci\u00f3n de Proyectos de la EDU, Margarita Contreras, se\u00f1al\u00f3 que los trabajos en este plantel ya superan el 30 %. \u201c<em>En esta sede estamos haciendo una renovaci\u00f3n integral que contempla el cambio de 3.000 metros cuadrados de la cubierta, el mejoramiento de tres placas polideportivas, la instalaci\u00f3n de un gimnasio al aire libre, el mantenimiento de redes hidrosanitarias y el\u00e9ctricas y de muros y losas, la reposici\u00f3n de pisos, ventanas y puertas en mal estado, la remodelaci\u00f3n de unidades sanitarias, la adecuaci\u00f3n de zonas de circulaci\u00f3n para personas con movilidad reducida y la instalaci\u00f3n de un nuevo espacio para los dos caninos de apoyo a la seguridad en la instituci\u00f3n<\/em>\u201d.<\/p>\n<p>Con esta ejecuci\u00f3n se han generado 43 empleos, de los cuales el 63 % ha sido mano de obra de la zona.<\/p>\n<div id=\"attachment_276087\" style=\"width: 1290px\" class=\"wp-caption alignnone\"><a href=\"https:\/\/www.medellin.gov.co\/es\/wp-content\/uploads\/2023\/11\/Institucion-Educativa-Gilberto-Alzate-Avendano-2-1.jpg\" target=\"_blank\" rel=\"noopener\"><img aria-describedby=\"caption-attachment-276087\" loading=\"lazy\" class=\"wp-image-276087 size-full\" title=\"En la instituci\u00f3n educativa Gilberto Alzate Avenda\u00f1o estrenan aulas de clase y restaurante escolar\" src=\"https:\/\/www.medellin.gov.co\/es\/wp-content\/uploads\/2023\/11\/Institucion-Educativa-Gilberto-Alzate-Avendano-2-1.jpg\" alt=\"En la instituci\u00f3n educativa Gilberto Alzate Avenda\u00f1o estrenan aulas de clase y restaurante escolar\" width=\"1280\" height=\"853\" srcset=\"https:\/\/www.medellin.gov.co\/es\/wp-content\/uploads\/2023\/11\/Institucion-Educativa-Gilberto-Alzate-Avendano-2-1.jpg 1280w, https:\/\/www.medellin.gov.co\/es\/wp-content\/uploads\/2023\/11\/Institucion-Educativa-Gilberto-Alzate-Avendano-2-1-300x200.jpg 300w, https:\/\/www.medellin.gov.co\/es\/wp-content\/uploads\/2023\/11\/Institucion-Educativa-Gilberto-Alzate-Avendano-2-1-1024x682.jpg 1024w, https:\/\/www.medellin.gov.co\/es\/wp-content\/uploads\/2023\/11\/Institucion-Educativa-Gilberto-Alzate-Avendano-2-1-150x100.jpg 150w, https:\/\/www.medellin.gov.co\/es\/wp-content\/uploads\/2023\/11\/Institucion-Educativa-Gilberto-Alzate-Avendano-2-1-768x512.jpg 768w\" sizes=\"(max-width: 1280px) 100vw, 1280px\" \/><\/a><p id=\"caption-attachment-276087\" class=\"wp-caption-text\">En la instituci\u00f3n educativa Gilberto Alzate Avenda\u00f1o estrenan aulas de clase y restaurante escolar<\/p><\/div>\n<p>\u201c<em>Est\u00e1 quedando excelente, ya que ten\u00edamos una estructura que ven\u00eda colapsada y que ahora, con la inversi\u00f3n, veo el cambio que es algo fundamental en el territorio. Es algo que va a quedar no solo para la comuna sino con enfoque de ciudad y grande para nuestros alumnos y personal docente<\/em>\u201d, asegur\u00f3 el l\u00edder comunitario de Aranjuez, Boney Alberto Yepes.<\/p>\n<p>Como parte del plan de mejoramiento de la infraestructura educativa, el Distrito destin\u00f3 m\u00e1s de $12.700 millones a la renovaci\u00f3n integral de esta sede.<\/p>\n<p>\u201c<em>Supremamente hermoso, comparado con el a\u00f1o pasado que sufrimos de ca\u00eddas, de goteras. Ya estamos en condiciones \u00f3ptimas para seguir estudiando, porque muchos dejaban el colegio por el deterioro de la infraestructura. Esta obra la anunciaron desde que yo estaba en quinto. De verdad nunca lo esper\u00e9 y ahora, al ver el cambio, estoy muy feliz, porque yo como personero quiero lo mejor para los estudiantes<\/em>\u201d, destac\u00f3 el representante estudiantil, Juan Felipe Mu\u00f1oz.<\/p>\n<p>Se espera que la intervenci\u00f3n en el Gilberto Alzate termine en julio de 2024, en beneficio de 1.500 estudiantes y m\u00e1s de 120 servidores entre personal docente y administrativo.<\/p>\n","protected":false},"excerpt":{"rendered":"<p>La Secretar\u00eda de Educaci\u00f3n y la Empresa de Desarrollo Urbano entregaron el primer bloque como parte de la renovaci\u00f3n que se adelanta en esta sede. M\u00e1s de 1.500 estudiantes se benefician con estas obras, en &#8230;<\/p>\n","protected":false},"author":21,"featured_media":276085,"comment_status":"open","ping_status":"open","sticky":false,"template":"","format":"standard","meta":[],"categories":[4,17],"tags":[634,431,442],"formato_nota":[],"programas_tax":[],"acf":[],"_links":{"self":[{"href":"https:\/\/www.medellin.gov.co\/es\/wp-json\/wp\/v2\/posts\/276071"}],"collection":[{"href":"https:\/\/www.medellin.gov.co\/es\/wp-json\/wp\/v2\/posts"}],"about":[{"href":"https:\/\/www.medellin.gov.co\/es\/wp-json\/wp\/v2\/types\/post"}],"author":[{"embeddable":true,"href":"https:\/\/www.medellin.gov.co\/es\/wp-json\/wp\/v2\/users\/21"}],"replies":[{"embeddable":true,"href":"https:\/\/www.medellin.gov.co\/es\/wp-json\/wp\/v2\/comments?post=276071"}],"version-history":[{"count":1,"href":"https:\/\/www.medellin.gov.co\/es\/wp-json\/wp\/v2\/posts\/276071\/revisions"}],"predecessor-version":[{"id":276090,"href":"https:\/\/www.medellin.gov.co\/es\/wp-json\/wp\/v2\/posts\/276071\/revisions\/276090"}],"wp:featuredmedia":[{"embeddable":true,"href":"https:\/\/www.medellin.gov.co\/es\/wp-json\/wp\/v2\/media\/276085"}],"wp:attachment":[{"href":"https:\/\/www.medellin.gov.co\/es\/wp-json\/wp\/v2\/media?parent=276071"}],"wp:term":[{"taxonomy":"category","embeddable":true,"href":"https:\/\/www.medellin.gov.co\/es\/wp-json\/wp\/v2\/categories?post=276071"},{"taxonomy":"post_tag","embeddable":true,"href":"https:\/\/www.medellin.gov.co\/es\/wp-json\/wp\/v2\/tags?post=276071"},{"taxonomy":"formato_nota","embeddable":true,"href":"https:\/\/www.medellin.gov.co\/es\/wp-json\/wp\/v2\/formato_nota?post=276071"},{"taxonomy":"programas_tax","embeddable":true,"href":"https:\/\/www.medellin.gov.co\/es\/wp-json\/wp\/v2\/programas_tax?post=276071"}],"curies":[{"name":"wp","href":"https:\/\/api.w.org\/{rel}","templated":true}]}}