{"id":276577,"date":"2023-11-04T15:11:08","date_gmt":"2023-11-04T20:11:08","guid":{"rendered":"https:\/\/www.medellin.gov.co\/es\/?p=276577"},"modified":"2023-11-04T15:11:08","modified_gmt":"2023-11-04T20:11:08","slug":"con-invitados-nacionales-e-internacionales-medellin-fue-anfitriona-del-ix-congreso-en-practicas-y-justicia-restaurativa","status":"publish","type":"post","link":"https:\/\/www.medellin.gov.co\/es\/sala-de-prensa\/noticias\/con-invitados-nacionales-e-internacionales-medellin-fue-anfitriona-del-ix-congreso-en-practicas-y-justicia-restaurativa\/","title":{"rendered":"Con invitados nacionales e internacionales, Medell\u00edn fue anfitriona del IX Congreso en Pr\u00e1cticas y Justicia Restaurativa"},"content":{"rendered":"<ul>\n<li>El evento cont\u00f3 con m\u00e1s de 300 asistentes presenciales y 2.184 conectados de forma virtual. Tuvo seis pa\u00edses invitados a participar en cinco paneles de expertos, adem\u00e1s de conferencias y otras actividades.<\/li>\n<li>Esta fue una nueva oportunidad para posicionar a Medell\u00edn y Casa R en el panorama regional, nacional e internacional en los estudios y pr\u00e1cticas de Justicia Restaurativa.<\/li>\n<li>El congreso fue organizado por el Instituto Colombiano de Bienestar Familiar, el Ministerio de Justicia y del Derecho, Unicef y la Secretar\u00eda de la No-Violencia de Medell\u00edn.<\/li>\n<\/ul>\n<!--[if lt IE 9]><script>document.createElement('audio');<\/script><![endif]-->\n\t<div class=\"wp-playlist wp-audio-playlist wp-playlist-light\">\n\t\t\t<div class=\"wp-playlist-current-item\"><\/div>\n\t\t<audio controls=\"controls\" preload=\"none\" width=\"640\"\n\t\t\t><\/audio>\n\t<div class=\"wp-playlist-next\"><\/div>\n\t<div class=\"wp-playlist-prev\"><\/div>\n\t<noscript>\n\t<ol>\n\t\t<li><a href='https:\/\/www.medellin.gov.co\/es\/wp-content\/uploads\/2023\/11\/Congreso-Practicas-Justicia-Restaurativa-01.mp3'>Palabras de Carolina Saldarriaga, subsecretaria de Justicia Restaurativa<\/a><\/li><li><a href='https:\/\/www.medellin.gov.co\/es\/wp-content\/uploads\/2023\/11\/Congreso-Practicas-Justicia-Restaurativa-02.mp3'>Palabras de N\u00e9stor Osuna, ministro de Justicia y del Derecho de Colombia<\/a><\/li><li><a href='https:\/\/www.medellin.gov.co\/es\/wp-content\/uploads\/2023\/11\/Congreso-Practicas-Justicia-Restaurativa-03.mp3'>Palabras de Astrid C\u00e1ceres C\u00e1rdenas, directora general del Instituto Colombiano de Bienestar Familiar (ICBF)<\/a><\/li><li><a href='https:\/\/www.medellin.gov.co\/es\/wp-content\/uploads\/2023\/11\/Congreso-Practicas-Justicia-Restaurativa-04.mp3'>Palabras de Juan David Pozo Gracia, joven que hizo parte de procesos de Justicia Restaurativa<\/a><\/li>\t<\/ol>\n\t<\/noscript>\n\t<script type=\"application\/json\" class=\"wp-playlist-script\">{\"type\":\"audio\",\"tracklist\":true,\"tracknumbers\":true,\"images\":true,\"artists\":true,\"tracks\":[{\"src\":\"https:\\\/\\\/www.medellin.gov.co\\\/es\\\/wp-content\\\/uploads\\\/2023\\\/11\\\/Congreso-Practicas-Justicia-Restaurativa-01.mp3\",\"type\":\"audio\\\/mpeg\",\"title\":\"Palabras de Carolina Saldarriaga, subsecretaria de Justicia Restaurativa\",\"caption\":\"\",\"description\":\"\\u00abPalabras de Carolina Saldarriaga, subsecretaria de Justicia Restaurativa\\u00bb.\",\"meta\":{\"year\":\"2023\",\"length_formatted\":\"0:55\"},\"image\":{\"src\":\"https:\\\/\\\/www.medellin.gov.co\\\/es\\\/wp-includes\\\/images\\\/media\\\/audio.png\",\"width\":48,\"height\":64},\"thumb\":{\"src\":\"https:\\\/\\\/www.medellin.gov.co\\\/es\\\/wp-includes\\\/images\\\/media\\\/audio.png\",\"width\":48,\"height\":64}},{\"src\":\"https:\\\/\\\/www.medellin.gov.co\\\/es\\\/wp-content\\\/uploads\\\/2023\\\/11\\\/Congreso-Practicas-Justicia-Restaurativa-02.mp3\",\"type\":\"audio\\\/mpeg\",\"title\":\"Palabras de N\\u00e9stor Osuna, ministro de Justicia y del Derecho de Colombia\",\"caption\":\"\",\"description\":\"\\u00abPalabras de N\\u00e9stor Osuna, ministro de Justicia y del Derecho de Colombia\\u00bb.\",\"meta\":{\"year\":\"2023\",\"length_formatted\":\"0:59\"},\"image\":{\"src\":\"https:\\\/\\\/www.medellin.gov.co\\\/es\\\/wp-includes\\\/images\\\/media\\\/audio.png\",\"width\":48,\"height\":64},\"thumb\":{\"src\":\"https:\\\/\\\/www.medellin.gov.co\\\/es\\\/wp-includes\\\/images\\\/media\\\/audio.png\",\"width\":48,\"height\":64}},{\"src\":\"https:\\\/\\\/www.medellin.gov.co\\\/es\\\/wp-content\\\/uploads\\\/2023\\\/11\\\/Congreso-Practicas-Justicia-Restaurativa-03.mp3\",\"type\":\"audio\\\/mpeg\",\"title\":\"Palabras de Astrid C\\u00e1ceres C\\u00e1rdenas, directora general del Instituto Colombiano de Bienestar Familiar (ICBF)\",\"caption\":\"\",\"description\":\"\\u00abPalabras de Astrid C\\u00e1ceres C\\u00e1rdenas, directora general del Instituto Colombiano de Bienestar Familiar (ICBF)\\u00bb.\",\"meta\":{\"year\":\"2023\",\"length_formatted\":\"1:28\"},\"image\":{\"src\":\"https:\\\/\\\/www.medellin.gov.co\\\/es\\\/wp-includes\\\/images\\\/media\\\/audio.png\",\"width\":48,\"height\":64},\"thumb\":{\"src\":\"https:\\\/\\\/www.medellin.gov.co\\\/es\\\/wp-includes\\\/images\\\/media\\\/audio.png\",\"width\":48,\"height\":64}},{\"src\":\"https:\\\/\\\/www.medellin.gov.co\\\/es\\\/wp-content\\\/uploads\\\/2023\\\/11\\\/Congreso-Practicas-Justicia-Restaurativa-04.mp3\",\"type\":\"audio\\\/mpeg\",\"title\":\"Palabras de Juan David Pozo Gracia, joven que hizo parte de procesos de Justicia Restaurativa\",\"caption\":\"\",\"description\":\"\\u00abPalabras de Juan David Pozo Gracia, joven que hizo parte de procesos de Justicia Restaurativa\\u00bb. \",\"meta\":{\"year\":\"2023\",\"length_formatted\":\"1:15\"},\"image\":{\"src\":\"https:\\\/\\\/www.medellin.gov.co\\\/es\\\/wp-includes\\\/images\\\/media\\\/audio.png\",\"width\":48,\"height\":64},\"thumb\":{\"src\":\"https:\\\/\\\/www.medellin.gov.co\\\/es\\\/wp-includes\\\/images\\\/media\\\/audio.png\",\"width\":48,\"height\":64}}]}<\/script>\n<\/div>\n\t\n<p>El Distrito, en su compromiso por aportar a la transformaci\u00f3n del Sistema Penal para Adolescentes, fue sede del IX Congreso en Pr\u00e1cticas y Justicia Restaurativa, los d\u00edas 1, 2 y 3 de noviembre, en el Hotel Dann Carlton Medell\u00edn. Tuvo m\u00e1s de 300 asistentes presenciales y 2.184 conectados virtualmente. Asistieron 13 invitados internacionales y cont\u00f3 con la representaci\u00f3n de m\u00e1s de 10 pa\u00edses, entre ellos, Estados Unidos, Espa\u00f1a y Chile; de continentes como \u00c1frica; y de regiones como Asia Central.<\/p>\n<p>\u201c<em>Desde la Secretar\u00eda de la No-Violencia nos interesa pensar y acompa\u00f1ar a los adolescentes y j\u00f3venes que actualmente tienen conflictos con la ley; por eso, nos abocamos a un acompa\u00f1amiento integral que les posibilite la reparaci\u00f3n del da\u00f1o ocasionado, tanto a v\u00edctimas como a la sociedad. Por ello, desde el programa de acompa\u00f1amiento al Sistema de Responsabilidad para Adolescentes queremos que Medell\u00edn se configure como un Distrito de pr\u00e1cticas y de Justicia Restaurativa. Y el congreso nos permiti\u00f3 posicionar una de las estrategias m\u00e1s importantes, como es Casa R, donde creemos y estamos convencidos de las segundas oportunidades<\/em>\u201d, expres\u00f3 la subsecretaria de Justicia Restaurativa, Carolina Saldarriaga.<\/p>\n<p>En la agenda hubo conversatorios con familias y j\u00f3venes del Sistema de Responsabilidad Penal quienes socializaron sus experiencias y participaron en paneles de expertos con enfoques como Reimaginar la Justicia Juvenil; Mujeres: resistencia y resiliencia para la transformaci\u00f3n y la paz; y Pol\u00edticas de Justicia Juvenil con enfoque terap\u00e9utico en el tratamiento de drogas y sus desaf\u00edos en la articulaci\u00f3n con la justicia juvenil restaurativa.<\/p>\n<p>\u201c<em>Medell\u00edn tiene Casa R, espacio al que le auguramos el mejor futuro; una casa destinada a Justicia Restaurativa, es decir, un modelo de justicia en el que la reparaci\u00f3n del da\u00f1o causado y la restituci\u00f3n del tejido social se asumen como formas de justicia mucho mejores al castigo, a la privaci\u00f3n de la libertad, a la pena dolorosa. Estamos en Medell\u00edn, en un Congreso de Justicia Restaurativa y Pr\u00e1cticas de Justicia Restaurativa. Tenemos varios avances en eso, como Casa R y el trabajo con la Jurisdicci\u00f3n Especial para la Paz (JEP); pero necesitamos m\u00e1s modelos como este<\/em>\u201d, dijo el ministro de Justicia y del Derecho de Colombia, N\u00e9stor Osuna.<\/p>\n<div id=\"attachment_276582\" style=\"width: 1290px\" class=\"wp-caption alignnone\"><a href=\"https:\/\/www.medellin.gov.co\/es\/wp-content\/uploads\/2023\/11\/Congreso-Practicas-Justicia-Restaurativa-2.jpg\" target=\"_blank\" rel=\"noopener\"><img aria-describedby=\"caption-attachment-276582\" loading=\"lazy\" class=\"wp-image-276582 size-full\" title=\"Con invitados nacionales e internacionales, Medell\u00edn fue anfitriona del IX Congreso en Pr\u00e1cticas y Justicia Restaurativa\" src=\"https:\/\/www.medellin.gov.co\/es\/wp-content\/uploads\/2023\/11\/Congreso-Practicas-Justicia-Restaurativa-2.jpg\" alt=\"Con invitados nacionales e internacionales, Medell\u00edn fue anfitriona del IX Congreso en Pr\u00e1cticas y Justicia Restaurativa\" width=\"1280\" height=\"860\" srcset=\"https:\/\/www.medellin.gov.co\/es\/wp-content\/uploads\/2023\/11\/Congreso-Practicas-Justicia-Restaurativa-2.jpg 1280w, https:\/\/www.medellin.gov.co\/es\/wp-content\/uploads\/2023\/11\/Congreso-Practicas-Justicia-Restaurativa-2-300x202.jpg 300w, https:\/\/www.medellin.gov.co\/es\/wp-content\/uploads\/2023\/11\/Congreso-Practicas-Justicia-Restaurativa-2-1024x688.jpg 1024w, https:\/\/www.medellin.gov.co\/es\/wp-content\/uploads\/2023\/11\/Congreso-Practicas-Justicia-Restaurativa-2-150x101.jpg 150w, https:\/\/www.medellin.gov.co\/es\/wp-content\/uploads\/2023\/11\/Congreso-Practicas-Justicia-Restaurativa-2-768x516.jpg 768w\" sizes=\"(max-width: 1280px) 100vw, 1280px\" \/><\/a><p id=\"caption-attachment-276582\" class=\"wp-caption-text\">Con invitados nacionales e internacionales, Medell\u00edn fue anfitriona del IX Congreso en Pr\u00e1cticas y Justicia Restaurativa &#8211; Foto Alcald\u00eda de Medell\u00edn<\/p><\/div>\n<p>El Proyecto de Apoyo al Sistema de Responsabilidad Penal para Adolescentes de la Secretar\u00eda de la No-Violencia y las entidades aliadas apostaron por el desarrollo de este evento, con el \u00e1nimo de propender por una cultura en Colombia que se disponga para la reconciliaci\u00f3n, a recrear nuevas formas para resolver conflictos, para cambiar el sentido del castigo por la reparaci\u00f3n y la comprensi\u00f3n del da\u00f1o causado.<\/p>\n<p>\u201c<em>Con este congreso queremos ver nuevas formas que tienen otros pa\u00edses, ver expertos nacionales e internacionales que nos permitan replantear el Sistema de Responsabilidad Penal Adolescente. Ese es el objetivo central de este evento. Los adolescente que tenemos en el sistema necesitan una oportunidad y un cambio; no necesitan una justicia punitiva, sino una Justicia Restaurativa; no necesitan la privaci\u00f3n de su libertad, sino una sanci\u00f3n con modelos de reparaci\u00f3n del da\u00f1o y acercamiento a su comunidad como una oportunidad de cumplir sus derechos<\/em>\u201d, se\u00f1al\u00f3 la directora general del Instituto Colombiano de Bienestar Familiar (ICBF),\u00a0 Astrid C\u00e1ceres C\u00e1rdenas.<\/p>\n<div id=\"attachment_276586\" style=\"width: 1290px\" class=\"wp-caption alignnone\"><a href=\"https:\/\/www.medellin.gov.co\/es\/wp-content\/uploads\/2023\/11\/Congreso-Practicas-Justicia-Restaurativa-3.jpg\" target=\"_blank\" rel=\"noopener\"><img aria-describedby=\"caption-attachment-276586\" loading=\"lazy\" class=\"wp-image-276586 size-full\" title=\"Con invitados nacionales e internacionales, Medell\u00edn fue anfitriona del IX Congreso en Pr\u00e1cticas y Justicia Restaurativa\" src=\"https:\/\/www.medellin.gov.co\/es\/wp-content\/uploads\/2023\/11\/Congreso-Practicas-Justicia-Restaurativa-3.jpg\" alt=\"Con invitados nacionales e internacionales, Medell\u00edn fue anfitriona del IX Congreso en Pr\u00e1cticas y Justicia Restaurativa\" width=\"1280\" height=\"855\" srcset=\"https:\/\/www.medellin.gov.co\/es\/wp-content\/uploads\/2023\/11\/Congreso-Practicas-Justicia-Restaurativa-3.jpg 1280w, https:\/\/www.medellin.gov.co\/es\/wp-content\/uploads\/2023\/11\/Congreso-Practicas-Justicia-Restaurativa-3-300x200.jpg 300w, https:\/\/www.medellin.gov.co\/es\/wp-content\/uploads\/2023\/11\/Congreso-Practicas-Justicia-Restaurativa-3-1024x684.jpg 1024w, https:\/\/www.medellin.gov.co\/es\/wp-content\/uploads\/2023\/11\/Congreso-Practicas-Justicia-Restaurativa-3-150x100.jpg 150w, https:\/\/www.medellin.gov.co\/es\/wp-content\/uploads\/2023\/11\/Congreso-Practicas-Justicia-Restaurativa-3-768x513.jpg 768w\" sizes=\"(max-width: 1280px) 100vw, 1280px\" \/><\/a><p id=\"caption-attachment-276586\" class=\"wp-caption-text\">Con invitados nacionales e internacionales, Medell\u00edn fue anfitriona del IX Congreso en Pr\u00e1cticas y Justicia Restaurativa &#8211; Foto Alcald\u00eda de Medell\u00edn<\/p><\/div>\n<p>El objetivo fue generar di\u00e1logos interdisciplinarios y de saberes en el marco de las pr\u00e1cticas y la justicia juvenil restaurativa, los cuales permitieron dar a conocer casos reales de j\u00f3venes que resolvieron sus conflictos de ley; identificar la necesidad de crear conciencia ciudadana sobre el cambio del sistema penal; y debatir los beneficios del fomento a la construcci\u00f3n de paz y reconciliaci\u00f3n por medio de estrategias de nivel nacional e internacional, que promuevan la responsabilizaci\u00f3n, el reconocimiento a las v\u00edctimas, la reparaci\u00f3n y las segundas oportunidades para personas que cometieron infracciones de ley y que hoy desean transformar sus vidas.<\/p>\n<p>\u201c<em>Me parece genial lo que pudo hacer en m\u00ed la Justicia Restaurativa, porque me ayud\u00f3 a retomar comportamientos y dejar atr\u00e1s otros que me vincularon a este proceso. Me parece que esto se debe seguir repitiendo y ojal\u00e1 muchos j\u00f3venes, que est\u00e1n en problemas, pudieran conocer el programa de Justicia Restaurativa, porque me ayud\u00f3 a retomar con la sociedad; a pesar de que comet\u00ed un error, me ayud\u00f3 a trascender del problema y a que me dieran otra oportunidad para vincularme con la sociedad de manera asertiva<\/em>\u201d, manifest\u00f3 Juan David Pozo Gracia, joven que hizo parte de procesos de Justicia Restaurativa.<\/p>\n<p>El Distrito continuar\u00e1 impulsando acciones para crear una cultura de segundas oportunidades y comprender el da\u00f1o; pensar en las v\u00edctimas; y abrir alternativas para que las personas aprendan a solucionar conflictos desde el di\u00e1logo como punto de partida; y as\u00ed, disponer de escenarios de transformaci\u00f3n social para la construcci\u00f3n de paz y de esfuerzo articulado de instituciones de nivel regional, nacional e internacional, como el que recibi\u00f3 Medell\u00edn para el desarrollo del congreso.<\/p>\n","protected":false},"excerpt":{"rendered":"<p>El evento cont\u00f3 con m\u00e1s de 300 asistentes presenciales y 2.184 conectados de forma virtual. Tuvo seis pa\u00edses invitados a participar en cinco paneles de expertos, adem\u00e1s de conferencias y otras actividades. Esta fue una &#8230;<\/p>\n","protected":false},"author":21,"featured_media":276579,"comment_status":"open","ping_status":"open","sticky":false,"template":"","format":"standard","meta":[],"categories":[20],"tags":[428],"formato_nota":[],"programas_tax":[],"acf":[],"_links":{"self":[{"href":"https:\/\/www.medellin.gov.co\/es\/wp-json\/wp\/v2\/posts\/276577"}],"collection":[{"href":"https:\/\/www.medellin.gov.co\/es\/wp-json\/wp\/v2\/posts"}],"about":[{"href":"https:\/\/www.medellin.gov.co\/es\/wp-json\/wp\/v2\/types\/post"}],"author":[{"embeddable":true,"href":"https:\/\/www.medellin.gov.co\/es\/wp-json\/wp\/v2\/users\/21"}],"replies":[{"embeddable":true,"href":"https:\/\/www.medellin.gov.co\/es\/wp-json\/wp\/v2\/comments?post=276577"}],"version-history":[{"count":1,"href":"https:\/\/www.medellin.gov.co\/es\/wp-json\/wp\/v2\/posts\/276577\/revisions"}],"predecessor-version":[{"id":276592,"href":"https:\/\/www.medellin.gov.co\/es\/wp-json\/wp\/v2\/posts\/276577\/revisions\/276592"}],"wp:featuredmedia":[{"embeddable":true,"href":"https:\/\/www.medellin.gov.co\/es\/wp-json\/wp\/v2\/media\/276579"}],"wp:attachment":[{"href":"https:\/\/www.medellin.gov.co\/es\/wp-json\/wp\/v2\/media?parent=276577"}],"wp:term":[{"taxonomy":"category","embeddable":true,"href":"https:\/\/www.medellin.gov.co\/es\/wp-json\/wp\/v2\/categories?post=276577"},{"taxonomy":"post_tag","embeddable":true,"href":"https:\/\/www.medellin.gov.co\/es\/wp-json\/wp\/v2\/tags?post=276577"},{"taxonomy":"formato_nota","embeddable":true,"href":"https:\/\/www.medellin.gov.co\/es\/wp-json\/wp\/v2\/formato_nota?post=276577"},{"taxonomy":"programas_tax","embeddable":true,"href":"https:\/\/www.medellin.gov.co\/es\/wp-json\/wp\/v2\/programas_tax?post=276577"}],"curies":[{"name":"wp","href":"https:\/\/api.w.org\/{rel}","templated":true}]}}