{"id":277938,"date":"2023-11-09T14:38:09","date_gmt":"2023-11-09T19:38:09","guid":{"rendered":"https:\/\/www.medellin.gov.co\/es\/?p=277938"},"modified":"2023-11-09T14:38:09","modified_gmt":"2023-11-09T19:38:09","slug":"jovenes-de-medellin-son-lideres-de-procesos-educativos-para-disminuir-las-brechas-de-genero","status":"publish","type":"post","link":"https:\/\/www.medellin.gov.co\/es\/sala-de-prensa\/noticias\/jovenes-de-medellin-son-lideres-de-procesos-educativos-para-disminuir-las-brechas-de-genero\/","title":{"rendered":"J\u00f3venes de Medell\u00edn son l\u00edderes de procesos educativos para disminuir las brechas de g\u00e9nero"},"content":{"rendered":"<ul>\n<li>La ciudad cuenta con ocho experiencias coeducativas lideradas por j\u00f3venes de las comunas 1-Popular, 3-Manrique, 6-Doce de Octubre, 10-La Candelaria y 80 (corregimiento San Antonio de Prado).<\/li>\n<li>22 instituciones educativas han recibido formaci\u00f3n en educaci\u00f3n no sexista.<\/li>\n<li>Estas iniciativas promueven entornos seguros para las ni\u00f1as y las mujeres en los planteles educativos del Distrito.<\/li>\n<\/ul>\n<!--[if lt IE 9]><script>document.createElement('audio');<\/script><![endif]-->\n\t<div class=\"wp-playlist wp-audio-playlist wp-playlist-light\">\n\t\t\t<div class=\"wp-playlist-current-item\"><\/div>\n\t\t<audio controls=\"controls\" preload=\"none\" width=\"640\"\n\t\t\t><\/audio>\n\t<div class=\"wp-playlist-next\"><\/div>\n\t<div class=\"wp-playlist-prev\"><\/div>\n\t<noscript>\n\t<ol>\n\t\t<li><a href='https:\/\/www.medellin.gov.co\/es\/wp-content\/uploads\/2023\/11\/experiencias-coeducativas.mp3'>Palabras de Yulieth Villegas, subsecretaria de Derechos de la Secretar\u00eda de las Mujeres..<\/a><\/li>\t<\/ol>\n\t<\/noscript>\n\t<script type=\"application\/json\" class=\"wp-playlist-script\">{\"type\":\"audio\",\"tracklist\":true,\"tracknumbers\":true,\"images\":true,\"artists\":true,\"tracks\":[{\"src\":\"https:\\\/\\\/www.medellin.gov.co\\\/es\\\/wp-content\\\/uploads\\\/2023\\\/11\\\/experiencias-coeducativas.mp3\",\"type\":\"audio\\\/mpeg\",\"title\":\"Palabras de Yulieth Villegas, subsecretaria de Derechos de la Secretar\\u00eda de las Mujeres..\",\"caption\":\"\",\"description\":\"Palabras de Yulieth Villegas, subsecretaria de Derechos de la Secretar\\u00eda de las Mujeres..\",\"meta\":{\"length_formatted\":\"0:58\"},\"image\":{\"src\":\"https:\\\/\\\/www.medellin.gov.co\\\/es\\\/wp-includes\\\/images\\\/media\\\/audio.png\",\"width\":48,\"height\":64},\"thumb\":{\"src\":\"https:\\\/\\\/www.medellin.gov.co\\\/es\\\/wp-includes\\\/images\\\/media\\\/audio.png\",\"width\":48,\"height\":64}}]}<\/script>\n<\/div>\n\t\n<p><span style=\"font-weight: 400;\">Con ocho experiencias coeducativas, los j\u00f3venes de Medell\u00edn lideran la promoci\u00f3n de una educaci\u00f3n no sexista en las instituciones educativas de la ciudad, las cuales son dinamizadas por docentes, alumnos y organizaciones, como parte de sus procesos acad\u00e9micos y con el acompa\u00f1amiento de la Administraci\u00f3n Distrital.<\/span><\/p>\n<p><span style=\"font-weight: 400;\">Estos procesos han permitido que, aproximadamente, 211 personas de la comunidad educativa (directivos, docentes, estudiantes, consejos de padres y madres, y agentes educativos) de 22 planteles de las comunas 1-Popular, 2-Santa Cruz, 3-Manrique, 4-Aranjuez, 5-Castilla, 6-Doce de Octubre, 7-Robledo, 8-Villa Hermosa, 9-Buenos Aires, 12-La Am\u00e9rica, 15-Guayabal, 16-Bel\u00e9n, 50-(corregimiento San Sebasti\u00e1n de Palmitas) y 80-(corregimiento San Antonio de Prado) se sensibilicen en la disminuci\u00f3n de las brechas de g\u00e9nero y\u00a0 promuevan iniciativas para la igualdad planteadas por la misma comunidad educativa.\u00a0<\/span><\/p>\n<p><i><span style=\"font-weight: 400;\">\u201cPara la Secretar\u00eda de las Mujeres ha sido fundamental la construcci\u00f3n de herramientas que faciliten el ejercicio de docentes, directivos docentes y de toda la comunidad educativa, de modo que puedan incorporar, en los contenidos cotidianos, los derechos de las mujeres, pero tambi\u00e9n pr\u00e1cticas incluyentes que disminuyan la discriminaci\u00f3n. Tenemos dispuesto en nuestro sitio web, en nuestra escuela virtual, material al que pueden acceder de manera libre para cualificar sus conocimientos; as\u00ed mismo, venimos asesorando a instituciones educativas para que en sus pr\u00e1cticas puedan incorporar estrategias que podamos reconocer como experiencias significativas en coeducaci\u00f3n, en diferentes instituciones de nuestro Distrito. De esta manera, reafirmamos que en Medell\u00edn es el tiempo de las mujeres\u201d,<\/span><\/i><span style=\"font-weight: 400;\"> se\u00f1al\u00f3 la subsecretaria de Derechos de la Secretar\u00eda de las Mujeres, Yulieth Villegas.\u00a0<\/span><\/p>\n<p><span style=\"font-weight: 400;\">Estas iniciativas son: el proyecto radial pedag\u00f3gico \u201cMujeres Independientes\u201d, de la Instituci\u00f3n Educativa la Independencia; la estrategia de lenguajes expresivos no sexistas \u00abAMARTE\u00bb, de la Instituci\u00f3n Educativa Pradito; la experiencia significativa entorno a la percepci\u00f3n de la sexualidad \u201cC\u00f3mo me quiero\u201d y \u201csexibil\u00edzate\u201d, de la Instituci\u00f3n Educativa San Juan Bautista de la Salle; \u201cLas voces y ecos de las mujeres\u201d, del Colegio Combos Comunidades Educativas de Base; el proceso \u00abNo violencia hacia las mujeres\u00bb, del Centro Educativo Aut\u00f3nomo;<\/span> <span style=\"font-weight: 400;\">el<\/span> <span style=\"font-weight: 400;\">Proyecto Educativo Institucional con perspectiva de g\u00e9nero \u201cPor una vida libre de violencias\u00bb, de la Instituci\u00f3n Educativa Santa Rita; el proyecto \u201cBienestar hol\u00edstico para una vida no sexista\u201d, del Centro de Bienestar Hol\u00edstico Bon Vivant; y \u201cEscuela Violeta para la construcci\u00f3n de paz y equidad desde la ni\u00f1ez\u201d, de la Corporaci\u00f3n para la Vida Mujeres\u00a0que\u00a0Crean.<\/span><\/p>\n<div id=\"attachment_277943\" style=\"width: 1210px\" class=\"wp-caption alignnone\"><img aria-describedby=\"caption-attachment-277943\" loading=\"lazy\" class=\"wp-image-277943 size-full\" title=\"Experiencias coeducativas\" src=\"https:\/\/www.medellin.gov.co\/es\/wp-content\/uploads\/2023\/11\/experiencias-coeducativas-2.jpg\" alt=\"Experiencias coeducativas\" width=\"1200\" height=\"800\" srcset=\"https:\/\/www.medellin.gov.co\/es\/wp-content\/uploads\/2023\/11\/experiencias-coeducativas-2.jpg 1200w, https:\/\/www.medellin.gov.co\/es\/wp-content\/uploads\/2023\/11\/experiencias-coeducativas-2-300x200.jpg 300w, https:\/\/www.medellin.gov.co\/es\/wp-content\/uploads\/2023\/11\/experiencias-coeducativas-2-1024x683.jpg 1024w, https:\/\/www.medellin.gov.co\/es\/wp-content\/uploads\/2023\/11\/experiencias-coeducativas-2-150x100.jpg 150w, https:\/\/www.medellin.gov.co\/es\/wp-content\/uploads\/2023\/11\/experiencias-coeducativas-2-768x512.jpg 768w\" sizes=\"(max-width: 1200px) 100vw, 1200px\" \/><p id=\"caption-attachment-277943\" class=\"wp-caption-text\">Experiencias coeducativas &#8211; Foto: Alcald\u00eda de Medell\u00edn<\/p><\/div>\n<p><span style=\"font-weight: 400;\">La implementaci\u00f3n de esta estrategia da cumplimiento al Plan de Desarrollo <\/span><i><span style=\"font-weight: 400;\">Medell\u00edn Futuro,<\/span><\/i><span style=\"font-weight: 400;\"> en la l\u00ednea estrat\u00e9gica 3 \u201cMedell\u00edn Me Cuida\u201d, con el programa \u201cCondiciones de vida dignas y equitativas para las mujeres\u201d, a trav\u00e9s del proyecto \u201cImplementaci\u00f3n de estrategias para la incorporaci\u00f3n del enfoque de g\u00e9nero en el sistema educativo\u201d, contemplado en el Acuerdo 036 de 2011 \u201cTransversalizaci\u00f3n del enfoque de g\u00e9nero en los Proyectos Educativos Institucionales\u201d y el Acuerdo 102 de 2018 \u201cPol\u00edtica p\u00fablica de igualdad de g\u00e9nero para las mujeres urbanas y rurales de Medell\u00edn en la Dimensi\u00f3n de Educaci\u00f3n\u201d.<\/span><\/p>\n<p><i><span style=\"font-weight: 400;\">\u201cEstamos visibilizando todos los derechos, tanto para que sea una estrategia en primaria como en secundaria. Tenemos unas mesas instauradas en las que se valoran las diversidades y en las que se est\u00e1 trabajando tanto en el manual de convivencia como en el PEI (Proyecto Educativo Institucional). A futuro, queremos que estos lenguajes transverzalicen todas las mallas curriculares y se formen m\u00e1s mujeres matem\u00e1ticas, m\u00e1s mujeres literatas, m\u00e1s mujeres cient\u00edficas; m\u00e1s mujeres que han tenido voz y que han cambiado el mundo. Desde ah\u00ed podemos tener una esperanza para que lo femenino dance en la cultura y la historia\u201d,<\/span><\/i><span style=\"font-weight: 400;\"> dijo Adriana Patricia L\u00f3pez, docente de la Instituci\u00f3n Educativa Pradito.<\/span><\/p>\n<p><span style=\"font-weight: 400;\">Estos procesos, que buscan deconstruir patrones patriarcales y proponer visiones desde la otredad, y que garanticen las vidas libres de violencias para las mujeres, han puesto ante las comunidades educativas acciones que dimensionan la corresponsabilidad de directivos, docentes y estudiantes para materializar entornos educativos seguros que garanticen el goce de los derechos de las mujeres. <\/span><\/p>\n","protected":false},"excerpt":{"rendered":"<p>La ciudad cuenta con ocho experiencias coeducativas lideradas por j\u00f3venes de las comunas 1-Popular, 3-Manrique, 6-Doce de Octubre, 10-La Candelaria y 80 (corregimiento San Antonio de Prado). 22 instituciones educativas han recibido formaci\u00f3n en educaci\u00f3n &#8230;<\/p>\n","protected":false},"author":4,"featured_media":277940,"comment_status":"open","ping_status":"open","sticky":false,"template":"","format":"standard","meta":[],"categories":[15],"tags":[431,435],"formato_nota":[],"programas_tax":[],"acf":[],"_links":{"self":[{"href":"https:\/\/www.medellin.gov.co\/es\/wp-json\/wp\/v2\/posts\/277938"}],"collection":[{"href":"https:\/\/www.medellin.gov.co\/es\/wp-json\/wp\/v2\/posts"}],"about":[{"href":"https:\/\/www.medellin.gov.co\/es\/wp-json\/wp\/v2\/types\/post"}],"author":[{"embeddable":true,"href":"https:\/\/www.medellin.gov.co\/es\/wp-json\/wp\/v2\/users\/4"}],"replies":[{"embeddable":true,"href":"https:\/\/www.medellin.gov.co\/es\/wp-json\/wp\/v2\/comments?post=277938"}],"version-history":[{"count":1,"href":"https:\/\/www.medellin.gov.co\/es\/wp-json\/wp\/v2\/posts\/277938\/revisions"}],"predecessor-version":[{"id":277946,"href":"https:\/\/www.medellin.gov.co\/es\/wp-json\/wp\/v2\/posts\/277938\/revisions\/277946"}],"wp:featuredmedia":[{"embeddable":true,"href":"https:\/\/www.medellin.gov.co\/es\/wp-json\/wp\/v2\/media\/277940"}],"wp:attachment":[{"href":"https:\/\/www.medellin.gov.co\/es\/wp-json\/wp\/v2\/media?parent=277938"}],"wp:term":[{"taxonomy":"category","embeddable":true,"href":"https:\/\/www.medellin.gov.co\/es\/wp-json\/wp\/v2\/categories?post=277938"},{"taxonomy":"post_tag","embeddable":true,"href":"https:\/\/www.medellin.gov.co\/es\/wp-json\/wp\/v2\/tags?post=277938"},{"taxonomy":"formato_nota","embeddable":true,"href":"https:\/\/www.medellin.gov.co\/es\/wp-json\/wp\/v2\/formato_nota?post=277938"},{"taxonomy":"programas_tax","embeddable":true,"href":"https:\/\/www.medellin.gov.co\/es\/wp-json\/wp\/v2\/programas_tax?post=277938"}],"curies":[{"name":"wp","href":"https:\/\/api.w.org\/{rel}","templated":true}]}}