{"id":278325,"date":"2023-11-13T11:31:10","date_gmt":"2023-11-13T16:31:10","guid":{"rendered":"https:\/\/www.medellin.gov.co\/es\/?p=278325"},"modified":"2023-11-13T11:35:27","modified_gmt":"2023-11-13T16:35:27","slug":"la-alcaldia-de-medellin-incentiva-la-inclusion-educativa-y-laboral-de-la-poblacion-con-discapacidad-cognitiva-y-mental","status":"publish","type":"post","link":"https:\/\/www.medellin.gov.co\/es\/sala-de-prensa\/noticias\/la-alcaldia-de-medellin-incentiva-la-inclusion-educativa-y-laboral-de-la-poblacion-con-discapacidad-cognitiva-y-mental\/","title":{"rendered":"La Alcald\u00eda de Medell\u00edn incentiva la inclusi\u00f3n educativa y laboral de la poblaci\u00f3n con discapacidad cognitiva y mental"},"content":{"rendered":"<ul>\n<li>El Distrito cuenta con la Instituci\u00f3n Maestro Guillermo V\u00e9lez V\u00e9lez, con programas para la Educaci\u00f3n para el Trabajo y el Desarrollo Humano.<\/li>\n<li>All\u00ed, son atendidos m\u00e1s de 400 estudiantes entre los 14 y 35 a\u00f1os de edad con discapacidad cognitiva y mental.<\/li>\n<li>Se realiz\u00f3 el foro Diversidades Cognitivas y Psicosociales, con la asistencia de m\u00e1s de 150 personas.<\/li>\n<\/ul>\n<!--[if lt IE 9]><script>document.createElement('audio');<\/script><![endif]-->\n\t<div class=\"wp-playlist wp-audio-playlist wp-playlist-light\">\n\t\t\t<div class=\"wp-playlist-current-item\"><\/div>\n\t\t<audio controls=\"controls\" preload=\"none\" width=\"640\"\n\t\t\t><\/audio>\n\t<div class=\"wp-playlist-next\"><\/div>\n\t<div class=\"wp-playlist-prev\"><\/div>\n\t<noscript>\n\t<ol>\n\t\t<li><a href='https:\/\/www.medellin.gov.co\/es\/wp-content\/uploads\/2023\/11\/Audio-Secretario-e-de-Educacio\u0301n-Moise\u0301s-Lo\u0301pez-Jaramillo.mp3'>Mi pel\u00edcula<\/a><\/li><li><a href='https:\/\/www.medellin.gov.co\/es\/wp-content\/uploads\/2023\/11\/Baja-Docente-de-la-Universidad-de-Antioquia-Angelica-Mari\u0301a-Lo\u0301pez-Vela\u0301zquez.mp3'>Mi pel\u00edcula<\/a><\/li>\t<\/ol>\n\t<\/noscript>\n\t<script type=\"application\/json\" class=\"wp-playlist-script\">{\"type\":\"audio\",\"tracklist\":true,\"tracknumbers\":true,\"images\":true,\"artists\":true,\"tracks\":[{\"src\":\"https:\\\/\\\/www.medellin.gov.co\\\/es\\\/wp-content\\\/uploads\\\/2023\\\/11\\\/Audio-Secretario-e-de-Educacio\\u0301n-Moise\\u0301s-Lo\\u0301pez-Jaramillo.mp3\",\"type\":\"audio\\\/mpeg\",\"title\":\"Mi pel\\u00edcula\",\"caption\":\"Palabras de Ang\\u00e9lica Mari\\u0301a Lo\\u0301pez Vela\\u0301squez, docente de la Universidad de Antioquia\",\"description\":\"\\u00abInclusi\\u00f3n educativa y laboral de la poblaci\\u00f3n con discapacidad\\u00bb.\",\"meta\":{\"length_formatted\":\"0:37\"},\"image\":{\"src\":\"https:\\\/\\\/www.medellin.gov.co\\\/es\\\/wp-includes\\\/images\\\/media\\\/audio.png\",\"width\":48,\"height\":64},\"thumb\":{\"src\":\"https:\\\/\\\/www.medellin.gov.co\\\/es\\\/wp-includes\\\/images\\\/media\\\/audio.png\",\"width\":48,\"height\":64}},{\"src\":\"https:\\\/\\\/www.medellin.gov.co\\\/es\\\/wp-content\\\/uploads\\\/2023\\\/11\\\/Baja-Docente-de-la-Universidad-de-Antioquia-Angelica-Mari\\u0301a-Lo\\u0301pez-Vela\\u0301zquez.mp3\",\"type\":\"audio\\\/mpeg\",\"title\":\"Mi pel\\u00edcula\",\"caption\":\"Palabras del secretario (e) de Educaci\\u00f3n, Mois\\u00e9s L\\u00f3pez Jaramillo\",\"description\":\"\\u00abInclusi\\u00f3n educativa y laboral de la poblaci\\u00f3n con discapacidad\\u00bb.\",\"meta\":{\"length_formatted\":\"1:39\"},\"image\":{\"src\":\"https:\\\/\\\/www.medellin.gov.co\\\/es\\\/wp-includes\\\/images\\\/media\\\/audio.png\",\"width\":48,\"height\":64},\"thumb\":{\"src\":\"https:\\\/\\\/www.medellin.gov.co\\\/es\\\/wp-includes\\\/images\\\/media\\\/audio.png\",\"width\":48,\"height\":64}}]}<\/script>\n<\/div>\n\t\n<p>La Administraci\u00f3n Distrital implementa la educaci\u00f3n inclusiva para la poblaci\u00f3n con discapacidad cognitiva y mental y, por eso, a trav\u00e9s de la Instituci\u00f3n Maestro Guillermo V\u00e9lez V\u00e9lez, forma a m\u00e1s de 400 estudiantes entre los 14 y 35 a\u00f1os de edad, en programas de Educaci\u00f3n para el Trabajo y el Desarrollo Humano.<\/p>\n<p>Adicionalmente, la Secretar\u00eda de Educaci\u00f3n fomenta la empleabilidad y el emprendimiento para estos j\u00f3venes y adultos mediante alianzas con empresas y acompa\u00f1amiento para la creaci\u00f3n de sus propios negocios, con el fin de que ellos generen ingresos econ\u00f3micos.<\/p>\n<div id=\"attachment_278338\" style=\"width: 1034px\" class=\"wp-caption alignnone\"><a href=\"https:\/\/www.medellin.gov.co\/es\/wp-content\/uploads\/2023\/11\/insercion_laboral_discapcidad_3.jpg\" target=\"_blank\" rel=\"noopener\"><img aria-describedby=\"caption-attachment-278338\" loading=\"lazy\" class=\"wp-image-278338 size-large\" src=\"https:\/\/www.medellin.gov.co\/es\/wp-content\/uploads\/2023\/11\/insercion_laboral_discapcidad_3-1024x768.jpg\" alt=\"Inclusi\u00f3n educativa y laboral de la poblaci\u00f3n con discapacidadInclusi\u00f3n educativa y laboral de la poblaci\u00f3n con discapacidad\" width=\"1024\" height=\"768\" srcset=\"https:\/\/www.medellin.gov.co\/es\/wp-content\/uploads\/2023\/11\/insercion_laboral_discapcidad_3-1024x768.jpg 1024w, https:\/\/www.medellin.gov.co\/es\/wp-content\/uploads\/2023\/11\/insercion_laboral_discapcidad_3-300x225.jpg 300w, https:\/\/www.medellin.gov.co\/es\/wp-content\/uploads\/2023\/11\/insercion_laboral_discapcidad_3-150x113.jpg 150w, https:\/\/www.medellin.gov.co\/es\/wp-content\/uploads\/2023\/11\/insercion_laboral_discapcidad_3-768x576.jpg 768w, https:\/\/www.medellin.gov.co\/es\/wp-content\/uploads\/2023\/11\/insercion_laboral_discapcidad_3.jpg 1280w\" sizes=\"(max-width: 1024px) 100vw, 1024px\" \/><\/a><p id=\"caption-attachment-278338\" class=\"wp-caption-text\">Inclusi\u00f3n educativa y laboral de la poblaci\u00f3n con discapacidad<\/p><\/div>\n<p><span style=\"font-size: 16px;\">\u201cCreemos, firmemente, que hay que generar espacios de acercamiento entre el sector empresarial y la poblaci\u00f3n diversa, en lo cognitivo y psicosocial, para crear oportunidades para ellos. Es por eso que, esta semana, celebramos el foro Diversidades Cognitivas y Psicosociales, en MOVA, en el que tuvimos al sector empresarial conversando con nuestros ni\u00f1os, ni\u00f1as, adolescentes, j\u00f3venes y sus familias, que hacen parte de la operaci\u00f3n de Maestro Guillermo V\u00e9lez V\u00e9lez, y generando oportunidades de sinergia, que permitan que los sue\u00f1os de estos ciudadanos se hagan realidad\u201d, asegur\u00f3 el secretario (e) de Educaci\u00f3n, Mois\u00e9s L\u00f3pez Jaramillo.<\/span><\/p>\n<p>Las directivas y estudiantes de la Instituci\u00f3n Maestro Guillermo V\u00e9lez V\u00e9lez realizaron, en el Centro de Innovaci\u00f3n del Maestro, el foro Diversidades Cognitivas y Psicosociales \u201cMiradas desde la empresa y el emprendimiento\u201d, al cual asistieron m\u00e1s de 150 personas, entre empresarios, acad\u00e9micos y padres de familia. Adem\u00e1s, se cont\u00f3 con una feria de emprendimiento con proyectos de algunos alumnos.<\/p>\n<div id=\"attachment_278339\" style=\"width: 1034px\" class=\"wp-caption alignnone\"><a href=\"https:\/\/www.medellin.gov.co\/es\/wp-content\/uploads\/2023\/11\/insercion_laboral_discapcidad_2.jpg\" target=\"_blank\" rel=\"noopener\"><img aria-describedby=\"caption-attachment-278339\" loading=\"lazy\" class=\"wp-image-278339 size-large\" src=\"https:\/\/www.medellin.gov.co\/es\/wp-content\/uploads\/2023\/11\/insercion_laboral_discapcidad_2-1024x768.jpg\" alt=\"Inclusi\u00f3n educativa y laboral de la poblaci\u00f3n con discapacidad\" width=\"1024\" height=\"768\" srcset=\"https:\/\/www.medellin.gov.co\/es\/wp-content\/uploads\/2023\/11\/insercion_laboral_discapcidad_2-1024x768.jpg 1024w, https:\/\/www.medellin.gov.co\/es\/wp-content\/uploads\/2023\/11\/insercion_laboral_discapcidad_2-300x225.jpg 300w, https:\/\/www.medellin.gov.co\/es\/wp-content\/uploads\/2023\/11\/insercion_laboral_discapcidad_2-150x113.jpg 150w, https:\/\/www.medellin.gov.co\/es\/wp-content\/uploads\/2023\/11\/insercion_laboral_discapcidad_2-768x576.jpg 768w, https:\/\/www.medellin.gov.co\/es\/wp-content\/uploads\/2023\/11\/insercion_laboral_discapcidad_2.jpg 1280w\" sizes=\"(max-width: 1024px) 100vw, 1024px\" \/><\/a><p id=\"caption-attachment-278339\" class=\"wp-caption-text\">Inclusi\u00f3n educativa y laboral de la poblaci\u00f3n con discapacidad<\/p><\/div>\n<p>\u201cEl llamado es a que haya una participaci\u00f3n cada vez mayor de profesores, directivos universitarios, empleadores, jefes, directivos, pero muy especialmente de profesionales de la gesti\u00f3n humana, porque hay toda una posibilidad de desarrollar el potencial de las personas con discapacidad para la educaci\u00f3n y para el trabajo\u201d, se\u00f1al\u00f3 la docente de la Universidad de Antioquia, Ang\u00e9lica Mari\u0301a Lo\u0301pez Vela\u0301squez.<\/p>\n<p>El objetivo del evento es generar una mayor apertura de las empresas para la contrataci\u00f3n de la poblaci\u00f3n con discapacidad cognitiva y mental, y que los aprendices encuentren posibilidades de poner en pr\u00e1ctica sus conocimientos. Es as\u00ed como la Alcald\u00eda de Medell\u00edn contin\u00faa fortaleciendo la educaci\u00f3n para todos y cumpliendo con la transformaci\u00f3n educativa establecida en el Plan de Desarrollo 2020-2023.<\/p>\n","protected":false},"excerpt":{"rendered":"<p>El Distrito cuenta con la Instituci\u00f3n Maestro Guillermo V\u00e9lez V\u00e9lez, con programas para la Educaci\u00f3n para el Trabajo y el Desarrollo Humano. All\u00ed, son atendidos m\u00e1s de 400 estudiantes entre los 14 y 35 a\u00f1os &#8230;<\/p>\n","protected":false},"author":17,"featured_media":278340,"comment_status":"open","ping_status":"open","sticky":false,"template":"","format":"standard","meta":[],"categories":[4],"tags":[431],"formato_nota":[],"programas_tax":[],"acf":[],"_links":{"self":[{"href":"https:\/\/www.medellin.gov.co\/es\/wp-json\/wp\/v2\/posts\/278325"}],"collection":[{"href":"https:\/\/www.medellin.gov.co\/es\/wp-json\/wp\/v2\/posts"}],"about":[{"href":"https:\/\/www.medellin.gov.co\/es\/wp-json\/wp\/v2\/types\/post"}],"author":[{"embeddable":true,"href":"https:\/\/www.medellin.gov.co\/es\/wp-json\/wp\/v2\/users\/17"}],"replies":[{"embeddable":true,"href":"https:\/\/www.medellin.gov.co\/es\/wp-json\/wp\/v2\/comments?post=278325"}],"version-history":[{"count":3,"href":"https:\/\/www.medellin.gov.co\/es\/wp-json\/wp\/v2\/posts\/278325\/revisions"}],"predecessor-version":[{"id":278346,"href":"https:\/\/www.medellin.gov.co\/es\/wp-json\/wp\/v2\/posts\/278325\/revisions\/278346"}],"wp:featuredmedia":[{"embeddable":true,"href":"https:\/\/www.medellin.gov.co\/es\/wp-json\/wp\/v2\/media\/278340"}],"wp:attachment":[{"href":"https:\/\/www.medellin.gov.co\/es\/wp-json\/wp\/v2\/media?parent=278325"}],"wp:term":[{"taxonomy":"category","embeddable":true,"href":"https:\/\/www.medellin.gov.co\/es\/wp-json\/wp\/v2\/categories?post=278325"},{"taxonomy":"post_tag","embeddable":true,"href":"https:\/\/www.medellin.gov.co\/es\/wp-json\/wp\/v2\/tags?post=278325"},{"taxonomy":"formato_nota","embeddable":true,"href":"https:\/\/www.medellin.gov.co\/es\/wp-json\/wp\/v2\/formato_nota?post=278325"},{"taxonomy":"programas_tax","embeddable":true,"href":"https:\/\/www.medellin.gov.co\/es\/wp-json\/wp\/v2\/programas_tax?post=278325"}],"curies":[{"name":"wp","href":"https:\/\/api.w.org\/{rel}","templated":true}]}}